{"id":42862,"date":"2025-12-26T10:00:24","date_gmt":"2025-12-26T13:00:24","guid":{"rendered":"http:\/\/eenergetica.com.ar\/?p=42862"},"modified":"2025-12-26T10:00:26","modified_gmt":"2025-12-26T13:00:26","slug":"navidad-el-papa-pide-24-horas-de-paz-en-todo-el-mundo","status":"publish","type":"post","link":"https:\/\/eenergetica.com.ar\/index.php\/2025\/12\/26\/navidad-el-papa-pide-24-horas-de-paz-en-todo-el-mundo\/","title":{"rendered":"Navidad: El Papa pide 24 horas de paz en todo el mundo"},"content":{"rendered":"\n<p>El&nbsp;<strong>papa Le\u00f3n XIV<\/strong>&nbsp;afirm\u00f3 hoy que el aparente rechazo de Rusia a una tregua navide\u00f1a en el conflicto con Ucrania causa &#8220;gran tristeza&#8221; y pidi\u00f3 &#8220;un d\u00eda de paz en todo el mundo&#8221;.<\/p>\n\n\n\n<p>&#8220;Una vez m\u00e1s hago este llamamiento a todas las personas de buena voluntad para que, al menos en la festividad del nacimiento del Salvador, se respete el d\u00eda de la paz&#8221;, dijo el Papa en la noche del 23 de diciembre en Castel Gandolfo, justo antes de Navidad.<\/p>\n\n\n\n<p>&#8220;Qui\u00e9n sabe, quiz\u00e1 nos escuchen y haya 24 horas, un d\u00eda de paz en todo el mundo&#8221;, exhort\u00f3 el pont\u00edfice al salir de la residencia papal.<\/p>\n\n\n\n<p>En la puerta de la Villa Barberini, donde pasaba unas horas de descanso, como es su costumbre al comienzo de cada semana, Le\u00f3n XIV insisti\u00f3 en la petici\u00f3n de que, al menos el d\u00eda de Navidad, la humanidad pudiera vivir &#8220;un d\u00eda de paz&#8221;.<\/p>\n\n\n\n<p>Le\u00f3n XIV record\u00f3 tambi\u00e9n la &#8220;bella visita&#8221; que el cardenal&nbsp;<strong>Pierbattista Pizzaballa<\/strong>&nbsp;realiz\u00f3 a Gaza y dijo que hab\u00eda estado en contacto, una hora antes, con el p\u00e1rroco de la Iglesia de la Sagrada Familia, el sacerdote argentino&nbsp;<strong>Gabriel Romanelli&nbsp;<\/strong>IVE.<\/p>\n\n\n\n<p>&#8220;Intentan celebrar una fiesta en medio de una situaci\u00f3n a\u00fan muy precaria. Esperamos que el acuerdo de paz avance&#8221;, afirm\u00f3.<\/p>\n\n\n\n<p><strong>Respetar el car\u00e1cter sagrado de la vida<br><\/strong>En una ocasi\u00f3n en que ca\u00eda con fuerza la lluvia, el Papa tambi\u00e9n fue interrogado sobre la aprobaci\u00f3n en el estado de Illinois, de donde es originario, de una ley que permite el suicidio asistido para adultos con enfermedades terminales, recordando que habl\u00f3 con el gobernador Pritzker en noviembre pasado durante una audiencia en el Vaticano.<\/p>\n\n\n\n<p>Le\u00f3n XIV record\u00f3 la necesidad de respetar el &#8220;car\u00e1cter sagrado de la vida, desde el principio hasta el fin&#8221;.<\/p>\n\n\n\n<p>&#8220;Lamentablemente, por diversas razones, decidi\u00f3 firmar ese proyecto de ley. Estoy muy decepcionado por ello&#8221;, afirm\u00f3 el Papa.<\/p>\n\n\n\n<p>En el contexto de la celebraci\u00f3n navide\u00f1a, Le\u00f3n XIV invit\u00f3 a todos a reflexionar sobre el valor de la vida humana, recordando que &#8220;Dios se hizo hombre&#8221; para &#8220;mostrar lo que significa verdaderamente vivir la vida humana&#8221;.<\/p>\n\n\n\n<p>Le\u00f3n XIV presidir\u00e1 la misa de Nochebuena, este mi\u00e9rcoles 24 de diciembre, en la Bas\u00edlica de San Pedro, por primera vez en este pontificado, a partir de las 22, hora de Roma.+<\/p>\n","protected":false},"excerpt":{"rendered":"<p>El&nbsp;papa Le\u00f3n XIV&nbsp;afirm\u00f3 hoy que el aparente rechazo de Rusia a una tregua navide\u00f1a en el conflicto con Ucrania causa &#8220;gran tristeza&#8221; y pidi\u00f3 &#8220;un d\u00eda de paz en todo&hellip; <\/p>\n","protected":false},"author":2,"featured_media":42863,"comment_status":"closed","ping_status":"closed","sticky":false,"template":"","format":"standard","meta":{"footnotes":""},"categories":[22],"tags":[],"class_list":["post-42862","post","type-post","status-publish","format-standard","has-post-thumbnail","hentry","category-sociedad"],"_links":{"self":[{"href":"https:\/\/eenergetica.com.ar\/index.php\/wp-json\/wp\/v2\/posts\/42862","targetHints":{"allow":["GET"]}}],"collection":[{"href":"https:\/\/eenergetica.com.ar\/index.php\/wp-json\/wp\/v2\/posts"}],"about":[{"href":"https:\/\/eenergetica.com.ar\/index.php\/wp-json\/wp\/v2\/types\/post"}],"author":[{"embeddable":true,"href":"https:\/\/eenergetica.com.ar\/index.php\/wp-json\/wp\/v2\/users\/2"}],"replies":[{"embeddable":true,"href":"https:\/\/eenergetica.com.ar\/index.php\/wp-json\/wp\/v2\/comments?post=42862"}],"version-history":[{"count":1,"href":"https:\/\/eenergetica.com.ar\/index.php\/wp-json\/wp\/v2\/posts\/42862\/revisions"}],"predecessor-version":[{"id":42864,"href":"https:\/\/eenergetica.com.ar\/index.php\/wp-json\/wp\/v2\/posts\/42862\/revisions\/42864"}],"wp:featuredmedia":[{"embeddable":true,"href":"https:\/\/eenergetica.com.ar\/index.php\/wp-json\/wp\/v2\/media\/42863"}],"wp:attachment":[{"href":"https:\/\/eenergetica.com.ar\/index.php\/wp-json\/wp\/v2\/media?parent=42862"}],"wp:term":[{"taxonomy":"category","embeddable":true,"href":"https:\/\/eenergetica.com.ar\/index.php\/wp-json\/wp\/v2\/categories?post=42862"},{"taxonomy":"post_tag","embeddable":true,"href":"https:\/\/eenergetica.com.ar\/index.php\/wp-json\/wp\/v2\/tags?post=42862"}],"curies":[{"name":"wp","href":"https:\/\/api.w.org\/{rel}","templated":true}]}}