{"id":42422,"date":"2025-12-01T08:17:53","date_gmt":"2025-12-01T11:17:53","guid":{"rendered":"http:\/\/eenergetica.com.ar\/?p=42422"},"modified":"2025-12-01T08:17:54","modified_gmt":"2025-12-01T11:17:54","slug":"ante-la-amenaza-de-un-nuevo-recorte-del-10-de-la-planta-estatal-ate-evalua-adelantar-el-paro-nacional","status":"publish","type":"post","link":"https:\/\/eenergetica.com.ar\/index.php\/2025\/12\/01\/ante-la-amenaza-de-un-nuevo-recorte-del-10-de-la-planta-estatal-ate-evalua-adelantar-el-paro-nacional\/","title":{"rendered":"Ante la amenaza de un nuevo recorte del 10% de la planta estatal, ATE eval\u00faa adelantar el Paro Nacional"},"content":{"rendered":"\n<p>Luego de que el Gobierno diera a conocer un nuevo plan de recorte para intentar despedir al 10% de la planta la Administraci\u00f3n P\u00fablica Nacional, la Asociaci\u00f3n Trabajadores del Estado inform\u00f3 que eval\u00faa adelantar la medida de fuerza, definida en primera instancia para el d\u00eda que se trate la reforma laboral en el Congreso nacional.<\/p>\n\n\n\n<p>\u201cSturzenegger es un ser siniestro que viene por nosotros. Pero tiene que saber que los estatales tambi\u00e9n vamos por \u00e9l. El sector p\u00fablico no resiste m\u00e1s ajustes. No vamos a tolerar ning\u00fan despido y exigimos la renovaci\u00f3n autom\u00e1tica de la totalidad de los v\u00ednculos que vencen el 31 de diciembre\u201d, indic\u00f3&nbsp;<strong>Rodolfo Aguiar, Secretario General de ATE Nacional.&nbsp;<\/strong><\/p>\n\n\n\n<p>En este marco, el dirigente agreg\u00f3: \u201cEl Gobierno miente. Nunca se trat\u00f3 de una cuesti\u00f3n presupuestaria. Es ideol\u00f3gico. Mientras que los trabajadores contratados en la administraci\u00f3n p\u00fablica representan menos del 0,5% del presupuesto, la deuda externa se ubica por encima del 25%\u201d.<\/p>\n\n\n\n<p>\u201cA esta altura est\u00e1 m\u00e1s que claro que no quieren destruir el Estado sino que lo que quieren es moldear un Estado distinto, que garantice solo los intereses de los grandes grupos econ\u00f3micos nacionales y transnacionales que act\u00faan en nuestro pa\u00eds. Para garantizar esa tarea, y como si quedara alguna duda, la m\u00e1xima autoridad laboral est\u00e1 en manos del equipo jur\u00eddico de Techint\u201d, concluy\u00f3 el Secretario General de ATE Nacional.<\/p>\n\n\n\n<p>La medida de fuerza hab\u00eda sido definida en el Confederal del sindicato realizado el jueves 27 en San Luis, con la participaci\u00f3n de las 24 provincias y las 191 seccionales de ATE en todo el pa\u00eds. Pero ante el intento del Ejecutivo de llevar a cabo una nueva ola de despidos, el sindicato convocar\u00e1 a sus instancias org\u00e1nicas para adelantar el paro.<\/p>\n\n\n\n<p>La informaci\u00f3n que dio a conocer el Gobierno es de reducir en un 10% la planta de trabajadores, que representar\u00eda aproximadamente 28 mil despidos.<\/p>\n\n\n\n<p>Las cesant\u00edas apuntar\u00edan principalmente a los organismos descentralizados del Estado, entre los cuales aparecen la Oficina Anticorrupci\u00f3n, el Indec, el Conicet, la Coneau, el ARCA, el Archivo General de la Naci\u00f3n, la Anses, la Conadis, el Enargas, el Enre, el Inta, el Inti y el Enacom.<\/p>\n","protected":false},"excerpt":{"rendered":"<p>Luego de que el Gobierno diera a conocer un nuevo plan de recorte para intentar despedir al 10% de la planta la Administraci\u00f3n P\u00fablica Nacional, la Asociaci\u00f3n Trabajadores del Estado&hellip; <\/p>\n","protected":false},"author":2,"featured_media":42423,"comment_status":"closed","ping_status":"closed","sticky":false,"template":"","format":"standard","meta":{"footnotes":""},"categories":[20],"tags":[],"class_list":["post-42422","post","type-post","status-publish","format-standard","has-post-thumbnail","hentry","category-politica"],"_links":{"self":[{"href":"https:\/\/eenergetica.com.ar\/index.php\/wp-json\/wp\/v2\/posts\/42422","targetHints":{"allow":["GET"]}}],"collection":[{"href":"https:\/\/eenergetica.com.ar\/index.php\/wp-json\/wp\/v2\/posts"}],"about":[{"href":"https:\/\/eenergetica.com.ar\/index.php\/wp-json\/wp\/v2\/types\/post"}],"author":[{"embeddable":true,"href":"https:\/\/eenergetica.com.ar\/index.php\/wp-json\/wp\/v2\/users\/2"}],"replies":[{"embeddable":true,"href":"https:\/\/eenergetica.com.ar\/index.php\/wp-json\/wp\/v2\/comments?post=42422"}],"version-history":[{"count":1,"href":"https:\/\/eenergetica.com.ar\/index.php\/wp-json\/wp\/v2\/posts\/42422\/revisions"}],"predecessor-version":[{"id":42424,"href":"https:\/\/eenergetica.com.ar\/index.php\/wp-json\/wp\/v2\/posts\/42422\/revisions\/42424"}],"wp:featuredmedia":[{"embeddable":true,"href":"https:\/\/eenergetica.com.ar\/index.php\/wp-json\/wp\/v2\/media\/42423"}],"wp:attachment":[{"href":"https:\/\/eenergetica.com.ar\/index.php\/wp-json\/wp\/v2\/media?parent=42422"}],"wp:term":[{"taxonomy":"category","embeddable":true,"href":"https:\/\/eenergetica.com.ar\/index.php\/wp-json\/wp\/v2\/categories?post=42422"},{"taxonomy":"post_tag","embeddable":true,"href":"https:\/\/eenergetica.com.ar\/index.php\/wp-json\/wp\/v2\/tags?post=42422"}],"curies":[{"name":"wp","href":"https:\/\/api.w.org\/{rel}","templated":true}]}}