{"id":42416,"date":"2025-11-30T16:20:21","date_gmt":"2025-11-30T19:20:21","guid":{"rendered":"http:\/\/eenergetica.com.ar\/?p=42416"},"modified":"2025-11-30T16:20:22","modified_gmt":"2025-11-30T19:20:22","slug":"agenda-economica-comienza-diciembre-con-la-mira-en-el-dolar-y-los-datos-de-indec","status":"publish","type":"post","link":"https:\/\/eenergetica.com.ar\/index.php\/2025\/11\/30\/agenda-economica-comienza-diciembre-con-la-mira-en-el-dolar-y-los-datos-de-indec\/","title":{"rendered":"Agenda econ\u00f3mica: comienza diciembre con la mira en el d\u00f3lar y los datos de INDEC"},"content":{"rendered":"\n<p>Comienza el \u00faltimo mes del a\u00f1o y el foco queda puesto en la<strong>&nbsp;evoluci\u00f3n del d\u00f3lar<\/strong>, adem\u00e1s de los indicadores que difundir\u00e1 el<strong>&nbsp;Instituto Nacional de Estad\u00edsticas y Censos (INDEC).<\/strong><\/p>\n\n\n\n<p>La primera noticia se conocer\u00e1 ma\u00f1ana, cuando la<strong>&nbsp;Agencia de Recaudaci\u00f3n y Control Aduanero<\/strong>&nbsp;(<a href=\"https:\/\/noticiasargentinas.com\/arca_t6717953b8f1b2c2e6623f33a\">ARCA<\/a>) de a conocer<strong>&nbsp;la recaudaci\u00f3n tributaria nacional de noviembre<\/strong>, que podr\u00eda marcar el cuarto mes de retroceso real consecutivo.<\/p>\n\n\n\n<p>El organismo&nbsp;difundir\u00e1 el dato oficial este lunes 1 de diciembre&nbsp;<a href=\"https:\/\/noticiasargentinas.com\/economia\/recaudacion-tributaria--revelan-el-dato-de-noviembre-que-podria-ser-la-cuarta-caida-seguida_a692c6216e9bb600078fa84bd\">con la atenci\u00f3n puesta en si los ingresos recaudados podr\u00e1n superar la inflaci\u00f3n del periodo o volver\u00e1n a quedar por debajo como sucede desde agosto<\/a>.<\/p>\n\n\n\n<h3 class=\"wp-block-heading\">Progreso del d\u00f3lar: a cu\u00e1nto abrir\u00e1 el oficial ma\u00f1ana<\/h3>\n\n\n\n<p>La cotizaci\u00f3n del&nbsp;<strong>d\u00f3lar oficial<\/strong>&nbsp;finaliz\u00f3 el mes con una suba gradual y contenida, seg\u00fan supo la<a href=\"https:\/\/es.wikipedia.org\/wiki\/Noticias_Argentinas\" target=\"_blank\" rel=\"noreferrer noopener\"><strong>&nbsp;Agencia Noticias Argentinas.<\/strong><\/a>&nbsp;A principios de noviembre inici\u00f3 con un valor de&nbsp;<strong>$1.475<\/strong>&nbsp;y concluy\u00f3 ese mes con el mismo valor.<\/p>\n\n\n\n<p>Si bien obtuvo subas y bajas durante el d\u00e9cimo primer mes del a\u00f1o,&nbsp;<strong>la divisa concluy\u00f3 el noviembre en el mismo nivel que a comienzos.<\/strong><\/p>\n\n\n\n<p>De esta manera, el&nbsp;<strong>tipo de cambio minorista<\/strong>&nbsp;comenzar\u00e1 diciembre a&nbsp;<strong>$1.425 para la compra y $1.475 para la venta.<\/strong><\/p>\n\n\n\n<p>En paralelo, el&nbsp;<strong>d\u00f3lar blue<\/strong>&nbsp;inicia el \u00faltimo mes del a\u00f1o a&nbsp;<strong>$1.435.&nbsp;<\/strong><\/p>\n\n\n\n<p>Por el lado de los financieros, el<strong>&nbsp;MEP<\/strong>&nbsp;abrir\u00e1 a<strong>&nbsp;$1.482,9<\/strong>&nbsp;y el&nbsp;<strong>Contado Con Liquidaci\u00f3n (CCL)<\/strong>&nbsp;har\u00e1 lo mismo en&nbsp;<strong>$1.516,1<\/strong>.<\/p>\n\n\n\n<h3 class=\"wp-block-heading\">El INDEC difunde los primeros datos<\/h3>\n\n\n\n<p>El organismo que dirige&nbsp;<strong>Marco Lavagna<\/strong>&nbsp;tendr\u00e1 un inicio de mes en donde difundir\u00e1 varios indicadores, repartidos enntre mi\u00e9rcoles, jueves y viernes.<\/p>\n\n\n\n<p>Entre los m\u00e1s importantes destacan el&nbsp;<strong>\u00edndice de producci\u00f3n industrial pesquero<\/strong>&nbsp;(IPI pesquero) y el&nbsp;<strong>IPI miner<\/strong>o. Ambos datos corresponden a<strong>&nbsp;octubre.<\/strong><\/p>\n\n\n\n<p><strong>Con respecto a la inflaci\u00f3n, el INDEC dar\u00e1 a conocer el \u00cdndice de Precios al Consumidor (IPC) en la segunda semana de diciembre.<\/strong><\/p>\n\n\n\n<p>Concretamente,&nbsp;<strong>ser\u00e1 el jueves 11 de diciembre<\/strong>&nbsp;cuando se conozca el costo de vida que registr\u00f3 noviembre. Se prev\u00e9 que se mantenga&nbsp;<strong>por encima del 2%<\/strong>.<\/p>\n\n\n\n<h3 class=\"wp-block-heading\">Caputo ratific\u00f3 el tipo de cambio<\/h3>\n\n\n\n<p>Durante esta semana, el&nbsp;<strong>Ministro de Econom\u00eda<\/strong>&nbsp;defendi\u00f3 el actual tipo de cambio en respuesta a quienes sostienen que est\u00e1 atrasado.<\/p>\n\n\n\n<p><strong>\u201cPrimer caso en el mundo de un programa econ\u00f3mico que aumenta las cantidades exportadas a niveles r\u00e9cord, con tipo de cambio \u2018atrasado\u2019\u201d<\/strong>, poste\u00f3 el jefe del Palacio de Hacienda sobre un gr\u00e1fico que muestra el incremento de las ventas al exterior.<\/p>\n\n\n\n<p>El posteo de Caputo, mediante la red<strong>&nbsp;X<\/strong>, se da en consencuencia de quienes dicen que el d\u00f3lar \u201cest\u00e1 atrasado&#8221;,<strong>&nbsp;frente a los economistas y referentes del sector privado que consideran el estado del tipo de cambio.<\/strong>uhYT4g<\/p>\n\n\n\n<p>Por otro lado,&nbsp;<a href=\"https:\/\/noticiasargentinas.com\/economia\/caputo-se-reunio-con-empresas-britanicas-y-anticipo-que-2026--sera-un-ano-espectacular-_a69260f84b6ccd7fc1c223f0b\">el funcionario mantuvo una reuni\u00f3n con&nbsp;representantes de firmas brit\u00e1nicas que operan en el pa\u00eds<\/a>, y destac\u00f3 su u optimismo por el 2026 debido a que se est\u00e1 dando&nbsp;<strong>una \u201cconvergencia de factores pol\u00edticos, econ\u00f3micos y sociales muy positivos\u201d<\/strong>.<\/p>\n\n\n\n<p>Con respecto a la primera semana,&nbsp;<strong>Caputo continuar\u00e1 con reuniones enfocadas en la implementaci\u00f3n de las reformas estructurales que el Gobierno busca impulsar, vinculadas al plano fiscal y laboral.<\/strong>&nbsp;<a href=\"https:\/\/noticiasargentinas.com\/-agenciana_t6916e70a4551e78eb9423f59\">#AgenciaNA<\/a>&nbsp;<\/p>\n","protected":false},"excerpt":{"rendered":"<p>Comienza el \u00faltimo mes del a\u00f1o y el foco queda puesto en la&nbsp;evoluci\u00f3n del d\u00f3lar, adem\u00e1s de los indicadores que difundir\u00e1 el&nbsp;Instituto Nacional de Estad\u00edsticas y Censos (INDEC). La primera&hellip; <\/p>\n","protected":false},"author":2,"featured_media":42417,"comment_status":"closed","ping_status":"closed","sticky":false,"template":"","format":"standard","meta":{"footnotes":""},"categories":[28,21],"tags":[],"class_list":["post-42416","post","type-post","status-publish","format-standard","has-post-thumbnail","hentry","category-destacada","category-economia"],"_links":{"self":[{"href":"https:\/\/eenergetica.com.ar\/index.php\/wp-json\/wp\/v2\/posts\/42416","targetHints":{"allow":["GET"]}}],"collection":[{"href":"https:\/\/eenergetica.com.ar\/index.php\/wp-json\/wp\/v2\/posts"}],"about":[{"href":"https:\/\/eenergetica.com.ar\/index.php\/wp-json\/wp\/v2\/types\/post"}],"author":[{"embeddable":true,"href":"https:\/\/eenergetica.com.ar\/index.php\/wp-json\/wp\/v2\/users\/2"}],"replies":[{"embeddable":true,"href":"https:\/\/eenergetica.com.ar\/index.php\/wp-json\/wp\/v2\/comments?post=42416"}],"version-history":[{"count":1,"href":"https:\/\/eenergetica.com.ar\/index.php\/wp-json\/wp\/v2\/posts\/42416\/revisions"}],"predecessor-version":[{"id":42418,"href":"https:\/\/eenergetica.com.ar\/index.php\/wp-json\/wp\/v2\/posts\/42416\/revisions\/42418"}],"wp:featuredmedia":[{"embeddable":true,"href":"https:\/\/eenergetica.com.ar\/index.php\/wp-json\/wp\/v2\/media\/42417"}],"wp:attachment":[{"href":"https:\/\/eenergetica.com.ar\/index.php\/wp-json\/wp\/v2\/media?parent=42416"}],"wp:term":[{"taxonomy":"category","embeddable":true,"href":"https:\/\/eenergetica.com.ar\/index.php\/wp-json\/wp\/v2\/categories?post=42416"},{"taxonomy":"post_tag","embeddable":true,"href":"https:\/\/eenergetica.com.ar\/index.php\/wp-json\/wp\/v2\/tags?post=42416"}],"curies":[{"name":"wp","href":"https:\/\/api.w.org\/{rel}","templated":true}]}}