{"id":42404,"date":"2025-11-30T16:12:20","date_gmt":"2025-11-30T19:12:20","guid":{"rendered":"http:\/\/eenergetica.com.ar\/?p=42404"},"modified":"2025-11-30T16:13:04","modified_gmt":"2025-11-30T19:13:04","slug":"en-medio-de-la-interna-del-gobierno-con-la-afa-destrozaron-una-estatua-de-lionel-messi","status":"publish","type":"post","link":"https:\/\/eenergetica.com.ar\/index.php\/2025\/11\/30\/en-medio-de-la-interna-del-gobierno-con-la-afa-destrozaron-una-estatua-de-lionel-messi\/","title":{"rendered":"En medio de la interna del Gobierno con la AFA, destrozaron una estatua de Lionel Messi"},"content":{"rendered":"\n<p>Una estatua de Lionel Messi amaneci\u00f3 con las piernas arrancadas durante la madrugada del domingo en Mar del Plata y reabri\u00f3 el debate por los reiterados ataques que sufre desde hace m\u00e1s de un a\u00f1o.<\/p>\n\n\n\n<p>El homenaje, ubicado en la esquina de de las calles Moreno y Santa Fe de la ciudad costera e impulsado originalmente por un bar marplatense en 2018 y reconstruido en 2024 tras la consagraci\u00f3n en Qatar, volvi\u00f3 a ser blanco de vandalismo sin que exista relaci\u00f3n alguna con el propio futbolista.<\/p>\n\n\n\n<p><strong>Seg\u00fan pudo corroborar&nbsp;<\/strong><a href=\"https:\/\/es.wikipedia.org\/wiki\/Noticias_Argentinas\" target=\"_blank\" rel=\"noreferrer noopener\"><strong>Agencia Noticias Argentinas<\/strong><\/a>, el antecedente inmediato hab\u00eda sido la decapitaci\u00f3n del busto, un episodio que ahora se repite con otro da\u00f1o severo: esta vez en las piernas y el torso de la estatua del capit\u00e1n argentino.<\/p>\n\n\n\n<p>El hecho surge en medio de la tensi\u00f3n entre la AFA y el Gobierno Nacional, escenario que multiplic\u00f3 murales y expresiones cr\u00edticas vinculadas a fallos arbitrales y al t\u00edtulo otorgado a Rosario Central.uhYT4g<\/p>\n\n\n\n<p>En ese clima, parte de la discusi\u00f3n p\u00fablica deriv\u00f3 hacia cuestionamientos a Claudio Tapia, aunque nada indica que el ataque a la estatua responda a esa disputa. Los responsables del bar evitaron hacer declaraciones, molestos por el da\u00f1o y por el trabajo que implicar\u00e1 restaurar nuevamente la figura.<\/p>\n","protected":false},"excerpt":{"rendered":"<p>Una estatua de Lionel Messi amaneci\u00f3 con las piernas arrancadas durante la madrugada del domingo en Mar del Plata y reabri\u00f3 el debate por los reiterados ataques que sufre desde&hellip; <\/p>\n","protected":false},"author":2,"featured_media":42405,"comment_status":"closed","ping_status":"closed","sticky":false,"template":"","format":"standard","meta":{"footnotes":""},"categories":[28,20],"tags":[],"class_list":["post-42404","post","type-post","status-publish","format-standard","has-post-thumbnail","hentry","category-destacada","category-politica"],"_links":{"self":[{"href":"https:\/\/eenergetica.com.ar\/index.php\/wp-json\/wp\/v2\/posts\/42404","targetHints":{"allow":["GET"]}}],"collection":[{"href":"https:\/\/eenergetica.com.ar\/index.php\/wp-json\/wp\/v2\/posts"}],"about":[{"href":"https:\/\/eenergetica.com.ar\/index.php\/wp-json\/wp\/v2\/types\/post"}],"author":[{"embeddable":true,"href":"https:\/\/eenergetica.com.ar\/index.php\/wp-json\/wp\/v2\/users\/2"}],"replies":[{"embeddable":true,"href":"https:\/\/eenergetica.com.ar\/index.php\/wp-json\/wp\/v2\/comments?post=42404"}],"version-history":[{"count":1,"href":"https:\/\/eenergetica.com.ar\/index.php\/wp-json\/wp\/v2\/posts\/42404\/revisions"}],"predecessor-version":[{"id":42406,"href":"https:\/\/eenergetica.com.ar\/index.php\/wp-json\/wp\/v2\/posts\/42404\/revisions\/42406"}],"wp:featuredmedia":[{"embeddable":true,"href":"https:\/\/eenergetica.com.ar\/index.php\/wp-json\/wp\/v2\/media\/42405"}],"wp:attachment":[{"href":"https:\/\/eenergetica.com.ar\/index.php\/wp-json\/wp\/v2\/media?parent=42404"}],"wp:term":[{"taxonomy":"category","embeddable":true,"href":"https:\/\/eenergetica.com.ar\/index.php\/wp-json\/wp\/v2\/categories?post=42404"},{"taxonomy":"post_tag","embeddable":true,"href":"https:\/\/eenergetica.com.ar\/index.php\/wp-json\/wp\/v2\/tags?post=42404"}],"curies":[{"name":"wp","href":"https:\/\/api.w.org\/{rel}","templated":true}]}}