{"id":42355,"date":"2025-11-27T08:33:42","date_gmt":"2025-11-27T11:33:42","guid":{"rendered":"http:\/\/eenergetica.com.ar\/?p=42355"},"modified":"2025-11-27T08:33:42","modified_gmt":"2025-11-27T11:33:42","slug":"senado-no-sesionara-peronismo-no-logro-quorum-para-tratar-dnu-y-la-auditoria-general","status":"publish","type":"post","link":"https:\/\/eenergetica.com.ar\/index.php\/2025\/11\/27\/senado-no-sesionara-peronismo-no-logro-quorum-para-tratar-dnu-y-la-auditoria-general\/","title":{"rendered":"Senado no sesionar\u00e1: peronismo no logr\u00f3 qu\u00f3rum para tratar DNU y la Auditor\u00eda General"},"content":{"rendered":"\n<p>El peronismo vio frustrado hoy su objetivo de convocar para ma\u00f1ana a la \u00faltima sesi\u00f3n del per\u00edodo ordinario,&nbsp;<strong>debido a que no ten\u00eda garantizado el qu\u00f3rum reglamentario para abrir el debate<\/strong>,&nbsp;<strong>&nbsp;<\/strong>seg\u00fan supo la&nbsp;<a rel=\"noreferrer noopener\" href=\"https:\/\/es.wikipedia.org\/wiki\/Noticias_Argentinas\" target=\"_blank\"><strong>Agencia Noticias Argentinas<\/strong><\/a>.<\/p>\n\n\n\n<p>El objetivo del interbloque peronista era convocar para ma\u00f1ana para sancionar el proyecto que regula los Decretos de Necesidad y Urgencia y la elecci\u00f3n de los miembros de la Auditor\u00eda General.<\/p>\n\n\n\n<p><strong>Fuentes parlamentarias a NA<\/strong>&nbsp;se\u00f1alaron que e<strong>stuvieron cerca de alcanzar el qu\u00f3rum de 37 legisladores para abrir la sesi\u00f3n, pero hubo resistencia del resto de los bloques opositores que no quieren pelearse con el Gobierno Nacional, en medio de las negociaciones por el presupuesto.<\/strong><\/p>\n\n\n\n<p>Los bloques peronistas quer\u00edan asegurarse de tener dos miembros en la Auditor\u00eda por el Senado, lo que ya no suceder\u00e1 dado que ahora un lugar le corresponder\u00e1 a la Libertad Avanza y otro al radicalismo o fuerzas provinciales.<\/p>\n\n\n\n<p>Fuentes parlamentarias se\u00f1alaron a Noticias Argentinas que tampoco hab\u00eda acuerdo en el peronismo sobre los nombres que quer\u00edan proponer, ya que si bien hab\u00eda consenso para proponer la designaci\u00f3n de Javier Fern\u00e1ndez, exist\u00edan diferencias sobre la postulaci\u00f3n de&nbsp;<strong>Carlos Ra\u00fal Guti\u00e9rrez Ortiz<\/strong>, un asesor vinculado al presidente del interbloque, Jos\u00e9 Mayans.<\/p>\n\n\n\n<p>El bloque peronista de Convicci\u00f3n Federal quer\u00eda proponer al ex senador Ricardo Guerra, con lo cual no hay acuerdo dentro del PJ.<\/p>\n\n\n\n<p>La UCR tampoco tiene acuerdo ya que si bien en un principio el candidato de la UCR era Luis Naidenoff, ahora un sector impulsado al chaque\u00f1o Victor Zimerman.KAAIEAXCCbExSxzeGCIVJQ<\/p>\n\n\n\n<p>En cuanto a la regulaci\u00f3n de los DNU, el peronismo quer\u00eda dar sanci\u00f3n definitiva a esa ley que pone l\u00edmites al uso de los Decretos de Necesidad y Urgencia, lo cual era rechazado por el Gobierno Nacional.<\/p>\n\n\n\n<p><a href=\"https:\/\/noticiasargentinas.com\/-agenciana_t6916e70a4551e78eb9423f59\">#AgenciaNA<\/a>&nbsp;<\/p>\n","protected":false},"excerpt":{"rendered":"<p>El peronismo vio frustrado hoy su objetivo de convocar para ma\u00f1ana a la \u00faltima sesi\u00f3n del per\u00edodo ordinario,&nbsp;debido a que no ten\u00eda garantizado el qu\u00f3rum reglamentario para abrir el debate,&nbsp;&nbsp;seg\u00fan&hellip; <\/p>\n","protected":false},"author":2,"featured_media":42356,"comment_status":"closed","ping_status":"closed","sticky":false,"template":"","format":"standard","meta":{"footnotes":""},"categories":[20],"tags":[],"class_list":["post-42355","post","type-post","status-publish","format-standard","has-post-thumbnail","hentry","category-politica"],"_links":{"self":[{"href":"https:\/\/eenergetica.com.ar\/index.php\/wp-json\/wp\/v2\/posts\/42355","targetHints":{"allow":["GET"]}}],"collection":[{"href":"https:\/\/eenergetica.com.ar\/index.php\/wp-json\/wp\/v2\/posts"}],"about":[{"href":"https:\/\/eenergetica.com.ar\/index.php\/wp-json\/wp\/v2\/types\/post"}],"author":[{"embeddable":true,"href":"https:\/\/eenergetica.com.ar\/index.php\/wp-json\/wp\/v2\/users\/2"}],"replies":[{"embeddable":true,"href":"https:\/\/eenergetica.com.ar\/index.php\/wp-json\/wp\/v2\/comments?post=42355"}],"version-history":[{"count":1,"href":"https:\/\/eenergetica.com.ar\/index.php\/wp-json\/wp\/v2\/posts\/42355\/revisions"}],"predecessor-version":[{"id":42357,"href":"https:\/\/eenergetica.com.ar\/index.php\/wp-json\/wp\/v2\/posts\/42355\/revisions\/42357"}],"wp:featuredmedia":[{"embeddable":true,"href":"https:\/\/eenergetica.com.ar\/index.php\/wp-json\/wp\/v2\/media\/42356"}],"wp:attachment":[{"href":"https:\/\/eenergetica.com.ar\/index.php\/wp-json\/wp\/v2\/media?parent=42355"}],"wp:term":[{"taxonomy":"category","embeddable":true,"href":"https:\/\/eenergetica.com.ar\/index.php\/wp-json\/wp\/v2\/categories?post=42355"},{"taxonomy":"post_tag","embeddable":true,"href":"https:\/\/eenergetica.com.ar\/index.php\/wp-json\/wp\/v2\/tags?post=42355"}],"curies":[{"name":"wp","href":"https:\/\/api.w.org\/{rel}","templated":true}]}}