{"id":42346,"date":"2025-11-27T08:27:34","date_gmt":"2025-11-27T11:27:34","guid":{"rendered":"http:\/\/eenergetica.com.ar\/?p=42346"},"modified":"2025-11-27T08:27:35","modified_gmt":"2025-11-27T11:27:35","slug":"se-entregaron-los-galardones-del-premio-merck-conicet-de-innovacion-en-ciencias-de-la-salud-2","status":"publish","type":"post","link":"https:\/\/eenergetica.com.ar\/index.php\/2025\/11\/27\/se-entregaron-los-galardones-del-premio-merck-conicet-de-innovacion-en-ciencias-de-la-salud-2\/","title":{"rendered":"Se entregaron los galardones del \u201cPremio Merck \u2013 CONICET de Innovaci\u00f3n en Ciencias de la Salud\u201d"},"content":{"rendered":"\n<p>El CONICET y Merck Argentina, empresa alemana l\u00edder en ciencia y tecnolog\u00eda, anunciaron el proyecto ganador del \u201cPremio Merck \u2013 CONICET de Innovaci\u00f3n en Ciencias de la Salud\u201d en un acto celebrado en el Auditorio del Centro Cultural de la Ciencia (C3) que estuvo encabezado por el vicepresidente de Asuntos Tecnol\u00f3gicos del Consejo Alberto Baruj, el director general del Grupo Merck en Argentina Marcelo Ponte y el ministro de la Embajada de la Rep\u00fablica Federal de Alemania Peter Neven.<\/p>\n\n\n\n<p><strong>El proyecto ganador fue: \u201cClusterina fucosilada como biomarcador y blanco terap\u00e9utico en tumores cerebrales\u201d, liderado por el investigador del CONICET en el Instituto de Investigaciones Biom\u00e9dicas en Retrovirus y SIDA (INBIRS, CONICET-UBA), Juan Sabatte<\/strong>, quien remarc\u00f3 su agradecimiento al equipo organizador del premio, al jurado y a los dem\u00e1s candidatos, con quienes destac\u00f3 que comparti\u00f3 proyectos de gran calidad e impacto y subray\u00f3 la importancia de iniciativas que reconozcan y estimulen la labor cient\u00edfica, ya que funcionan como un impulso valioso para continuar trabajando y creciendo profesionalmente.<\/p>\n\n\n\n<p>Asimismo, Sabatte resalt\u00f3 el aporte fundamental de su equipo, que particip\u00f3 activamente en el proyecto presentado, y expres\u00f3 un agradecimiento especial a su familia por el apoyo constante y la compa\u00f1\u00eda.<\/p>\n\n\n\n<p><strong>Mientras, la distinci\u00f3n especial 95\u00b0 Aniversario Merck en Argentina fue para: \u201cInmunidad balanceada: el gran desaf\u00edo para el desarrollo de vacunas contra el dengue\u201d, liderado por Investigador del CONICET en el Instituto de Investigaciones Bioqu\u00edmicas de Buenos Aires (IIBBA, CONICET- FIL), Diego Ojeda,<\/strong>&nbsp;quien agradeci\u00f3 el reconocimiento y destac\u00f3 el valor de un jurado integrado por el CONICET y una empresa privada de base tecnol\u00f3gica como Merck. Se\u00f1al\u00f3 que el proyecto es fruto del trabajo de un equipo amplio dedicado principalmente a la ciencia b\u00e1sica, con nuevas l\u00edneas de aplicaci\u00f3n internacional. Tambi\u00e9n agradeci\u00f3 especialmente el apoyo de su familia y resalt\u00f3 el rol clave de la universidad y del CONICET en su formaci\u00f3n y trayectoria cient\u00edfica.<\/p>\n\n\n\n<p>El concurso -que cuenta con el apoyo de la Embajada de la Rep\u00fablica de Alemania en Argentina- tiene como objetivo contribuir a la aceleraci\u00f3n de startups en el campo de la investigaci\u00f3n en ciencias b\u00e1sicas y aplicadas en el \u00e1mbito de la salud, que generen valor a la sociedad. Para esta edici\u00f3n, se presentaron 81 proyectos que cuentan con base cient\u00edfica y\/o tecnol\u00f3gica en el campo de la salud, los cuales generan valor a la comunidad.<\/p>\n\n\n\n<p>En este marco, Baruj se\u00f1al\u00f3: \u201cLa quinta edici\u00f3n del Premio Merck\u2013CONICET de Innovaci\u00f3n en Ciencias de la Salud 2025 vuelve a demostrar la importancia de la articulaci\u00f3n p\u00fablico-privada para impulsar soluciones reales a los desaf\u00edos de la salud\u201d. Asimismo, destac\u00f3 el rol de Merck Argentina como socio estrat\u00e9gico, especialmente en el marco de sus 95 a\u00f1os en el pa\u00eds, as\u00ed como el acompa\u00f1amiento de la Embajada de Alemania, que refuerzan una trayectoria compartida de cooperaci\u00f3n y desarrollo cient\u00edfico-tecnol\u00f3gico.<\/p>\n\n\n\n<p>Tambi\u00e9n, subray\u00f3 el alt\u00edsimo nivel de los proyectos presentados y felicit\u00f3 a todos los participantes, finalistas y ganadores por su dedicaci\u00f3n y compromiso con la innovaci\u00f3n. Del mismo modo, reconoci\u00f3 el trabajo riguroso y profesional del jurado, cuya labor resulta fundamental para garantizar la excelencia del premio y visibilizar iniciativas con verdadero potencial de impacto para la sociedad.<\/p>\n\n\n\n<p>Por su parte, Marcelo Ponte asegur\u00f3: \u201cEs una gran satisfacci\u00f3n encontrarnos hoy para celebrar juntos una nueva edici\u00f3n del premio Merck\u2013CONICET y, especialmente, para anunciar y reconocer a los equipos que se han destacado este a\u00f1o. Este 2025 tiene un valor simb\u00f3lico muy importante para nuestra compa\u00f1\u00eda: cumplimos 95 a\u00f1os de presencia ininterrumpida en Argentina, en un a\u00f1o en el que adem\u00e1s se conmemoran los 200 a\u00f1os de la primera inmigraci\u00f3n alemana a nuestro pa\u00eds\u201d.<\/p>\n\n\n\n<p>Y agreg\u00f3: \u201cLa historia de Merck siempre estuvo ligada a ese esp\u00edritu pionero. Incluso antes de que inici\u00e1ramos formalmente nuestras operaciones en Argentina, ya en 1867 los primeros inmigrantes alemanes acercaban productos Merck al pa\u00eds, marcando el inicio de una relaci\u00f3n que hoy sigue creciendo. Esta trayectoria tantos a\u00f1os de innovaci\u00f3n en la Argentina nos impulsa a seguir apostando por la ciencia, por la tecnolog\u00eda y por quienes dedican su vida a investigar. Este premio reconoce el talento, el esfuerzo y la creatividad de investigadores y cient\u00edficas y cient\u00edficos que trabajan para transformar desaf\u00edos en soluciones reales. Estamos convencidos de que la colaboraci\u00f3n entre el sector p\u00fablico-privado es fundamental para potenciar ese impacto, y este premio es una muestra concreta de ese compromiso compartido. Felicito especialmente a los ganadores y finalistas. Su trabajo es motivo de orgullo y una inspiraci\u00f3n para todos nosotros. Gracias por contribuir a que la ciencia argentina siga avanzando y generando valor para toda la sociedad\u201d, puntualiz\u00f3 Ponte.<\/p>\n\n\n\n<p>Finalmente, Peter Neven expres\u00f3: \u201cCelebro tambi\u00e9n el papel activo de la juventud en este Premio y felicito desde ya a todos aquellos que presentaron sus ideas y proyectos. Estamos convencidos de que la inversi\u00f3n en la formaci\u00f3n de los j\u00f3venes, el fomento de adelantos tecnol\u00f3gicos y el impulso de la ciencia resultan fundamentales\u201d.<\/p>\n\n\n\n<p><strong>Presentaci\u00f3n de las propuestas finalistas y selecci\u00f3n de los proyectos ganadores<\/strong><\/p>\n\n\n\n<p>El total de las postulaciones fueron evaluadas por una Comisi\u00f3n Evaluadora compuesta desde el CONICET por la Dra. Vivian Labovsky investigadora en el Instituto de Biolog\u00eda y Medicina Experimental (IBYME, CONICET-Fundaci\u00f3n IBYME), la Dra. Mar\u00eda Paola Zago investigadora en la Unidad de Conocimiento Traslacional Hospitalaria del Hospital Materno Infantil de Salta y el Dr. Vicente Mut investigador en el Instituto de Autom\u00e1tica (INAUT, CONICET-UNSJ). En representaci\u00f3n de la empresa Merck: la Dra. Constanza Segamarchi, la Dra. Ver\u00f3nica Del Priore y el Dr. Gonzalo Devoto.<\/p>\n\n\n\n<p>En la instancia final, los diez proyectos finalistas presentaron sus propuestas en modalidad Pitch ante el Gran Jurado, conformado por parte del CONICET: el Dr. Tom\u00e1s Santa Coloma investigador (ad-honorem) en el Instituto de Investigaciones Biom\u00e9dicas (BIOMED, CONICET-UCA) y la Dra. Mar\u00eda P\u00eda Taranto, responsable t\u00e9cnica del desarrollo de la tecnolog\u00eda en el CERELA. Y por parte de Merck el Dr. Jorge Correale y la Dra. Natalia Garc\u00eda Basavilbaso.<\/p>\n\n\n\n<p>Durante el acto, las autoridades hicieron entrega de los diplomas a los representantes de los proyectos finalistas. (Ver Recuadro).<\/p>\n\n\n\n<p><strong>Sobre los proyectos ganadores<\/strong><\/p>\n\n\n\n<p><strong>El proyecto ganador: \u201cClusterina fucosilada como biomarcador y blanco terap\u00e9utico en tumores cerebrales\u201d, liderado por Juan Sabatte investigador del CONICET en el INBIRS, CONICET-UBA<\/strong>, explora nuevas formas de detectar y combatir los tumores cerebrales, especialmente los llamados gliomas los cuales son dif\u00edciles de tratar y muchas veces no responden bien a los tratamientos actuales. El equipo de investigaci\u00f3n descubri\u00f3 hace algunos a\u00f1os una variante especial de una prote\u00edna llamada clusterina, que aparece en ciertas situaciones del cuerpo como en el semen, y que tiene una forma particular de az\u00facar (fucosilaci\u00f3n) que le permite \u201cenga\u00f1ar\u201d al sistema inmune. Recientemente, encontraron que los tumores cerebrales tambi\u00e9n producen esta clusterina modificada. Con colegas de Francia desarrollaron anticuerpos muy espec\u00edficos que detectan solo esta forma \u201ctumoral\u201d de la prote\u00edna.<\/p>\n\n\n\n<p>Con este proyecto, el equipo de investigaci\u00f3n pretende comprobar si pueden usar esos anticuerpos para: 1) detectar qu\u00e9 tumores son m\u00e1s agresivos, y 2) impedir que esta prote\u00edna bloquee la respuesta del sistema inmune.&nbsp;<strong>En resumen, buscan una forma m\u00e1s precisa de diagnosticar estos tumores y, al mismo tiempo, una nueva herramienta para tratarlos, ayudando al sistema inmune a reconocer y combatir el c\u00e1ncer.<\/strong><\/p>\n\n\n\n<p><strong>Por su parte, el proyecto ganador de distinci\u00f3n especial 95\u00b0 Aniversario Merck en Argentina: \u201cInmunidad balanceada: el gran desaf\u00edo para el desarrollo de vacunas contra el dengue\u201d, liderado por Diego Ojeda, investigador del CONICET en el IIBBA, CONICET- FIL,<\/strong>&nbsp;aborda el desaf\u00edo de lograr una protecci\u00f3n amplia y duradera de los cuatro serotipos distintos del virus del dengue. Buscando desarrollar nuevas formas de estudiar c\u00f3mo el sistema inmune responde a la enfermedad, ya sea despu\u00e9s de una infecci\u00f3n natural o luego de recibir una vacuna. Para eso, usaron versiones modificadas del virus que no son peligrosas y que contienen un \u201cgen reportero\u201d, una especie de se\u00f1al luminosa que permite detectar si el virus est\u00e1 activo o no. Esta tecnolog\u00eda permite hacer pruebas m\u00e1s r\u00e1pidas, seguras y precisas para medir los anticuerpos que produce el cuerpo. Las cuales ser\u00e1n clave para evaluar vacunas actuales y futuras y para monitorear a personas que ya tuvieron dengue.<\/p>\n\n\n\n<p>Adem\u00e1s, se desarrollar\u00e1n protocolos para que esta tecnolog\u00eda pueda ser usada en hospitales o laboratorios de distintas regiones, especialmente donde el dengue es m\u00e1s com\u00fan.<strong>&nbsp;En resumen, este proyecto busca combinar ciencia y tecnolog\u00eda para mejorar el diagn\u00f3stico, seguimiento y prevenci\u00f3n del dengue, y ayudar a proteger mejor la salud de la poblaci\u00f3n frente a una enfermedad que sigue en aumento.<\/strong><\/p>\n","protected":false},"excerpt":{"rendered":"<p>El CONICET y Merck Argentina, empresa alemana l\u00edder en ciencia y tecnolog\u00eda, anunciaron el proyecto ganador del \u201cPremio Merck \u2013 CONICET de Innovaci\u00f3n en Ciencias de la Salud\u201d en un&hellip; <\/p>\n","protected":false},"author":2,"featured_media":42347,"comment_status":"closed","ping_status":"closed","sticky":false,"template":"","format":"standard","meta":{"footnotes":""},"categories":[22],"tags":[],"class_list":["post-42346","post","type-post","status-publish","format-standard","has-post-thumbnail","hentry","category-sociedad"],"_links":{"self":[{"href":"https:\/\/eenergetica.com.ar\/index.php\/wp-json\/wp\/v2\/posts\/42346","targetHints":{"allow":["GET"]}}],"collection":[{"href":"https:\/\/eenergetica.com.ar\/index.php\/wp-json\/wp\/v2\/posts"}],"about":[{"href":"https:\/\/eenergetica.com.ar\/index.php\/wp-json\/wp\/v2\/types\/post"}],"author":[{"embeddable":true,"href":"https:\/\/eenergetica.com.ar\/index.php\/wp-json\/wp\/v2\/users\/2"}],"replies":[{"embeddable":true,"href":"https:\/\/eenergetica.com.ar\/index.php\/wp-json\/wp\/v2\/comments?post=42346"}],"version-history":[{"count":1,"href":"https:\/\/eenergetica.com.ar\/index.php\/wp-json\/wp\/v2\/posts\/42346\/revisions"}],"predecessor-version":[{"id":42348,"href":"https:\/\/eenergetica.com.ar\/index.php\/wp-json\/wp\/v2\/posts\/42346\/revisions\/42348"}],"wp:featuredmedia":[{"embeddable":true,"href":"https:\/\/eenergetica.com.ar\/index.php\/wp-json\/wp\/v2\/media\/42347"}],"wp:attachment":[{"href":"https:\/\/eenergetica.com.ar\/index.php\/wp-json\/wp\/v2\/media?parent=42346"}],"wp:term":[{"taxonomy":"category","embeddable":true,"href":"https:\/\/eenergetica.com.ar\/index.php\/wp-json\/wp\/v2\/categories?post=42346"},{"taxonomy":"post_tag","embeddable":true,"href":"https:\/\/eenergetica.com.ar\/index.php\/wp-json\/wp\/v2\/tags?post=42346"}],"curies":[{"name":"wp","href":"https:\/\/api.w.org\/{rel}","templated":true}]}}