{"id":42330,"date":"2025-11-26T13:27:39","date_gmt":"2025-11-26T16:27:39","guid":{"rendered":"http:\/\/eenergetica.com.ar\/?p=42330"},"modified":"2025-11-26T13:27:40","modified_gmt":"2025-11-26T16:27:40","slug":"el-gobierno-prepara-un-viaje-a-israel-para-concretar-la-mudanza-de-la-embajada-argentina","status":"publish","type":"post","link":"https:\/\/eenergetica.com.ar\/index.php\/2025\/11\/26\/el-gobierno-prepara-un-viaje-a-israel-para-concretar-la-mudanza-de-la-embajada-argentina\/","title":{"rendered":"El Gobierno prepara un viaje a Israel para concretar la mudanza de la Embajada argentina"},"content":{"rendered":"\n<p>El&nbsp;<strong>Gobierno Nacional<\/strong>&nbsp;prepara un viaje a Israel para concretar la mudanza de la&nbsp;<strong>Embajada argentina a&nbsp;<\/strong><strong>Jerusal\u00e9n&nbsp;<\/strong>y, paralelamente, el&nbsp;<strong>canciller Pablo Quirno<\/strong>&nbsp;dijo que est\u00e1n trabajando en la organizaci\u00f3n de la nueva visita del&nbsp;<strong>presidente Javier Milei<\/strong>&nbsp;al territorio israel\u00ed.<\/p>\n\n\n\n<p>El&nbsp;<strong>ministro de Relaciones Exteriores<\/strong>&nbsp;confirm\u00f3 que, adem\u00e1s de la invitaci\u00f3n que les hicieron \u201cpara viajar en febrero\u201d, la fecha coincidir\u00e1 con la nueva visita oficial de Milei donde \u201cse terminar\u00e1 de concretar la mudanza\u201d de la Embajada.<\/p>\n\n\n\n<p>\u201cEl futuro entre<strong>&nbsp;Argentina e Israel&nbsp;<\/strong>y el mundo ser\u00e1 pr\u00f3spero, los invitamos a aprovecharse de esas oportunidades, son las que traer\u00e1n crecimiento a nuestros respectivos pa\u00edses&#8221;, indic\u00f3&nbsp;<strong>Quirno<\/strong>.qpuWmQ<\/p>\n\n\n\n<p>Ayer, en el marco del&nbsp;<strong>Foro Econ\u00f3mico Argentino-Israel\u00ed<\/strong>&nbsp;que se llev\u00f3 a cabo en el Palacio Libertad, el canciller asegur\u00f3 que ambos estados se encuentran trabajando para \u201cprofundizar el v\u00ednculo bilateral\u201d, afirmaci\u00f3n que comparti\u00f3 su par israel\u00ed,&nbsp;<strong>Guideon Sa&#8217;ar,<\/strong>&nbsp;quien agreg\u00f3 que los dos pa\u00edses son&nbsp;<strong>\u201camigos y socio estrat\u00e9gicos\u201d.<\/strong><\/p>\n\n\n\n<p>Para finalizar,&nbsp;<strong>Quirno&nbsp;<\/strong>destac\u00f3 el dato de crecimiento de la econom\u00eda que se conoci\u00f3 este martes y resalt\u00f3 que el Presidente de la Naci\u00f3n \u201csac\u00f3 de la pobreza a 20 millones de personas\u201d desde que asumi\u00f3 y que, a pesar de la incertidumbre, \u201cestamos creciendo al 5,2% en el a\u00f1o\u201d.&nbsp;<a href=\"https:\/\/noticiasargentinas.com\/-agenciana_t6916e70a4551e78eb9423f59\"><strong>#AgenciaNA<\/strong><\/a><\/p>\n","protected":false},"excerpt":{"rendered":"<p>El&nbsp;Gobierno Nacional&nbsp;prepara un viaje a Israel para concretar la mudanza de la&nbsp;Embajada argentina a&nbsp;Jerusal\u00e9n&nbsp;y, paralelamente, el&nbsp;canciller Pablo Quirno&nbsp;dijo que est\u00e1n trabajando en la organizaci\u00f3n de la nueva visita del&nbsp;presidente Javier&hellip; <\/p>\n","protected":false},"author":2,"featured_media":42331,"comment_status":"closed","ping_status":"closed","sticky":false,"template":"","format":"standard","meta":{"footnotes":""},"categories":[20],"tags":[],"class_list":["post-42330","post","type-post","status-publish","format-standard","has-post-thumbnail","hentry","category-politica"],"_links":{"self":[{"href":"https:\/\/eenergetica.com.ar\/index.php\/wp-json\/wp\/v2\/posts\/42330","targetHints":{"allow":["GET"]}}],"collection":[{"href":"https:\/\/eenergetica.com.ar\/index.php\/wp-json\/wp\/v2\/posts"}],"about":[{"href":"https:\/\/eenergetica.com.ar\/index.php\/wp-json\/wp\/v2\/types\/post"}],"author":[{"embeddable":true,"href":"https:\/\/eenergetica.com.ar\/index.php\/wp-json\/wp\/v2\/users\/2"}],"replies":[{"embeddable":true,"href":"https:\/\/eenergetica.com.ar\/index.php\/wp-json\/wp\/v2\/comments?post=42330"}],"version-history":[{"count":1,"href":"https:\/\/eenergetica.com.ar\/index.php\/wp-json\/wp\/v2\/posts\/42330\/revisions"}],"predecessor-version":[{"id":42332,"href":"https:\/\/eenergetica.com.ar\/index.php\/wp-json\/wp\/v2\/posts\/42330\/revisions\/42332"}],"wp:featuredmedia":[{"embeddable":true,"href":"https:\/\/eenergetica.com.ar\/index.php\/wp-json\/wp\/v2\/media\/42331"}],"wp:attachment":[{"href":"https:\/\/eenergetica.com.ar\/index.php\/wp-json\/wp\/v2\/media?parent=42330"}],"wp:term":[{"taxonomy":"category","embeddable":true,"href":"https:\/\/eenergetica.com.ar\/index.php\/wp-json\/wp\/v2\/categories?post=42330"},{"taxonomy":"post_tag","embeddable":true,"href":"https:\/\/eenergetica.com.ar\/index.php\/wp-json\/wp\/v2\/tags?post=42330"}],"curies":[{"name":"wp","href":"https:\/\/api.w.org\/{rel}","templated":true}]}}