{"id":42303,"date":"2025-11-25T15:26:47","date_gmt":"2025-11-25T18:26:47","guid":{"rendered":"http:\/\/eenergetica.com.ar\/?p=42303"},"modified":"2025-11-25T15:26:47","modified_gmt":"2025-11-25T18:26:47","slug":"vuelco-en-ruta-2-el-chofer-del-micro-fue-imputado-por-homicidio-culposo","status":"publish","type":"post","link":"https:\/\/eenergetica.com.ar\/index.php\/2025\/11\/25\/vuelco-en-ruta-2-el-chofer-del-micro-fue-imputado-por-homicidio-culposo\/","title":{"rendered":"Vuelco en Ruta 2: el chofer del micro fue imputado por homicidio culposo"},"content":{"rendered":"\n<p>El chofer que&nbsp;<strong>manejaba el micro turista,<\/strong>&nbsp;que volc\u00f3 en la Ruta 2 donde<strong>&nbsp;murieron dos personas y 44 resultaron heridas, fue imputado bajo los cargos de homicidio culposo y lesiones culposas.<\/strong><\/p>\n\n\n\n<p>Seg\u00fan supo la<a rel=\"noreferrer noopener\" href=\"https:\/\/es.wikipedia.org\/wiki\/Noticias_Argentinas\" target=\"_blank\"><strong>&nbsp;Agencia Noticias Argentinas<\/strong><\/a>, el conductor<strong>&nbsp;qued\u00f3 aprehendido por disposici\u00f3n del fiscal Germ\u00e1n Vera Tapia y se espera que en las pr\u00f3ximas horas preste declaraci\u00f3n<\/strong>&nbsp;por el siniestro ocurrido a la altura de la localidad de General Pir\u00e1n, por circunstancias que se desconocen.<\/p>\n\n\n\n<p>El fiscal Vera Tapia asegur\u00f3:&nbsp;<strong>&#8220;Tenemos 28 heridos en Pir\u00e1n, 12 en Vidal y 4 en el HIGA<\/strong>, los cuales est\u00e1n m\u00e1s graves pero<strong>&nbsp;fuera de peligro<\/strong>. Estamos esperando que llegue la gr\u00faa de AUBASA para levantar el micro que no se como van a hacer porque est\u00e1 muy hundido en el zanj\u00f3n. Cient\u00edfica est\u00e1 determinando la trayectoria previa al siniestro\u201d.<\/p>\n\n\n\n<p><strong>\u201cPude hablar con 3 sobrevivientes que est\u00e1n en la carpa<\/strong>. Les pregunt\u00e9 si ellos&nbsp;<strong>notaban que iba a alta velocidad el micro o si iba tambaleando y me respondieron que no<\/strong>, que no se dieron cuenta hasta que empez\u00f3 la ca\u00edda. En principio, descartamos una tercera v\u00edctima\u201d, agreg\u00f3.<\/p>\n\n\n\n<p>Adem\u00e1s, el funcionario afirm\u00f3 que el chofer del micro \u201cdebe haber dado la hip\u00f3tesis de la presencia de otro veh\u00edculo en el siniestro&#8221; y a\u00f1adi\u00f3: &#8220;No me consta porque \u00e9l no est\u00e1 ac\u00e1, est\u00e1 trasladado a Pir\u00e1n. Se lo debe haber dicho a los Bomberos, a la Polic\u00eda o a las mismas v\u00edctimas\u201d.qpuWnw<\/p>\n\n\n\n<p><strong>\u201cEl chofer que iba al volante est\u00e1 aprehendido en la fiscal\u00eda, al menos hasta ma\u00f1ana que preste declaraci\u00f3n. El delito es \u00b4homicidio culposo agravado\u00b4 por la condici\u00f3n de un veh\u00edculo con motor, calificado por m\u00e1s de una muerte<\/strong>\u201d, continu\u00f3.<\/p>\n\n\n\n<p>Por \u00faltimo, Vera Tapia afirm\u00f3:&nbsp;<strong>\u201cMa\u00f1ana veremos si da alguna versi\u00f3n de los hechos y si eso se puede constatar con la prueba que est\u00e1 adjuntando Polic\u00eda Cient\u00edfica en el lugar.&nbsp;<\/strong>El resultado de alcoholemia a ambos choferes es negativo pero se solicit\u00f3 extracci\u00f3n sangu\u00ednea para toxicol\u00f3gico y dem\u00e1s\u201d.&nbsp;<a href=\"https:\/\/noticiasargentinas.com\/-agenciana_t6916e70a4551e78eb9423f59\">#AgenciaNA<\/a>&nbsp;<\/p>\n","protected":false},"excerpt":{"rendered":"<p>El chofer que&nbsp;manejaba el micro turista,&nbsp;que volc\u00f3 en la Ruta 2 donde&nbsp;murieron dos personas y 44 resultaron heridas, fue imputado bajo los cargos de homicidio culposo y lesiones culposas. Seg\u00fan&hellip; <\/p>\n","protected":false},"author":2,"featured_media":42304,"comment_status":"closed","ping_status":"closed","sticky":false,"template":"","format":"standard","meta":{"footnotes":""},"categories":[22],"tags":[],"class_list":["post-42303","post","type-post","status-publish","format-standard","has-post-thumbnail","hentry","category-sociedad"],"_links":{"self":[{"href":"https:\/\/eenergetica.com.ar\/index.php\/wp-json\/wp\/v2\/posts\/42303","targetHints":{"allow":["GET"]}}],"collection":[{"href":"https:\/\/eenergetica.com.ar\/index.php\/wp-json\/wp\/v2\/posts"}],"about":[{"href":"https:\/\/eenergetica.com.ar\/index.php\/wp-json\/wp\/v2\/types\/post"}],"author":[{"embeddable":true,"href":"https:\/\/eenergetica.com.ar\/index.php\/wp-json\/wp\/v2\/users\/2"}],"replies":[{"embeddable":true,"href":"https:\/\/eenergetica.com.ar\/index.php\/wp-json\/wp\/v2\/comments?post=42303"}],"version-history":[{"count":1,"href":"https:\/\/eenergetica.com.ar\/index.php\/wp-json\/wp\/v2\/posts\/42303\/revisions"}],"predecessor-version":[{"id":42305,"href":"https:\/\/eenergetica.com.ar\/index.php\/wp-json\/wp\/v2\/posts\/42303\/revisions\/42305"}],"wp:featuredmedia":[{"embeddable":true,"href":"https:\/\/eenergetica.com.ar\/index.php\/wp-json\/wp\/v2\/media\/42304"}],"wp:attachment":[{"href":"https:\/\/eenergetica.com.ar\/index.php\/wp-json\/wp\/v2\/media?parent=42303"}],"wp:term":[{"taxonomy":"category","embeddable":true,"href":"https:\/\/eenergetica.com.ar\/index.php\/wp-json\/wp\/v2\/categories?post=42303"},{"taxonomy":"post_tag","embeddable":true,"href":"https:\/\/eenergetica.com.ar\/index.php\/wp-json\/wp\/v2\/tags?post=42303"}],"curies":[{"name":"wp","href":"https:\/\/api.w.org\/{rel}","templated":true}]}}