{"id":41890,"date":"2025-11-05T08:42:59","date_gmt":"2025-11-05T11:42:59","guid":{"rendered":"http:\/\/eenergetica.com.ar\/?p=41890"},"modified":"2025-11-05T08:42:59","modified_gmt":"2025-11-05T11:42:59","slug":"el-garrahan-logra-aumento-del-61-y-ate-destaca-la-lucha-de-los-trabajadores-estalla-el-techo-salarial","status":"publish","type":"post","link":"https:\/\/eenergetica.com.ar\/index.php\/2025\/11\/05\/el-garrahan-logra-aumento-del-61-y-ate-destaca-la-lucha-de-los-trabajadores-estalla-el-techo-salarial\/","title":{"rendered":"El Garrahan logra aumento del 61% y ATE destaca la lucha de los trabajadores: \u201cEstalla el techo salarial\u201d"},"content":{"rendered":"\n<p>El Consejo de Administraci\u00f3n del Hospital Garrahan determin\u00f3 un aumento del 61% para el sueldo b\u00e1sico de todos los trabajadores del nosocomio. Ante esta situaci\u00f3n, el&nbsp;<strong>Secretario General de ATE Nacional, Rodolfo Aguiar,<\/strong>&nbsp;se\u00f1al\u00f3: \u201cEl plan de lucha sostenido durante m\u00e1s de un a\u00f1o en el Garrahan se convierte en una de las mayores derrotas para el ajuste decidido por Milei en la Salud P\u00fablica\u201d.<\/p>\n\n\n\n<p>\u201cLa recomposici\u00f3n salarial alcanzada es un triunfo de los trabajadores y de toda la comunidad que respald\u00f3 sus justas demandas. El desaf\u00edo que tenemos los estatales es el de seguir construyendo consenso social detr\u00e1s de todas nuestras luchas. Est\u00e1 demostrado que si se pelea junto al pueblo, se gana\u201d, agreg\u00f3 el referente estatal.<\/p>\n\n\n\n<p>En este marco, Aguiar complet\u00f3: \u201cAhora tenemos que continuar enfrentando los recortes presupuestarios en los hospitales, seguir exigiendo la actualizaci\u00f3n de los salarios y defendiendo el derecho a la salud de todos los usuarios del sistema p\u00fablico\u201d.<\/p>\n\n\n\n<p>La Junta Interna de ATE en el hospital inform\u00f3 que el primer cobro incluir\u00e1 un retroactivo respecto del sueldo de octubre.<\/p>\n\n\n\n<p>Cabe recordar que dos semanas atr\u00e1s, el Gobierno nacional hab\u00eda postergado la implementaci\u00f3n de la Ley de Emergencia Pedi\u00e1trica a pesar de su aprobaci\u00f3n en el Congreso. Sin embargo, la continuidad del plan de lucha de los trabajadores que lleva m\u00e1s de un a\u00f1o permiti\u00f3 lograr el aumento salarial.<\/p>\n","protected":false},"excerpt":{"rendered":"<p>El Consejo de Administraci\u00f3n del Hospital Garrahan determin\u00f3 un aumento del 61% para el sueldo b\u00e1sico de todos los trabajadores del nosocomio. Ante esta situaci\u00f3n, el&nbsp;Secretario General de ATE Nacional,&hellip; <\/p>\n","protected":false},"author":2,"featured_media":41891,"comment_status":"closed","ping_status":"closed","sticky":false,"template":"","format":"standard","meta":{"footnotes":""},"categories":[20],"tags":[],"class_list":["post-41890","post","type-post","status-publish","format-standard","has-post-thumbnail","hentry","category-politica"],"_links":{"self":[{"href":"https:\/\/eenergetica.com.ar\/index.php\/wp-json\/wp\/v2\/posts\/41890","targetHints":{"allow":["GET"]}}],"collection":[{"href":"https:\/\/eenergetica.com.ar\/index.php\/wp-json\/wp\/v2\/posts"}],"about":[{"href":"https:\/\/eenergetica.com.ar\/index.php\/wp-json\/wp\/v2\/types\/post"}],"author":[{"embeddable":true,"href":"https:\/\/eenergetica.com.ar\/index.php\/wp-json\/wp\/v2\/users\/2"}],"replies":[{"embeddable":true,"href":"https:\/\/eenergetica.com.ar\/index.php\/wp-json\/wp\/v2\/comments?post=41890"}],"version-history":[{"count":1,"href":"https:\/\/eenergetica.com.ar\/index.php\/wp-json\/wp\/v2\/posts\/41890\/revisions"}],"predecessor-version":[{"id":41892,"href":"https:\/\/eenergetica.com.ar\/index.php\/wp-json\/wp\/v2\/posts\/41890\/revisions\/41892"}],"wp:featuredmedia":[{"embeddable":true,"href":"https:\/\/eenergetica.com.ar\/index.php\/wp-json\/wp\/v2\/media\/41891"}],"wp:attachment":[{"href":"https:\/\/eenergetica.com.ar\/index.php\/wp-json\/wp\/v2\/media?parent=41890"}],"wp:term":[{"taxonomy":"category","embeddable":true,"href":"https:\/\/eenergetica.com.ar\/index.php\/wp-json\/wp\/v2\/categories?post=41890"},{"taxonomy":"post_tag","embeddable":true,"href":"https:\/\/eenergetica.com.ar\/index.php\/wp-json\/wp\/v2\/tags?post=41890"}],"curies":[{"name":"wp","href":"https:\/\/api.w.org\/{rel}","templated":true}]}}