{"id":40506,"date":"2025-09-02T08:44:24","date_gmt":"2025-09-02T11:44:24","guid":{"rendered":"http:\/\/eenergetica.com.ar\/?p=40506"},"modified":"2025-09-02T08:44:25","modified_gmt":"2025-09-02T11:44:25","slug":"ferraro-el-gobierno-de-milei-elige-callar-a-los-periodistas-antes-que-dar-explicaciones","status":"publish","type":"post","link":"https:\/\/eenergetica.com.ar\/index.php\/2025\/09\/02\/ferraro-el-gobierno-de-milei-elige-callar-a-los-periodistas-antes-que-dar-explicaciones\/","title":{"rendered":"Ferraro: \u201cEl Gobierno de Milei elige callar a los periodistas antes que dar explicaciones\u201d"},"content":{"rendered":"\n<p>El diputado nacional de la Coalici\u00f3n C\u00edvica&nbsp;<strong>Maximiliano Ferraro<\/strong>&nbsp;consider\u00f3 hoy que el fallo del juez&nbsp;<strong>Alejandro Maraniello&nbsp;<\/strong>que orden\u00f3 la prohibici\u00f3n de publicar audios que involucran a la secretaria general de la Presidencia,<strong>&nbsp;Karina Milei,&nbsp;<\/strong>es un \u201cmamarracho jur\u00eddico\u201d, en tanto que acus\u00f3 al Gobierno de&nbsp;<strong>Javier Milei<\/strong>&nbsp;de \u201celegir callar a los periodistas antes que dar explicaciones por las denuncias de corrupci\u00f3n\u201d en la<strong>&nbsp;Agencia Nacional de Discapacidad (ANDIS).<\/strong><\/p>\n\n\n\n<p>\u201c<strong>El fallo del juez Maraniello es un ataque brutal a la libertad de expresi\u00f3n y un mamarracho jur\u00eddico\u201d<\/strong>, expres\u00f3 el legislador opositor.<\/p>\n\n\n\n<p>Y agreg\u00f3:&nbsp;<strong>\u201cEs censura previa, prohibida por la Constituci\u00f3n, en un fallo expr\u00e9s a medida y pedido del Gobierno, con una cautelar sin plazo alguno\u201d.&nbsp;<\/strong><\/p>\n\n\n\n<p>Para Ferraro, &#8220;el juez ni siquiera escuch\u00f3 los audios de Karina Milei y decidi\u00f3 prohibirlos \u2018por si las dudas\u2019\u201d.&nbsp;<\/p>\n\n\n\n<p>\u201c<strong>Como si eso fuera poco, Patricia Bullrich pide allanar medios y periodistas. \u00bfQu\u00e9 sigue? \u00bfQuemar imprentas?\u201d<\/strong>, sigui\u00f3.&nbsp;<\/p>\n\n\n\n<p>\u201c\u00bfY qui\u00e9n firma esta censura?&nbsp;<strong>Un juez denunciado por abuso sexual, acoso laboral y maltrato en el Consejo de la Magistratura. Este es el Juez que decide qu\u00e9 puede o no puede publicar la prensa en Argentina\u201d<\/strong>, advirti\u00f3 el diputado opositor.&nbsp;<\/p>\n\n\n\n<p>Seg\u00fan consider\u00f3 Ferraro,&nbsp;<strong>\u201cel gobierno de Milei elige callar a los periodistas antes que dar explicaciones por las denuncias de corrupci\u00f3n\u201d.<\/strong><\/p>\n\n\n\n<p>\u201cPero la censura y los aprietes no tapan la mugre, solo la multiplican. Democracia es libertad de prensa y expresi\u00f3n.&nbsp;<strong>La censura previa la usan los autoritarios o los que tienen miedo a la verdad. En este caso son las dos cosas\u201d<\/strong>, remat\u00f3.<\/p>\n\n\n\n<p>fuente NA<\/p>\n","protected":false},"excerpt":{"rendered":"<p>El diputado nacional de la Coalici\u00f3n C\u00edvica&nbsp;Maximiliano Ferraro&nbsp;consider\u00f3 hoy que el fallo del juez&nbsp;Alejandro Maraniello&nbsp;que orden\u00f3 la prohibici\u00f3n de publicar audios que involucran a la secretaria general de la Presidencia,&nbsp;Karina&hellip; <\/p>\n","protected":false},"author":2,"featured_media":40507,"comment_status":"closed","ping_status":"closed","sticky":false,"template":"","format":"standard","meta":{"footnotes":""},"categories":[20],"tags":[],"class_list":["post-40506","post","type-post","status-publish","format-standard","has-post-thumbnail","hentry","category-politica"],"_links":{"self":[{"href":"https:\/\/eenergetica.com.ar\/index.php\/wp-json\/wp\/v2\/posts\/40506","targetHints":{"allow":["GET"]}}],"collection":[{"href":"https:\/\/eenergetica.com.ar\/index.php\/wp-json\/wp\/v2\/posts"}],"about":[{"href":"https:\/\/eenergetica.com.ar\/index.php\/wp-json\/wp\/v2\/types\/post"}],"author":[{"embeddable":true,"href":"https:\/\/eenergetica.com.ar\/index.php\/wp-json\/wp\/v2\/users\/2"}],"replies":[{"embeddable":true,"href":"https:\/\/eenergetica.com.ar\/index.php\/wp-json\/wp\/v2\/comments?post=40506"}],"version-history":[{"count":1,"href":"https:\/\/eenergetica.com.ar\/index.php\/wp-json\/wp\/v2\/posts\/40506\/revisions"}],"predecessor-version":[{"id":40508,"href":"https:\/\/eenergetica.com.ar\/index.php\/wp-json\/wp\/v2\/posts\/40506\/revisions\/40508"}],"wp:featuredmedia":[{"embeddable":true,"href":"https:\/\/eenergetica.com.ar\/index.php\/wp-json\/wp\/v2\/media\/40507"}],"wp:attachment":[{"href":"https:\/\/eenergetica.com.ar\/index.php\/wp-json\/wp\/v2\/media?parent=40506"}],"wp:term":[{"taxonomy":"category","embeddable":true,"href":"https:\/\/eenergetica.com.ar\/index.php\/wp-json\/wp\/v2\/categories?post=40506"},{"taxonomy":"post_tag","embeddable":true,"href":"https:\/\/eenergetica.com.ar\/index.php\/wp-json\/wp\/v2\/tags?post=40506"}],"curies":[{"name":"wp","href":"https:\/\/api.w.org\/{rel}","templated":true}]}}