{"id":40064,"date":"2025-08-14T08:33:55","date_gmt":"2025-08-14T11:33:55","guid":{"rendered":"http:\/\/eenergetica.com.ar\/?p=40064"},"modified":"2025-08-14T08:33:56","modified_gmt":"2025-08-14T11:33:56","slug":"berazategui-mas-de-200-nuevos-graduados-del-programa-fines","status":"publish","type":"post","link":"https:\/\/eenergetica.com.ar\/index.php\/2025\/08\/14\/berazategui-mas-de-200-nuevos-graduados-del-programa-fines\/","title":{"rendered":"Berazategui: m\u00e1s de 200 nuevos graduados del Programa FinEs\u00a0"},"content":{"rendered":"\n<p><strong>En Berazategui, otros 208 vecinos y vecinas terminaron sus estudios gracias al Programa de Finalizaci\u00f3n de Estudios Secundarios (FinEs). El acto fue encabezado por el intendente Juan Jos\u00e9 Mussi. Con esta nueva camada, ya son m\u00e1s de 16 mil los y las berazateguenses que lograron terminar sus estudios mediante este Programa.&nbsp;<\/strong><br>En el marco del evento, desarrollado en el Centro Municipal de Actividades Roberto De Vicenzo, y tras disfrutar del Himno Nacional Argentino -entonado por el artista berazateguense Roberto Espinoza-, Mussi elogi\u00f3 a los estudiantes y afirm\u00f3: \u201cEl FinEs es fundamental porque cambia vidas. Desde Berazategui queremos agradecerle al gobernador de la provincia de Buenos Aires, Axel Kicillof, por sostener este Programa a rajatabla. Valoramos la educaci\u00f3n p\u00fablica. Estoy orgulloso de ustedes, por aceptar esta propuesta\u201d.<br>Por su parte, Mirta G\u00f3mez, egresada de la Comisi\u00f3n N\u00b0 1456 de FinEs que funciona en la localidad de El Pato, expres\u00f3: \u201cEstoy muy feliz de recibir mi t\u00edtulo de Secundaria. Pensaba que nunca iba a llegar a esto y lo logr\u00e9. Retom\u00e9 la escuela a los 47 a\u00f1os; fue una lucha y hoy puedo cerrar una etapa. Gracias a todos los que hacen posible el Programa FinEs\u201d.<br>En esta oportunidad, egresaron estudiantes de 17 comisiones de nivel secundario. Participaron en el acto, adem\u00e1s, integrantes del Gabinete municipal y del Consejo Escolar; la asesora de la Direcci\u00f3n provincial de Educaci\u00f3n de J\u00f3venes, Adultos y Adultos Mayores, Marcela Ribeiro; el coordinador regional de FinEs, Javier L\u00f3pez; la inspectora Jefa Distrital, Gladys Ram\u00edrez; el inspector Jefe Regional de Educaci\u00f3n Estatal, Prof. Pablo Vinuesa; el equipo de trabajo de FinEs, autoridades educativas, estudiantes y familiares.<\/p>\n","protected":false},"excerpt":{"rendered":"<p>En Berazategui, otros 208 vecinos y vecinas terminaron sus estudios gracias al Programa de Finalizaci\u00f3n de Estudios Secundarios (FinEs). El acto fue encabezado por el intendente Juan Jos\u00e9 Mussi. Con&hellip; <\/p>\n","protected":false},"author":2,"featured_media":40065,"comment_status":"closed","ping_status":"closed","sticky":false,"template":"","format":"standard","meta":{"footnotes":""},"categories":[22],"tags":[],"class_list":["post-40064","post","type-post","status-publish","format-standard","has-post-thumbnail","hentry","category-sociedad"],"_links":{"self":[{"href":"https:\/\/eenergetica.com.ar\/index.php\/wp-json\/wp\/v2\/posts\/40064","targetHints":{"allow":["GET"]}}],"collection":[{"href":"https:\/\/eenergetica.com.ar\/index.php\/wp-json\/wp\/v2\/posts"}],"about":[{"href":"https:\/\/eenergetica.com.ar\/index.php\/wp-json\/wp\/v2\/types\/post"}],"author":[{"embeddable":true,"href":"https:\/\/eenergetica.com.ar\/index.php\/wp-json\/wp\/v2\/users\/2"}],"replies":[{"embeddable":true,"href":"https:\/\/eenergetica.com.ar\/index.php\/wp-json\/wp\/v2\/comments?post=40064"}],"version-history":[{"count":1,"href":"https:\/\/eenergetica.com.ar\/index.php\/wp-json\/wp\/v2\/posts\/40064\/revisions"}],"predecessor-version":[{"id":40066,"href":"https:\/\/eenergetica.com.ar\/index.php\/wp-json\/wp\/v2\/posts\/40064\/revisions\/40066"}],"wp:featuredmedia":[{"embeddable":true,"href":"https:\/\/eenergetica.com.ar\/index.php\/wp-json\/wp\/v2\/media\/40065"}],"wp:attachment":[{"href":"https:\/\/eenergetica.com.ar\/index.php\/wp-json\/wp\/v2\/media?parent=40064"}],"wp:term":[{"taxonomy":"category","embeddable":true,"href":"https:\/\/eenergetica.com.ar\/index.php\/wp-json\/wp\/v2\/categories?post=40064"},{"taxonomy":"post_tag","embeddable":true,"href":"https:\/\/eenergetica.com.ar\/index.php\/wp-json\/wp\/v2\/tags?post=40064"}],"curies":[{"name":"wp","href":"https:\/\/api.w.org\/{rel}","templated":true}]}}