{"id":40058,"date":"2025-08-13T11:13:56","date_gmt":"2025-08-13T14:13:56","guid":{"rendered":"http:\/\/eenergetica.com.ar\/?p=40058"},"modified":"2025-08-13T11:13:57","modified_gmt":"2025-08-13T14:13:57","slug":"senadora-cuestiona-el-silencio-de-los-ministros-de-salud-provinciales-ante-medidas-de-lugones","status":"publish","type":"post","link":"https:\/\/eenergetica.com.ar\/index.php\/2025\/08\/13\/senadora-cuestiona-el-silencio-de-los-ministros-de-salud-provinciales-ante-medidas-de-lugones\/","title":{"rendered":"Senadora cuestiona el \u201csilencio\u201d de los ministros de Salud provinciales ante medidas de Lugones"},"content":{"rendered":"\n<p>La senadora del peronismo&nbsp;<strong>Carolina Mois\u00e9s<\/strong>&nbsp;cuestion\u00f3 hoy el \u201csilencio\u201d de los ministros de Salud provinciales frente a las medidas impulsadas por el presidente Javier Milei y el ministro de Salud,&nbsp;<strong>Mario Lugones<\/strong>, sobre las residencias, y que seg\u00fan advirti\u00f3 \u201cdestruyen la excelencia acad\u00e9mica de nuestros m\u00e9dicos\u201d.<\/p>\n\n\n\n<p>\u201cLe pido a todos los gobernadores que llamen a sus ministros (de Salud) porque, si esto se sostiene, destruir\u00e1 la excelencia acad\u00e9mica de nuestros m\u00e9dicos, la pr\u00e1ctica de las residencias quedar\u00e1 viciada y su multiplicar\u00e1n los problemas de recursos humanos en el sistema de salud\u201d, expres\u00f3 Mois\u00e9s en di\u00e1logo con la&nbsp;<em><strong>Agencia Noticias Argentinas<\/strong><\/em>.<\/p>\n\n\n\n<p>Mois\u00e9s, que integra la Comisi\u00f3n de Salud, sali\u00f3 al cruce de las declaraciones de Lugones, quien en la red social X hab\u00eda anunciado que ya inform\u00f3 a los ministros de salud provinciales que \u201cdesde 2026 cada jurisdicci\u00f3n tomar\u00e1 su propio examen de ingreso a las residencias m\u00e9dicas, con evaluaciones y criterios definidos localmente\u201d.<\/p>\n\n\n\n<p>Para la senadora peronista, esta decisi\u00f3n \u201crompe los par\u00e1metros de formaci\u00f3n, pr\u00e1ctica y exigencia m\u00e9dica en Argentina\u201d.<\/p>\n\n\n\n<p>La legisladora tambi\u00e9n refut\u00f3 por considerarla \u201cuna falacia y una mentira grave\u201d las afirmaciones de Lugones respecto del dengue en el pa\u00eds, al sostener que esa enfermedad \u201cno es un problema s\u00f3lo del NOA y NEA\u201d y que \u201cdesde 2009 se traslad\u00f3 al AMBA, la zona m\u00e1s poblada del pa\u00eds\u201d.<\/p>\n\n\n\n<p>Mois\u00e9s advirti\u00f3 que \u201ctodo m\u00e9dico, en cualquier lugar del pa\u00eds, debe poder diagnosticar un caso de dengue. La formaci\u00f3n m\u00e9dica debe ser integral y federal. Resignar esa visi\u00f3n es condenar la salud p\u00fablica\u201d.<\/p>\n\n\n\n<p>Y acus\u00f3 al Gobierno nacional de querer \u201cdesligarse de la responsabilidad de la salud p\u00fablica federal\u201d, concepto que advierte en las medidas de \u201celiminaci\u00f3n del calendario nacional de vacunaci\u00f3n\u201d y en la discontinuidad de la compra de \u201cvacunas para chicos, embarazadas y adultos mayores\u201d.<\/p>\n\n\n\n<p>\u201cYa dejaron de adquirir medicamentos oncol\u00f3gicos y los pacientes de c\u00e1ncer se est\u00e1n muriendo; no controlan el fentanilo y siguen muriendo personas hospitalizadas\u201d, rese\u00f1\u00f3 la legisladora, y se pregunt\u00f3 \u00bfcu\u00e1ntos argentinos m\u00e1s tienen que morir mientras Milei sea presidente y Lugones ministro? Callarse tambi\u00e9n es ser c\u00f3mplice\u201d.<\/p>\n\n\n\n<p>fuente NA<\/p>\n","protected":false},"excerpt":{"rendered":"<p>La senadora del peronismo&nbsp;Carolina Mois\u00e9s&nbsp;cuestion\u00f3 hoy el \u201csilencio\u201d de los ministros de Salud provinciales frente a las medidas impulsadas por el presidente Javier Milei y el ministro de Salud,&nbsp;Mario Lugones,&hellip; <\/p>\n","protected":false},"author":2,"featured_media":40059,"comment_status":"closed","ping_status":"closed","sticky":false,"template":"","format":"standard","meta":{"footnotes":""},"categories":[28,24],"tags":[],"class_list":["post-40058","post","type-post","status-publish","format-standard","has-post-thumbnail","hentry","category-destacada","category-provincia"],"_links":{"self":[{"href":"https:\/\/eenergetica.com.ar\/index.php\/wp-json\/wp\/v2\/posts\/40058","targetHints":{"allow":["GET"]}}],"collection":[{"href":"https:\/\/eenergetica.com.ar\/index.php\/wp-json\/wp\/v2\/posts"}],"about":[{"href":"https:\/\/eenergetica.com.ar\/index.php\/wp-json\/wp\/v2\/types\/post"}],"author":[{"embeddable":true,"href":"https:\/\/eenergetica.com.ar\/index.php\/wp-json\/wp\/v2\/users\/2"}],"replies":[{"embeddable":true,"href":"https:\/\/eenergetica.com.ar\/index.php\/wp-json\/wp\/v2\/comments?post=40058"}],"version-history":[{"count":1,"href":"https:\/\/eenergetica.com.ar\/index.php\/wp-json\/wp\/v2\/posts\/40058\/revisions"}],"predecessor-version":[{"id":40060,"href":"https:\/\/eenergetica.com.ar\/index.php\/wp-json\/wp\/v2\/posts\/40058\/revisions\/40060"}],"wp:featuredmedia":[{"embeddable":true,"href":"https:\/\/eenergetica.com.ar\/index.php\/wp-json\/wp\/v2\/media\/40059"}],"wp:attachment":[{"href":"https:\/\/eenergetica.com.ar\/index.php\/wp-json\/wp\/v2\/media?parent=40058"}],"wp:term":[{"taxonomy":"category","embeddable":true,"href":"https:\/\/eenergetica.com.ar\/index.php\/wp-json\/wp\/v2\/categories?post=40058"},{"taxonomy":"post_tag","embeddable":true,"href":"https:\/\/eenergetica.com.ar\/index.php\/wp-json\/wp\/v2\/tags?post=40058"}],"curies":[{"name":"wp","href":"https:\/\/api.w.org\/{rel}","templated":true}]}}