{"id":40001,"date":"2025-08-12T09:02:27","date_gmt":"2025-08-12T12:02:27","guid":{"rendered":"http:\/\/eenergetica.com.ar\/?p=40001"},"modified":"2025-08-12T09:02:27","modified_gmt":"2025-08-12T12:02:27","slug":"kreplak-inauguro-un-caps-y-entrego-ambulancia-en-alberti","status":"publish","type":"post","link":"https:\/\/eenergetica.com.ar\/index.php\/2025\/08\/12\/kreplak-inauguro-un-caps-y-entrego-ambulancia-en-alberti\/","title":{"rendered":"Kreplak inaugur\u00f3 un CAPS y entreg\u00f3 ambulancia en Alberti"},"content":{"rendered":"\n<p><strong><br>El nuevo centro de salud tiene m\u00e1s de 500 metros cuadrados y entre esa obra y la ambulancia entregada, suman una inversi\u00f3n de casi $1700 millones de pesos.<\/strong><\/p>\n\n\n\n<p>Esta ma\u00f1ana el titular de la cartera sanitaria, Nicol\u00e1s Kreplak, acompa\u00f1ado de la viceministra, Alexia Navarro, inaugur\u00f3 el Centro de Atenci\u00f3n Primaria de la Salud \u201cDr. Jorge Herminio Zatti\u201d en la localidad de Alberti y entreg\u00f3 una ambulancia de alta complejidad para ese municipio.<\/p>\n\n\n\n<p>El nuevo CAPS es el n\u00famero 192 que se inaugura durante la gesti\u00f3n del Gobernador, Axel Kicillof, y responde a la estrategia de fortalecimiento del primer nivel de atenci\u00f3n. Esta obra, de 504 m2, comenz\u00f3 en el 2023 y fue desarrollada bajo la inversi\u00f3n actualizada de $1.484 millones. Tiene 6 consultorios, vacunatorio y enfermer\u00eda. Cuenta tambi\u00e9n con sector de administraci\u00f3n, sala de espera, dispensario de medicamentos con dep\u00f3sito, office para enfermer\u00eda, para personal y otro de limpieza, sanitarios p\u00fablicos y para personal, sanitario para personas con discapacidad, dep\u00f3sito y dos oficinas.<\/p>\n\n\n\n<p>El centro de salud adem\u00e1s fue totalmente equipado con mobiliario, y equipamiento m\u00e9dico como sill\u00f3n odontol\u00f3gico, camillas, balanzas, electrocardi\u00f3grafos, ox\u00edgeno, entre otros. A su vez, se equip\u00f3 con red de datos inform\u00e1tica para implementar el sistema de Historia de Salud Integrada (HSI).<\/p>\n\n\n\n<p>Previo al corte de cintas, el ministro hizo entrega de llaves de la ambulancia de alta complejidad al intendente local, German Lago. Este veh\u00edculo equivale a una inversi\u00f3n de m\u00e1s de $190 millones, y representa la ambulancia N\u00b0 381 distribuida durante la gesti\u00f3n del gobernador.<\/p>\n","protected":false},"excerpt":{"rendered":"<p>El nuevo centro de salud tiene m\u00e1s de 500 metros cuadrados y entre esa obra y la ambulancia entregada, suman una inversi\u00f3n de casi $1700 millones de pesos. Esta ma\u00f1ana&hellip; <\/p>\n","protected":false},"author":2,"featured_media":40002,"comment_status":"closed","ping_status":"","sticky":false,"template":"","format":"standard","meta":{"footnotes":""},"categories":[22],"tags":[],"class_list":["post-40001","post","type-post","status-publish","format-standard","has-post-thumbnail","hentry","category-sociedad"],"_links":{"self":[{"href":"https:\/\/eenergetica.com.ar\/index.php\/wp-json\/wp\/v2\/posts\/40001","targetHints":{"allow":["GET"]}}],"collection":[{"href":"https:\/\/eenergetica.com.ar\/index.php\/wp-json\/wp\/v2\/posts"}],"about":[{"href":"https:\/\/eenergetica.com.ar\/index.php\/wp-json\/wp\/v2\/types\/post"}],"author":[{"embeddable":true,"href":"https:\/\/eenergetica.com.ar\/index.php\/wp-json\/wp\/v2\/users\/2"}],"replies":[{"embeddable":true,"href":"https:\/\/eenergetica.com.ar\/index.php\/wp-json\/wp\/v2\/comments?post=40001"}],"version-history":[{"count":1,"href":"https:\/\/eenergetica.com.ar\/index.php\/wp-json\/wp\/v2\/posts\/40001\/revisions"}],"predecessor-version":[{"id":40004,"href":"https:\/\/eenergetica.com.ar\/index.php\/wp-json\/wp\/v2\/posts\/40001\/revisions\/40004"}],"wp:featuredmedia":[{"embeddable":true,"href":"https:\/\/eenergetica.com.ar\/index.php\/wp-json\/wp\/v2\/media\/40002"}],"wp:attachment":[{"href":"https:\/\/eenergetica.com.ar\/index.php\/wp-json\/wp\/v2\/media?parent=40001"}],"wp:term":[{"taxonomy":"category","embeddable":true,"href":"https:\/\/eenergetica.com.ar\/index.php\/wp-json\/wp\/v2\/categories?post=40001"},{"taxonomy":"post_tag","embeddable":true,"href":"https:\/\/eenergetica.com.ar\/index.php\/wp-json\/wp\/v2\/tags?post=40001"}],"curies":[{"name":"wp","href":"https:\/\/api.w.org\/{rel}","templated":true}]}}