{"id":39995,"date":"2025-08-11T09:03:49","date_gmt":"2025-08-11T12:03:49","guid":{"rendered":"http:\/\/eenergetica.com.ar\/?p=39995"},"modified":"2025-08-11T09:03:49","modified_gmt":"2025-08-11T12:03:49","slug":"calendario-de-eventos-turisticos-provincia-de-buenos-aires-2","status":"publish","type":"post","link":"https:\/\/eenergetica.com.ar\/index.php\/2025\/08\/11\/calendario-de-eventos-turisticos-provincia-de-buenos-aires-2\/","title":{"rendered":"CALENDARIO DE EVENTOS TUR\u00cdSTICOS PROVINCIA DE BUENOS AIRES"},"content":{"rendered":"\n<p><strong><em>Del jueves 14 al jueves 21 de agosto de 2025<\/em><\/strong><\/p>\n\n\n\n<p>Los municipios bonaerenses recordar\u00e1n al General San Mart\u00edn y celebrar\u00e1n el mes de las infancias con una agenda imperdible. General Rodr\u00edguez realizar\u00e1 la 3\u00ba Fiesta de la Empanada Rodriguense; Villa Gesell, la 29\u00ba Fiesta Nacional Chocogesell; Bragado, la 22\u00ba Fiesta del Concurso del Chorizo Seco; Tapalqu\u00e9, la 10\u00ba Fiesta de la Mujer Campesina en el Pueblo Tur\u00edstico Crotto; Luj\u00e1n, la exposici\u00f3n cultural Jap\u00f3n en Luj\u00e1n; Tres Arroyos, 26\u00b0 Feria Nacional de los Artesanos; y Saavedra, har\u00e1 la Cabalgata de la Tradici\u00f3n y la Amistad en Pig\u00fc\u00e9; y Descubr\u00ed La Trufa Negra, visitas guiadas a la trufera Nuevo Mundo en Espartillar.<\/p>\n\n\n\n<p><strong>CAT\u00c1LOGO ANUAL DE EVENTOS<\/strong><a href=\"https:\/\/drive.google.com\/file\/d\/1EWZ0RD_tVSeCnAf3KECxLN3EUMb_V4wO\/view\" target=\"_blank\" rel=\"noreferrer noopener\"><strong> <\/strong><strong>AC\u00c1<\/strong><\/a><\/p>\n\n\n\n<p>M\u00e1s info en <a href=\"http:\/\/www.buenosaires.tur.ar\/\" target=\"_blank\" rel=\"noreferrer noopener\">www.buenosaires.tur.ar<\/a>&nbsp; @turismopba&nbsp;<\/p>\n\n\n\n<p><strong>FIESTAS POPULARES&nbsp;<\/strong><\/p>\n\n\n\n<p><strong>CARLOS TEJEDOR (Tres Algarrobos)<\/strong><\/p>\n\n\n\n<p><strong>124\u00ba Aniversario de Tres Algarrobos<\/strong><\/p>\n\n\n\n<p><strong>ENTRADA GRATUITA<\/strong><\/p>\n\n\n\n<p>Fecha, hora y lugar: Viernes 15, a las 16:30; s\u00e1bado 16, a las 17:00; domingo 17, a las 05:00; en Tres Algarrobos.<\/p>\n\n\n\n<p>Descripci\u00f3n: Tres d\u00edas llenos de tradici\u00f3n, arte y m\u00fasica. Viernes, inauguraci\u00f3n de la Expo Artesanal, presentaci\u00f3n del Taller Municipal y n\u00fameros musicales. S\u00e1bado, desfile de mascotas y Misa de Acci\u00f3n de Gracia; y a las 19:00, apertura del escenario. Domingo, desde la madrugada, encendido del fog\u00f3n, desfile institucional y de Centros Tradicionalista, almuerzo popular, artistas locales y Peric\u00f3n Nacional. Organiza la Delegaci\u00f3n de Tres Algarrobos y la Municipalidad de Carlos Tejedor. Cronograma completo: <a href=\"http:\/\/www.facebook.com\/dele.algarrobos\" target=\"_blank\" rel=\"noreferrer noopener\">www.facebook.com\/dele.algarrobos<\/a><\/p>\n\n\n\n<p>M\u00e1s informaci\u00f3n: <a href=\"http:\/\/www.instagram.com\/delegaciontresalgarrobos\/\" target=\"_blank\" rel=\"noreferrer noopener\">www.instagram.com\/delegaciontresalgarrobos\/<\/a>&nbsp;<\/p>\n\n\n\n<p><strong>GENERAL RODR\u00cdGUEZ<\/strong><\/p>\n\n\n\n<p><strong>3\u00ba Fiesta de la Empanada Rodriguense<\/strong><\/p>\n\n\n\n<p><strong>ENTRADA GRATUITA<\/strong><\/p>\n\n\n\n<p>Fecha, hora y lugar: Del viernes 15 al domingo 17, a partir del mediod\u00eda, en el predio de la Estaci\u00f3n Cultural, av. 25 de Mayo e Int. Manny.<\/p>\n\n\n\n<p>Descripci\u00f3n: Tercer Concurso de la empanada rodriguense, shows en vivo, emprendedores y artesanos. Entrada gratuita. Organiza la Municipalidad de General Rodr\u00edguez.<\/p>\n\n\n\n<p>M\u00e1s informaci\u00f3n: <a href=\"http:\/\/www.instagram.com\/municipalidadgr\" target=\"_blank\" rel=\"noreferrer noopener\">www.instagram.com\/municipalidadgr<\/a> &#8211; <a href=\"http:\/\/www.facebook.com\/MunicipalidadGR\" target=\"_blank\" rel=\"noreferrer noopener\">www.facebook.com\/MunicipalidadGR<\/a><\/p>\n\n\n\n<p><strong>SAN PEDRO<\/strong><\/p>\n\n\n\n<p><strong>22\u00ba Fiesta Nacional de la Ensaimada Mallorquina<\/strong><\/p>\n\n\n\n<p><strong>ENTRADA GRATUITA<\/strong><\/p>\n\n\n\n<p>Fecha, hora y lugar: Del viernes 15 al domingo 17, a partir de las 11:00, en el Paseo P\u00fablico Municipal.<\/p>\n\n\n\n<p>Descripci\u00f3n: Durante los tres d\u00edas se llevar\u00e1n a cabo diversas actividades como la elaboraci\u00f3n y degustaci\u00f3n de la ensaimada en sus diversas presentaciones, talleres relacionados con la cultura mallorquina, degustaci\u00f3n de platos t\u00edpicos, y m\u00fasica y bailes tradicionales, entre otras propuestas. Adem\u00e1s, desde las 11:00, habr\u00e1 tambi\u00e9n m\u00fasica en vivo y shows con artistas locales. Entrada gratuita. Organiza la Municipalidad de San Pedro.<\/p>\n\n\n\n<p>M\u00e1s informaci\u00f3n: <a href=\"http:\/\/www.instagram.com\/sanpedromunicipio\/\" target=\"_blank\" rel=\"noreferrer noopener\">www.instagram.com\/sanpedromunicipio\/<\/a> &#8211; <a href=\"http:\/\/www.facebook.com\/sanpedrobuenosaires\" target=\"_blank\" rel=\"noreferrer noopener\">www.facebook.com\/sanpedrobuenosaires<\/a> &#8211; <a href=\"http:\/\/www.instagram.com\/sec.cul.tur.edu.dep\/\" target=\"_blank\" rel=\"noreferrer noopener\">www.instagram.com\/sec.cul.tur.edu.dep\/<\/a> &#8211;<a href=\"http:\/\/www.facebook.com\/sec.cul.tur.edu.dep\" target=\"_blank\" rel=\"noreferrer noopener\"> www.facebook.com\/sec.cul.tur.edu.dep<\/a><\/p>\n\n\n\n<p><strong>TRES ARROYOS (San Mayol)<\/strong><\/p>\n\n\n\n<p><strong>5\u00b0 Entre Amigos y Baguales<\/strong><\/p>\n\n\n\n<p>Fecha, hora y lugar: Del viernes 15, a las 14:00; s\u00e1bado 16, a las 09:30; domingo 17, desde las 08:00, en la Estaci\u00f3n del Ferrocarril.<\/p>\n\n\n\n<p>Descripci\u00f3n: Prueba de riendas, jineteada, fog\u00f3n, puestos de comida, feria de artesanos y emprendedores, pe\u00f1a y baile familiar, por la noche del viernes y s\u00e1bado. Con la presencia de grandes figuras del \u00e1mbito tradicionalista nacional. Entrada arancelada. Organizan Amigos y Baguales con el acompa\u00f1amiento de la Direcci\u00f3n de Cultura de Tres Arroyos.<\/p>\n\n\n\n<p>M\u00e1s informaci\u00f3n: <a href=\"http:\/\/www.turismo.tresarroyos.gov.ar\/eventos\/entre-amigos-y-baguales\/\" target=\"_blank\" rel=\"noreferrer noopener\">www.turismo.tresarroyos.gov.ar\/eventos\/entre-amigos-y-baguales\/<\/a> &#8211; <a href=\"https:\/\/www.instagram.com\/turismo.tresarroyos\/\" target=\"_blank\" rel=\"noreferrer noopener\">www.instagram.com\/turismo.tresarroyos\/<\/a> &#8211; <a href=\"http:\/\/www.facebook.com\/turismo.tresarroyos\" target=\"_blank\" rel=\"noreferrer noopener\">www.facebook.com\/turismo.tresarroyos<\/a> &#8211; <a href=\"http:\/\/www.instagram.com\/amigosybaguales\" target=\"_blank\" rel=\"noreferrer noopener\">www.instagram.com\/amigosybaguales<\/a><\/p>\n\n\n\n<p><strong>VILLA GESELL<\/strong><\/p>\n\n\n\n<p><strong>29\u00ba Fiesta Nacional Chocogesell<\/strong><\/p>\n\n\n\n<p><strong>ENTRADA GRATUITA<\/strong><\/p>\n\n\n\n<p>Fecha, hora y lugar: Del viernes 15 al domingo 17, desde las 11:00, en Pinar del Norte (Alameda 202 y Calle 303).<\/p>\n\n\n\n<p>Descripci\u00f3n: La reposter\u00eda artesanal con chocolate ser\u00e1 protagonista en todas las formas: budines, tortas, mermeladas, licores, alfajores, masas, con demostraciones gastron\u00f3micas gratuitas y grandes sorteos. Ni\u00f1os y ni\u00f1as tendr\u00e1n un espacio de juegos y las familias podr\u00e1n explorar la oferta cultural e hist\u00f3rica de la reserva forestal. Participar\u00e1n artistas, artesanos geselinos y feriantes invitados de la regi\u00f3n. Entrada gratuita. Organiza la Secretar\u00eda de Turismo de la Municipalidad de Villa Gesell con la participaci\u00f3n de la Subsecretar\u00eda de Turismo del Ministerio de Producci\u00f3n, Ciencia e Innovaci\u00f3n Tecnol\u00f3gica del Gobierno de la Provincia de Buenos Aires, a trav\u00e9s del programa RECREO.<\/p>\n\n\n\n<p>M\u00e1s informaci\u00f3n: <a href=\"http:\/\/www.gesell.tur.ar\/\" target=\"_blank\" rel=\"noreferrer noopener\">www.gesell.tur.ar<\/a> &#8211; <a href=\"http:\/\/www.facebook.com\/turismovillagesell\" target=\"_blank\" rel=\"noreferrer noopener\">www.facebook.com\/turismovillagesell<\/a> &#8211; <a href=\"http:\/\/www.instagram.com\/villageselltur\" target=\"_blank\" rel=\"noreferrer noopener\">www.instagram.com\/villageselltur<\/a><\/p>\n\n\n\n<p><strong>BRAGADO<\/strong><\/p>\n\n\n\n<p><strong>22\u00ba Fiesta del Concurso del Chorizo Seco<\/strong><\/p>\n\n\n\n<p>Fecha, hora y lugar: S\u00e1bado 16, a partir de las 20:00; y domingo 17, desde las 10:45, en el Club Agrario de Comodoro Py.<\/p>\n\n\n\n<p>Descripci\u00f3n: Durante la primera jornada se llevar\u00e1 adelante el encendido de fogones, la pe\u00f1a folkl\u00f3rica con artistas de la zona y el baile popular. Al d\u00eda siguiente, se realizar\u00e1n las pruebas de riendas, el tradicional encuentro de pe\u00f1as folkl\u00f3ricas, el desfile institucional de maquinarias antiguas, el paseo criollo y el entrevero de tropillas. Por la tarde, el club vuelve a abrir sus puertas con shows art\u00edsticos, el concurso del chorizo seco y las postulantes a flor del pago. Entrada arancelada. Organiza la Comisi\u00f3n de Festejos con el acompa\u00f1amiento de la Municipalidad de Bragado con la participaci\u00f3n de la Subsecretar\u00eda de Turismo del Ministerio de Producci\u00f3n, Ciencia e Innovaci\u00f3n Tecnol\u00f3gica del Gobierno de la Provincia de Buenos Aires, a trav\u00e9s del programa RECREO.<\/p>\n\n\n\n<p>M\u00e1s informaci\u00f3n: <a href=\"http:\/\/www.instagram.com\/fiestadelchorizoseco.py\" target=\"_blank\" rel=\"noreferrer noopener\">www.instagram.com\/fiestadelchorizoseco.py<\/a> &#8211; <a href=\"http:\/\/www.facebook.com\/profile.php?id=100064721856905\" target=\"_blank\" rel=\"noreferrer noopener\">www.facebook.com\/profile.php?id=100064721856905<\/a><\/p>\n\n\n\n<p><strong>AYACUCHO<\/strong><\/p>\n\n\n\n<p><strong>26\u00ba Fiesta Provincial Al Trabajador de mi Pueblo<\/strong><\/p>\n\n\n\n<p><strong>ENTRADA GRATUITA<\/strong><\/p>\n\n\n\n<p>Fecha, hora y lugar: S\u00e1bado 16 y domingo 17, a las 16:00, en la Municipalidad de Ayacucho y en la Casa de la Cultura.<\/p>\n\n\n\n<p>Descripci\u00f3n: Propuestas de arte y m\u00fasica con el ensamble institucional y Gala de los Trabajadores en la Casa de la Cultura. Entrada gratuita. Organiza la Guardia Infanto Juvenil Jos\u00e9 de San Mart\u00edn con el acompa\u00f1amiento de la Municipalidad de Ayacucho.<\/p>\n\n\n\n<p>M\u00e1s informaci\u00f3n: <a href=\"http:\/\/www.instagram.com\/ayacuchoturismo\/\" target=\"_blank\" rel=\"noreferrer noopener\">www.instagram.com\/ayacuchoturismo\/<\/a><\/p>\n\n\n\n<figure class=\"wp-block-embed is-type-wp-embed is-provider-turismo-ayacucho wp-block-embed-turismo-ayacucho\"><div class=\"wp-block-embed__wrapper\">\n<blockquote class=\"wp-embedded-content\" data-secret=\"FHiOQSK5uR\"><a href=\"https:\/\/turismoayacucho.ar\/w\/agenda\/\">Agenda<\/a><\/blockquote><iframe class=\"wp-embedded-content\" sandbox=\"allow-scripts\" security=\"restricted\" style=\"position: absolute; visibility: hidden;\" title=\"\u00abAgenda\u00bb \u2014 Turismo Ayacucho\" src=\"https:\/\/turismoayacucho.ar\/w\/agenda\/embed\/#?secret=2Fd8uUttyS#?secret=FHiOQSK5uR\" data-secret=\"FHiOQSK5uR\" width=\"600\" height=\"338\" frameborder=\"0\" marginwidth=\"0\" marginheight=\"0\" scrolling=\"no\"><\/iframe>\n<\/div><\/figure>\n\n\n\n<p><strong>MAGDALENA (Bartolom\u00e9 Bavio)<\/strong><\/p>\n\n\n\n<p><strong>124\u00ba Aniversario de Bavio<\/strong><\/p>\n\n\n\n<p><strong>ENTRADA GRATUITA<\/strong><\/p>\n\n\n\n<p>Fecha, hora y lugar: S\u00e1bado 16, a las 14:30; domingo 17, a las 10:00, en diferentes espacios f\u00edsicos de Bavio.<\/p>\n\n\n\n<p>Descripci\u00f3n: S\u00e1bado por la ma\u00f1ana, concentraci\u00f3n para cabalgata en el Centro Tradicionalista La Carreta; a las 15:00, inauguraci\u00f3n del Monumento a Cajaraville y Decano, su caballo, en la Posta Cultural y Museo Estaci\u00f3n Bavio; Peric\u00f3n Nacional &#8211; Bastonero Adri\u00e1n Sancho. Domingo, acto protocolar, desfile c\u00edvico y tradicionalista en la plaza Jos\u00e9 Hern\u00e1ndez; a las 13:00, almuerzo criollo en el predio de la estaci\u00f3n; a las 15:20, show infantil de Manu Bonete, bandas locales Mascando el Freno y La Viajera, parque inflable. A las 19:00, gran cierre en Club Racing con Los Charros y la conducci\u00f3n musical de Esteban el Cordob\u00e9s. Entrada gratuita. Organiza la Municipalidad de Magdalena.<\/p>\n\n\n\n<p>M\u00e1s informaci\u00f3n:<a href=\"http:\/\/www.instagram.com\/municipalidad_de_magdalena\/\" target=\"_blank\" rel=\"noreferrer noopener\"> www.instagram.com\/municipalidad_de_magdalena\/<\/a> &#8211; <a href=\"http:\/\/www.facebook.com\/MunicipalidaddeMagdalena\" target=\"_blank\" rel=\"noreferrer noopener\">www.facebook.com\/MunicipalidaddeMagdalena<\/a><\/p>\n\n\n\n<p><strong>TAPALQU\u00c9 (Pueblo Tur\u00edstico Crotto)<\/strong><\/p>\n\n\n\n<p><strong>10\u00ba Fiesta de la Mujer Campesina<\/strong><\/p>\n\n\n\n<p><strong>ENTRADA GRATUITA<\/strong><\/p>\n\n\n\n<p>Fecha, hora y lugar: Domingo 17, de 11:00 a 18:00, en la localidad de Crotto.<\/p>\n\n\n\n<p>Descripci\u00f3n: Acto protocolar con reconocimiento a la Mujer Campesina 2025, desfile de mujeres a caballo, venta de carnes asadas, paseo gastron\u00f3mico, artesanos y emprendedores, visitas guiadas, actividades recreativas y espect\u00e1culos. Crotto forma parte del programa Pueblos Tur\u00edsticos de la provincia de Buenos Aires. Entrada gratuita. Organiza Anexo 1 de la Escuela Secundaria N\u00b0 1 con el auspicio de la&nbsp; Municipalidad de Tapalqu\u00e9.<\/p>\n\n\n\n<p>M\u00e1s informaci\u00f3n:&nbsp; <a href=\"http:\/\/www.instagram.com\/tapalque.enamora\" target=\"_blank\" rel=\"noreferrer noopener\">www.instagram.com\/tapalque.enamora<\/a> &#8211; <a href=\"http:\/\/www.facebook.com\/Tapalqueenamora\" target=\"_blank\" rel=\"noreferrer noopener\">www.facebook.com\/Tapalqueenamora<\/a> &#8211; <a href=\"http:\/\/www.tapalque.tur.ar\/\" target=\"_blank\" rel=\"noreferrer noopener\">www.tapalque.tur.ar<\/a><\/p>\n\n\n\n<p><strong>EVENTOS GASTRON\u00d3MICOS<\/strong><\/p>\n\n\n\n<p><strong>CHASCOM\u00daS<\/strong><\/p>\n\n\n\n<p><strong>Sabores Bonaerenses<\/strong><\/p>\n\n\n\n<p><strong>ENTRADA GRATUITA<\/strong><\/p>\n\n\n\n<p>Fecha, hora y lugar: Viernes 15 y domingo 16, de 10:00 a 17:00, en la Estaci\u00f3n Hidrobiol\u00f3gica, av. Lastra y Ju\u00e1rez.<\/p>\n\n\n\n<p>Descripci\u00f3n: Feria de alimentos de la provincia de Buenos Aires que reunir\u00e1 a m\u00e1s de cien productores, con degustaciones, charlas sobre los productos presentados, cocina en vivo y espect\u00e1culos para la familia. Tambi\u00e9n contar\u00e1 con la participaci\u00f3n de espacios de juegos para ni\u00f1os y ni\u00f1as a cargo de la Municipalidad de Chascom\u00fas y un \u00e1rea de food trucks. Entrada gratuita. Organiza la Municipalidad de Chascom\u00fas a trav\u00e9s de la Subsecretar\u00eda de Desarrollo Tur\u00edstico y Productivo con apoyo del Ministerio de Desarrollo Agrario.<\/p>\n\n\n\n<p>M\u00e1s informaci\u00f3n: <a href=\"http:\/\/www.instagram.com\/turismochascomus\/\" target=\"_blank\" rel=\"noreferrer noopener\">www.instagram.com\/turismochascomus\/<\/a> &#8211; <a href=\"http:\/\/www.facebook.com\/chascomustur\" target=\"_blank\" rel=\"noreferrer noopener\">www.facebook.com\/chascomustur<\/a><\/p>\n\n\n\n<p><strong>EVENTOS CULTURALES<\/strong><\/p>\n\n\n\n<p><strong>LUJ\u00c1N<\/strong><\/p>\n\n\n\n<p><strong>Jap\u00f3n en Luj\u00e1n<\/strong><\/p>\n\n\n\n<p><strong>ENTRADA GRATUITA<\/strong><\/p>\n\n\n\n<p>Fecha, hora y lugar: S\u00e1bado 16, a las 12:00, en el Centro Cultural Municipal Do\u00f1a Ana de Matos.<\/p>\n\n\n\n<p>Descripci\u00f3n: Gastronom\u00eda t\u00edpica, artistas y muestras, actividades deportivas y paseo ferial. Entrada gratuita. Organiza la Municipalidad de Luj\u00e1n con el acompa\u00f1amiento de la Fundaci\u00f3n Cultural Daiwa y Urasenke Argentina.<\/p>\n\n\n\n<p>M\u00e1s informaci\u00f3n: <a href=\"http:\/\/www.facebook.com\/culturasyturismolujan\" target=\"_blank\" rel=\"noreferrer noopener\">www.facebook.com\/culturasyturismolujan<\/a> &#8211; <a href=\"http:\/\/www.instagram.com\/culturasyturismolujan\" target=\"_blank\" rel=\"noreferrer noopener\">www.instagram.com\/culturasyturismolujan<\/a> &#8211; <a href=\"http:\/\/www.lujan.gob.ar\/\" target=\"_blank\" rel=\"noreferrer noopener\">www.lujan.gob.ar<\/a><\/p>\n\n\n\n<p><strong>SAAVEDRA (Pig\u00fc\u00e9)<\/strong><\/p>\n\n\n\n<p><strong>Cabalgata de la Tradici\u00f3n y la Amistad<\/strong><\/p>\n\n\n\n<p>Fecha, hora y lugar: S\u00e1bado 16, a las 09:00, con salida desde el Centro Criollo \u201cEl Pegual\u201d, Ruta Nacional 33 km 128,5.&nbsp;<\/p>\n\n\n\n<p>Descripci\u00f3n: Al mediod\u00eda, almuerzo de campo incluido en la tarjeta; a las 17:00, llegada al predio de La Rural de Saavedra y por la noche, Pe\u00f1a Folkl\u00f3rica, a cargo, del Centro Criollo Las Sierras. Habr\u00e1 baile, artistas folkl\u00f3ricos y servicio de cantina. Actividades aranceladas. Organizan el Centro Criollo El Pegual y el Centro Criollo Las Sierras con el acompa\u00f1amiento de la Municipalidad de Saavedra.<\/p>\n\n\n\n<p>M\u00e1s informaci\u00f3n:&nbsp; <a href=\"http:\/\/www.instagram.com\/turismosaavedrapigue\/\" target=\"_blank\" rel=\"noreferrer noopener\">www.instagram.com\/turismosaavedrapigue\/<\/a> &#8211; <a href=\"https:\/\/turismo.saavedra.gob.ar\/evento\/cabalgata-de-la-tradicion-y-la-amistad\/\" target=\"_blank\" rel=\"noreferrer noopener\">https:\/\/turismo.saavedra.gob.ar\/evento\/cabalgata-de-la-tradicion-y-la-amistad\/<\/a><\/p>\n\n\n\n<p><strong>NECOCHEA<\/strong><\/p>\n\n\n\n<p><strong>6\u00ba ProTatto Necochea<\/strong><\/p>\n\n\n\n<p>Fecha, hora y lugar: S\u00e1bado 16 y domingo 17, a las 14:00. en el Parador Sunset, en avenida Pinolandia y La Costa.<\/p>\n\n\n\n<p>Descripci\u00f3n: M\u00e1s de cincuenta artistas del pa\u00eds y del extranjero se tatuar\u00e1n en vivo. Competencia con premios, sorteo de entradas y tatuajes de 10 x 10 cent\u00edmetros, a trav\u00e9s de las redes sociales de necochea.tur. Actividad arancelada. Organiza Gustavo Serrano con el acompa\u00f1amiento del Municipio de Necochea.<\/p>\n\n\n\n<p>M\u00e1s informaci\u00f3n:<a href=\"http:\/\/www.instagram.com\/necocheatur\/\" target=\"_blank\" rel=\"noreferrer noopener\">www.instagram.com\/necocheatur\/<\/a> &#8211; <a href=\"https:\/\/www.facebook.com\/NecocheaTur\" target=\"_blank\" rel=\"noreferrer noopener\">www.facebook.com\/NecocheaTur<\/a><\/p>\n\n\n\n<p><strong>CORONEL SU\u00c1REZ (Pi\u00f1eyro)<\/strong><\/p>\n\n\n\n<p><strong>Cabalgata y Asado<\/strong><\/p>\n\n\n\n<p>Fecha, hora y lugar: Domingo 17 de agosto a las 08:00 con salida de caballos desde la Sociedad Rural de Coronel Su\u00e1rez y en el Club Olimpo.<\/p>\n\n\n\n<p>Descripci\u00f3n: Cabalgata, almuerzo, acto oficial con la Banda Municipal de Coronel Su\u00e1rez y&nbsp; actividades folkl\u00f3ricas. Adultos $30.000 y menores $12.000. Contacto: (2926) 493613\/417715. Organiza la Comisi\u00f3n del Club Olimpo de Pi\u00f1eyro con el acompa\u00f1amiento de la Municipalidad de Coronel Su\u00e1rez<\/p>\n\n\n\n<p>M\u00e1s informaci\u00f3n: <a href=\"http:\/\/www.coronelsuarez.tur.ar\/all-events\/?event=378280\" target=\"_blank\" rel=\"noreferrer noopener\">www.coronelsuarez.tur.ar\/all-events\/?event=378280<\/a> &#8211;<\/p>\n\n\n\n<p><a href=\"http:\/\/www.instagram.com\/suarezturismo\/\" target=\"_blank\" rel=\"noreferrer noopener\">www.instagram.com\/suarezturismo\/<\/a><\/p>\n\n\n\n<p><strong>MARCOS PAZ<\/strong><\/p>\n\n\n\n<p><strong>Semana de los Centros Tradicionalistas en Marcos Paz<\/strong><\/p>\n\n\n\n<p><strong>ENTRADA GRATUITA<\/strong><\/p>\n\n\n\n<p>Fecha, hora y lugar: Domingo 17, desde las 10:00, en diferentes espacios f\u00edsicos de la ciudad.<\/p>\n\n\n\n<p>Descripci\u00f3n: Gran cierre de la Semana de los Centros Tradicionalistas con un desfile sobre la calle Sarmiento. A las 13:00 en el Espacio Quinta Devoto, <strong>1\u00ba Fiesta Regional del Alfajor, <\/strong>con puesteros, pilcheros, artesan\u00edas, jineteadas, patio gastron\u00f3mico y espect\u00e1culos musicales. Entrada gratuita. Organiza la Federaci\u00f3n de Centros Tradicionalistas con el acompa\u00f1amiento de la Municipalidad de Marcos Paz.<\/p>\n\n\n\n<p>M\u00e1s informaci\u00f3n: <a href=\"http:\/\/www.instagram.com\/municipiomarcospaz\/\" target=\"_blank\" rel=\"noreferrer noopener\">www.instagram.com\/municipiomarcospaz\/<\/a> &#8211; <a href=\"http:\/\/www.facebook.com\/municipiomarcospaz\" target=\"_blank\" rel=\"noreferrer noopener\">www.facebook.com\/municipiomarcospaz<\/a><\/p>\n\n\n\n<p><strong>MONTE (San Miguel del Monte)<\/strong><\/p>\n\n\n\n<p><strong>Festival de la Torta y el Chocolate<\/strong><\/p>\n\n\n\n<p><strong>ENTRADA GRATUITA<\/strong><\/p>\n\n\n\n<p>Fecha, hora y lugar: Domingo 17, desde las 14:00, en la Plaza Adolfo Alsina.<\/p>\n\n\n\n<p>Descripci\u00f3n: La torta en esta edici\u00f3n ser\u00e1 de 115 metros y se repartir\u00e1n 300 litros de chocolatada. Adem\u00e1s, paseo de inflables, juegos de kermesse, paseo en autobomba. Entrada gratuita. Organiza la Municipalidad de Monte.&nbsp;<\/p>\n\n\n\n<p>M\u00e1s informaci\u00f3n: <a href=\"http:\/\/www.facebook.com\/municipalidadmonte\" target=\"_blank\" rel=\"noreferrer noopener\">www.facebook.com\/municipalidadmonte<\/a> &#8211; <a href=\"http:\/\/www.instagram.com\/municipalidadmonte\" target=\"_blank\" rel=\"noreferrer noopener\">www.instagram.com\/municipalidadmonte<\/a> &#8211; <a href=\"http:\/\/www.monte.gob.ar\/\" target=\"_blank\" rel=\"noreferrer noopener\">www.monte.gob.ar<\/a><\/p>\n\n\n\n<p><strong>EVENTOS RELIGIOSOS<\/strong><\/p>\n\n\n\n<p><strong>SUIPACHA (General Rivas)<\/strong><\/p>\n\n\n\n<p><strong>Fiestas Patronales San Roque<\/strong><\/p>\n\n\n\n<p><strong>ENTRADA GRATUITA<\/strong><\/p>\n\n\n\n<p>Fecha, hora y lugar: Domingo 17, a las 09:00, en General Rivas.<\/p>\n\n\n\n<p>Descripci\u00f3n: Por la ma\u00f1ana, misa en la parroquia, bendici\u00f3n del pan y procesi\u00f3n con la imagen de San Roque por las calles del pueblo. Cerca del mediod\u00eda, desfilar\u00e1n las instituciones locales, m\u00e1s de cien jinetes y se desarrollar\u00e1 un almuerzo criollo que culminar\u00e1 con la presentaci\u00f3n de artistas locales y regionales. Adem\u00e1s, Feria de artesanos y emprendedores. Espect\u00e1culos musicales. Entrada gratuita. Organiza la Municipalidad de Suipacha y la Delegaci\u00f3n Municipal de General Rivas.&nbsp;<\/p>\n\n\n\n<p>M\u00e1s informaci\u00f3n: <a href=\"http:\/\/www.instagram.com\/general_rivas\/\" target=\"_blank\" rel=\"noreferrer noopener\">www.instagram.com\/general_rivas\/<\/a> &#8211; <a href=\"http:\/\/www.instagram.com\/municipalidad_de_suipacha\/\" target=\"_blank\" rel=\"noreferrer noopener\">www.instagram.com\/municipalidad_de_suipacha\/<\/a> &#8211; <a href=\"http:\/\/www.facebook.com\/MunicipalidadSuipacha\" target=\"_blank\" rel=\"noreferrer noopener\">www.facebook.com\/MunicipalidadSuipacha<\/a><\/p>\n\n\n\n<p><strong>EVENTOS DEPORTIVOS<\/strong><\/p>\n\n\n\n<p><strong>PUAN (Felipe Sol\u00e1)<\/strong><\/p>\n\n\n\n<p><strong>1\u00ba Desaf\u00edo Felipe Sol\u00e1<\/strong><\/p>\n\n\n\n<p><strong>ACTIVIDAD GRATUITA<\/strong><\/p>\n\n\n\n<p>Fecha, hora y lugar: S\u00e1bado 16, desde el mediod\u00eda, en Felipe Sol\u00e1.<\/p>\n\n\n\n<p>Descripci\u00f3n: Por primera vez, Felipe Sol\u00e1 ser\u00e1 escenario de una carrera abierta a toda la comunidad y la regi\u00f3n. Distancias para todas las edades y niveles: 8 kil\u00f3metros competitiva, 4 kil\u00f3metros&nbsp; participativa, caminata recreativa y carrera infantil. Premiaci\u00f3n, medallas finisher, m\u00fasica y juegos para los m\u00e1s chicos. Inscripci\u00f3n gratuita. Organiza la Direcci\u00f3n de Deportes del Municipio de Puan.<\/p>\n\n\n\n<p>M\u00e1s informaci\u00f3n: <a href=\"http:\/\/www.instagram.com\/deportespuan\/\" target=\"_blank\" rel=\"noreferrer noopener\">www.instagram.com\/deportespuan\/<\/a> &#8211; <a href=\"http:\/\/www.facebook.com\/DireccionDeDeportesMunicipalidadDePuan\" target=\"_blank\" rel=\"noreferrer noopener\">www.facebook.com\/DireccionDeDeportesMunicipalidadDePuan<\/a><\/p>\n\n\n\n<p><strong>CASTELLI<\/strong><\/p>\n\n\n\n<p><strong>Rural Bike Castelli<\/strong><\/p>\n\n\n\n<p>Fecha, hora y lugar: Domingo 17, desde las 08:00, en la Laguna Rosita.<\/p>\n\n\n\n<p>Descripci\u00f3n: Contar\u00e1 con categor\u00edas principiante, promocional y competitivas. Inscripci\u00f3n arancelada. Con el acompa\u00f1amiento de las Municipalidades de Chascom\u00fas y Castelli.<\/p>\n\n\n\n<p>M\u00e1s informaci\u00f3n: <a href=\"https:\/\/desafiomtb.vercel.app\/\" target=\"_blank\" rel=\"noreferrer noopener\">https:\/\/desafiomtb.vercel.app\/<\/a>&nbsp; &#8211; <a href=\"http:\/\/www.facebook.com\/castelli.crece\" target=\"_blank\" rel=\"noreferrer noopener\">www.facebook.com\/castelli.crece<\/a> &#8211; <a href=\"http:\/\/www.instagram.com\/castelliciudad\" target=\"_blank\" rel=\"noreferrer noopener\">www.instagram.com\/castelliciudad<\/a> &#8211; <a href=\"http:\/\/www.instagram.com\/desafiomtbchascomus\/\" target=\"_blank\" rel=\"noreferrer noopener\">www.instagram.com\/desafiomtbchascomus\/<\/a><\/p>\n\n\n\n<p><strong>VISITAS GUIADAS<\/strong><\/p>\n\n\n\n<p><strong>RAUCH (Miranda)<\/strong><\/p>\n\n\n\n<p><strong>2\u00ba Encuentro Miranda<\/strong><\/p>\n\n\n\n<p>Fecha, hora y lugar: S\u00e1bado 16, a las 14:00, con punto de encuentro en El And\u00e9n.<\/p>\n\n\n\n<p>Descripci\u00f3n: Recorrido guiado que conecta naturaleza, historia y comunidad con testimonios de pobladores locales. Habr\u00e1 feria de productores, emprendedores y artesanos. Duraci\u00f3n aproximada: 3 horas. Organiza La comunidad de Miranda y las Direcciones de Turismo y Ruralidad de la Municipalidad de Rauch.<\/p>\n\n\n\n<p>M\u00e1s informaci\u00f3n:<a href=\"http:\/\/www.instagram.com\/munirauch\/\" target=\"_blank\" rel=\"noreferrer noopener\"> www.instagram.com\/munirauch\/<\/a> &#8211; <a href=\"http:\/\/www.facebook.com\/MuniRauch?locale=es_LA\" target=\"_blank\" rel=\"noreferrer noopener\">www.facebook.com\/MuniRauch?locale=es_LA<\/a><\/p>\n\n\n\n<p><strong>SAAVEDRA (Espartillar)<\/strong><\/p>\n\n\n\n<p><strong>Descubr\u00ed La Trufa Negra&nbsp;<\/strong><\/p>\n\n\n\n<p>Fecha, hora y lugar: S\u00e1bado 16, a las 10:00, en el establecimiento Trufas Nuevo Mundo.<\/p>\n\n\n\n<p>Descripci\u00f3n: B\u00fasqueda y recolecci\u00f3n de trufas. Degustaci\u00f3n de tres platos distintos. Actividad al aire libre. Llevar ropa abrigada y zapatillas para caminar c\u00f3modamente por el campo. Cupo limitado: 16 personas. Reservas al (11) 5965-7666 o <a href=\"mailto:info@trufasdelnuevomundo.com\" target=\"_blank\" rel=\"noreferrer noopener\">info@trufasdelnuevomundo.com<\/a>. Organiza el establecimiento Trufas del Nuevo Mundo con el acompa\u00f1amiento del Municipio de Saavedra.<\/p>\n\n\n\n<p>M\u00e1s informaci\u00f3n: <a href=\"https:\/\/turismo.saavedra.gob.ar\/evento\/descubri-la-trufa-negra\/\" target=\"_blank\" rel=\"noreferrer noopener\">https:\/\/turismo.saavedra.gob.ar\/evento\/descubri-la-trufa-negra\/<\/a> &#8211; <a href=\"https:\/\/trufasdelnuevomundo.com\/\" target=\"_blank\" rel=\"noreferrer noopener\">https:\/\/trufasdelnuevomundo.com\/<\/a><\/p>\n\n\n\n<p><strong>FERIAS Y EXPOSICIONES<\/strong><\/p>\n\n\n\n<p><strong>BERAZATEGUI<\/strong><\/p>\n\n\n\n<p><strong>18\u00b0 Feria Nacional Berazategui Artesan\u00edas<\/strong><\/p>\n\n\n\n<p><strong>ENTRADA GRATUITA<\/strong><\/p>\n\n\n\n<p>Fecha, hora y lugar: Del jueves 14 al lunes 18, de 15:00 a 21:00, en el Centro Municipal de Actividades Roberto De Vicenzo.&nbsp;<\/p>\n\n\n\n<p>Descripci\u00f3n: Tradicional feria de artesanos y artesanas de todo el pa\u00eds que ofrecer\u00e1n al p\u00fablico dise\u00f1os \u00fanicos y de calidad. Entrada gratuita. Organiza la Municipalidad de Berazategui.<\/p>\n\n\n\n<p>M\u00e1s informaci\u00f3n: <a href=\"https:\/\/www.instagram.com\/culturabe\/\" target=\"_blank\" rel=\"noreferrer noopener\">www.instagram.com\/culturabe\/<\/a> &#8211; <a href=\"http:\/\/www.facebook.com\/CulturaBe\" target=\"_blank\" rel=\"noreferrer noopener\">www.facebook.com\/CulturaBe<\/a>&nbsp;<\/p>\n\n\n\n<p><strong>TANDIL<\/strong><\/p>\n\n\n\n<p><strong>20\u00b0Feria de Tandil<\/strong><\/p>\n\n\n\n<p><strong>ENTRADA GRATUITA<\/strong><\/p>\n\n\n\n<p>Fecha, hora y lugar: Del 14 hasta el 17 de agosto. Jueves y domingo de 14:00 a 22:00; viernes y s\u00e1bado de 10:00 a 22:00, en el Centro Cultural Universitario, Yrigoyen 662.<\/p>\n\n\n\n<p>Descripci\u00f3n: Autores locales e invitados de todo el pa\u00eds. La feria ofrece propuestas para ampliar la lectura y la biblioteca. Entrada gratuita. Organizan la Municipalidad de Tandil, la C\u00e1mara Empresaria de Tandil y la Universidad Nacional del Centro (Unicen)<\/p>\n\n\n\n<p>M\u00e1s informaci\u00f3n: <a href=\"http:\/\/www.instagram.com\/culturatandil\/\" target=\"_blank\" rel=\"noreferrer noopener\">www.instagram.com\/culturatandil\/<\/a> &#8211; <a href=\"http:\/\/www.facebook.com\/culturayeducaciontandil\" target=\"_blank\" rel=\"noreferrer noopener\">www.facebook.com\/culturayeducaciontandil<\/a><\/p>\n\n\n\n<p><strong>TRES ARROYOS<\/strong><\/p>\n\n\n\n<p><strong>26\u00b0 Feria Nacional de los Artesanos<\/strong><\/p>\n\n\n\n<p>Fecha, hora y lugar: Viernes 15, desde las 14:00; s\u00e1bado 16 y domingo 17, desde las 10:00, en el Polideportivo Municipal.<\/p>\n\n\n\n<p>Descripci\u00f3n: Artesanas y artesanos de todo el pa\u00eds, con exposiciones y trabajos en vivo de soguer\u00eda, telar, cer\u00e1mica. En el buffet se podr\u00e1n degustar sabores de distintas regiones del mundo, a cargo de la Asociaci\u00f3n de Colectividades Extranjeras. Entrada arancelada, jubilados y menores de 11 a\u00f1os ingresan gratis.Organiza la Direcci\u00f3n de Cultura, Educaci\u00f3n y Derechos Humanos.<\/p>\n\n\n\n<p>M\u00e1s informaci\u00f3n: <a href=\"http:\/\/www.instagram.com\/cultura.tresarroyos\/?hl=es\" target=\"_blank\" rel=\"noreferrer noopener\">www.instagram.com\/cultura.tresarroyos\/?hl=es<\/a> &#8211; <a href=\"http:\/\/www.facebook.com\/3ArroyosCultura?locale=es_LA\" target=\"_blank\" rel=\"noreferrer noopener\">www.facebook.com\/3ArroyosCultura?locale=es_LA<\/a><\/p>\n\n\n\n<p><strong>NECOCHEA<\/strong><\/p>\n\n\n\n<p><strong>Modo Emprender<\/strong><\/p>\n\n\n\n<p><strong>ENTRADA GRATUITA<\/strong><\/p>\n\n\n\n<p>Fecha, hora y lugar:&nbsp; S\u00e1bado 16 y domingo 17, desde las 14:00, en Centro Vasco, avenida 58 y calle 61.<\/p>\n\n\n\n<p>Descripci\u00f3n: M\u00e1s de cuarenta stands locales y regionales. Entrada gratuita. Organiza Direcci\u00f3n de emprendimientos y pymes; y Secretar\u00eda de Turismo y<\/p>\n\n\n\n<p>Desarrollo Productivo con el apoyo de la Municipalidad de Necochea y el Consejo Federal de Inversiones.<\/p>\n\n\n\n<p>M\u00e1s informaci\u00f3n:<a href=\"http:\/\/www.instagram.com\/necocheatur\/\" target=\"_blank\" rel=\"noreferrer noopener\">www.instagram.com\/necocheatur\/<\/a> &#8211; <a href=\"https:\/\/www.facebook.com\/NecocheaTur\" target=\"_blank\" rel=\"noreferrer noopener\">www.facebook.com\/NecocheaTur<\/a><\/p>\n","protected":false},"excerpt":{"rendered":"<p>Del jueves 14 al jueves 21 de agosto de 2025 Los municipios bonaerenses recordar\u00e1n al General San Mart\u00edn y celebrar\u00e1n el mes de las infancias con una agenda imperdible. General&hellip; <\/p>\n","protected":false},"author":2,"featured_media":39996,"comment_status":"closed","ping_status":"closed","sticky":false,"template":"","format":"standard","meta":{"footnotes":""},"categories":[27],"tags":[],"class_list":["post-39995","post","type-post","status-publish","format-standard","has-post-thumbnail","hentry","category-turismo"],"_links":{"self":[{"href":"https:\/\/eenergetica.com.ar\/index.php\/wp-json\/wp\/v2\/posts\/39995","targetHints":{"allow":["GET"]}}],"collection":[{"href":"https:\/\/eenergetica.com.ar\/index.php\/wp-json\/wp\/v2\/posts"}],"about":[{"href":"https:\/\/eenergetica.com.ar\/index.php\/wp-json\/wp\/v2\/types\/post"}],"author":[{"embeddable":true,"href":"https:\/\/eenergetica.com.ar\/index.php\/wp-json\/wp\/v2\/users\/2"}],"replies":[{"embeddable":true,"href":"https:\/\/eenergetica.com.ar\/index.php\/wp-json\/wp\/v2\/comments?post=39995"}],"version-history":[{"count":1,"href":"https:\/\/eenergetica.com.ar\/index.php\/wp-json\/wp\/v2\/posts\/39995\/revisions"}],"predecessor-version":[{"id":39997,"href":"https:\/\/eenergetica.com.ar\/index.php\/wp-json\/wp\/v2\/posts\/39995\/revisions\/39997"}],"wp:featuredmedia":[{"embeddable":true,"href":"https:\/\/eenergetica.com.ar\/index.php\/wp-json\/wp\/v2\/media\/39996"}],"wp:attachment":[{"href":"https:\/\/eenergetica.com.ar\/index.php\/wp-json\/wp\/v2\/media?parent=39995"}],"wp:term":[{"taxonomy":"category","embeddable":true,"href":"https:\/\/eenergetica.com.ar\/index.php\/wp-json\/wp\/v2\/categories?post=39995"},{"taxonomy":"post_tag","embeddable":true,"href":"https:\/\/eenergetica.com.ar\/index.php\/wp-json\/wp\/v2\/tags?post=39995"}],"curies":[{"name":"wp","href":"https:\/\/api.w.org\/{rel}","templated":true}]}}