{"id":39962,"date":"2025-08-11T08:30:54","date_gmt":"2025-08-11T11:30:54","guid":{"rendered":"http:\/\/eenergetica.com.ar\/?p=39962"},"modified":"2025-08-11T08:30:54","modified_gmt":"2025-08-11T11:30:54","slug":"las-ventas-minoristas-pyme-bajaron-2-interanual-en-julio","status":"publish","type":"post","link":"https:\/\/eenergetica.com.ar\/index.php\/2025\/08\/11\/las-ventas-minoristas-pyme-bajaron-2-interanual-en-julio\/","title":{"rendered":"Las ventas minoristas pyme bajaron 2% interanual en julio"},"content":{"rendered":"\n<figure class=\"wp-block-table\"><table class=\"has-fixed-layout\"><tbody><tr><td>En julio, las ventas minoristas pymes marcaron un retroceso en la medici\u00f3n interanual con una baja del 2% a precios constantes. Comparado con el mes anterior, el descenso fue a\u00fan m\u00e1s marcado, con una disminuci\u00f3n del 5,7\u202f%. Por otra parte, en lo que va del a\u00f1o, las ventas acumulan un crecimiento interanual del 7,6%, marcando una mejora respecto al mismo per\u00edodo del a\u00f1o pasado.&nbsp;Respecto a la econom\u00eda de los comercios, el 57,9% indic\u00f3 que se mantuvo igual respecto al a\u00f1o anterior, mientras que un 30% (2,5% m\u00e1s que el mes anterior) afirm\u00f3 que empeor\u00f3. Por otro lado, el 49,2% de los comercios relevados sostuvo la creencia de que la situaci\u00f3n econ\u00f3mica de su negocio mejorar\u00e1 de cara al pr\u00f3ximo a\u00f1o, mientras que la cantidad de encuestados que cree que ser\u00e1 peor creci\u00f3 respecto al mes anterior, estableci\u00e9ndose en el 10,1%.<\/td><\/tr><\/tbody><\/table><\/figure>\n","protected":false},"excerpt":{"rendered":"<p>En julio, las ventas minoristas pymes marcaron un retroceso en la medici\u00f3n interanual con una baja del 2% a precios constantes. Comparado con el mes anterior, el descenso fue a\u00fan&hellip; <\/p>\n","protected":false},"author":2,"featured_media":39963,"comment_status":"closed","ping_status":"closed","sticky":false,"template":"","format":"standard","meta":{"footnotes":""},"categories":[21],"tags":[],"class_list":["post-39962","post","type-post","status-publish","format-standard","has-post-thumbnail","hentry","category-economia"],"_links":{"self":[{"href":"https:\/\/eenergetica.com.ar\/index.php\/wp-json\/wp\/v2\/posts\/39962","targetHints":{"allow":["GET"]}}],"collection":[{"href":"https:\/\/eenergetica.com.ar\/index.php\/wp-json\/wp\/v2\/posts"}],"about":[{"href":"https:\/\/eenergetica.com.ar\/index.php\/wp-json\/wp\/v2\/types\/post"}],"author":[{"embeddable":true,"href":"https:\/\/eenergetica.com.ar\/index.php\/wp-json\/wp\/v2\/users\/2"}],"replies":[{"embeddable":true,"href":"https:\/\/eenergetica.com.ar\/index.php\/wp-json\/wp\/v2\/comments?post=39962"}],"version-history":[{"count":1,"href":"https:\/\/eenergetica.com.ar\/index.php\/wp-json\/wp\/v2\/posts\/39962\/revisions"}],"predecessor-version":[{"id":39964,"href":"https:\/\/eenergetica.com.ar\/index.php\/wp-json\/wp\/v2\/posts\/39962\/revisions\/39964"}],"wp:featuredmedia":[{"embeddable":true,"href":"https:\/\/eenergetica.com.ar\/index.php\/wp-json\/wp\/v2\/media\/39963"}],"wp:attachment":[{"href":"https:\/\/eenergetica.com.ar\/index.php\/wp-json\/wp\/v2\/media?parent=39962"}],"wp:term":[{"taxonomy":"category","embeddable":true,"href":"https:\/\/eenergetica.com.ar\/index.php\/wp-json\/wp\/v2\/categories?post=39962"},{"taxonomy":"post_tag","embeddable":true,"href":"https:\/\/eenergetica.com.ar\/index.php\/wp-json\/wp\/v2\/tags?post=39962"}],"curies":[{"name":"wp","href":"https:\/\/api.w.org\/{rel}","templated":true}]}}