{"id":39947,"date":"2025-08-08T08:56:21","date_gmt":"2025-08-08T11:56:21","guid":{"rendered":"http:\/\/eenergetica.com.ar\/?p=39947"},"modified":"2025-08-08T08:56:22","modified_gmt":"2025-08-08T11:56:22","slug":"la-libertad-avanza-el-peronismo-y-provincias-unidas-inscribieron-sus-frentes-para-las-elecciones-de-octubre","status":"publish","type":"post","link":"https:\/\/eenergetica.com.ar\/index.php\/2025\/08\/08\/la-libertad-avanza-el-peronismo-y-provincias-unidas-inscribieron-sus-frentes-para-las-elecciones-de-octubre\/","title":{"rendered":"La Libertad Avanza, el peronismo y Provincias Unidas inscribieron sus frentes para las elecciones de octubre"},"content":{"rendered":"\n<p>La Libertad Avanza (LLA), el PRO, el peronismo y otros sectores como Provincias Unidas presentaron este jueves los frentes con los que competir\u00e1n en las elecciones legislativas del 26 de octubre, en una ratificaci\u00f3n de las alianzas que ya hab\u00edan sellado previamente en otros distritos.<\/p>\n\n\n\n<p><strong>LLA ratific\u00f3 as\u00ed su acuerdo con el PRO para la provincia y la ciudad de Buenos Aires<\/strong>, mientras un grupo de gobernadores present\u00f3 en sociedad el sello Provincias Unidas, que llevar\u00e1 como candidatos a&nbsp;<strong>Facundo Manes&nbsp;<\/strong>y&nbsp;<strong>Mart\u00edn Lousteau<\/strong>.<\/p>\n\n\n\n<p>El peronismo, por su parte, ratific\u00f3 la unidad que hab\u00eda alcanzado entre todos los sectores para la provincia de Buenos Aires, con la \u00fanica excepci\u00f3n del Frente Patria Grande&nbsp;<strong>Juan Grabois<\/strong>, quien se neg\u00f3 a firmar el acuerdo, tal como confirmaron fuentes de ese espacio a la&nbsp;<strong>Agencia Noticias Argentinas<\/strong>.<\/p>\n\n\n\n<p>LLA y el PRO sellaron su acuerdo electoral de cara a las elecciones nacionales del 26 de octubre y anticiparon que el entendimiento tendr\u00e1 correspondencia en el Congreso.<\/p>\n\n\n\n<p>\u201cAmbos partidos trabajar\u00e1n en conjunto hasta 2027 para consolidad a trav\u00e9s de sus representantes en el Congreso de la Naci\u00f3n, la agenda de reformas que el presidente Javier Milei lidera desde diciembre de 2023\u201d, indicaron ambas fuerzas.<\/p>\n\n\n\n<p>X de Karina Milei<\/p>\n\n\n\n<p>Los espacios pol\u00edticos se\u00f1alaron que el \u201cacuerdo implica el compromiso de ambas bancadas de evitar que prospere el irresponsable plan legislativo de aquellos que condujeron al pa\u00eds a la cat\u00e1strofe econ\u00f3mica y a la pobreza\u201d.<\/p>\n\n\n\n<p>Tras el anuncio, la secretaria general de la Presidencia,&nbsp;<strong>Karina Milei<\/strong>, destac\u00f3 que tanto ella como el ex presidente comparten la necesidad de \u201csostener y profundizar\u201d el rumbo iniciado por el Gobierno de&nbsp;<strong>Javier Milei&nbsp;<\/strong>en diciembre de 2023.<\/p>\n\n\n\n<p>Por su parte, el peronismo ratific\u00f3 &nbsp;la alianza Fuerza Patria que firm\u00f3 el pasado 9 de julio para competir tanto en las elecciones legislativas nacionales como en las bonaerenses, aunque sin el espacio de Grabois.<\/p>\n\n\n\n<p>X de Juan Grabois<\/p>\n\n\n\n<p><strong>\u201cCristina Kirchner le dijo que vayamos todos juntos. Si rompe es cosa de \u00e9l\u201d<\/strong>, hab\u00eda sentenciado una fuente del armado ante la consulta de esta agencia.<\/p>\n\n\n\n<p>En territorio porte\u00f1o, el justicialismo cerr\u00f3 un frente de unidad bajo el sello Fuerza Patria, donde logr\u00f3 integrar a todas las tribus que hab\u00edan competido por afuera en las elecciones legislativas del 18 de mayo, incluido el espacio de&nbsp;<strong>Juan Manuel Abal Medina&nbsp;<\/strong>y Partidos y Valores, de<strong>&nbsp;Guillermo Moreno<\/strong>.<\/p>\n\n\n\n<p>El peronismo santafesino oficializ\u00f3 un frente electoral en la provincia de Santa Fe bajo el nombre Fuerza Patria, mientras que en Entre R\u00edos el ex intendente de Paran\u00e1 Ad\u00e1n Bahl y el ex director de aduanas&nbsp;<strong>Guillermo Michel<\/strong>&nbsp;presentaron Fuerza Entre R\u00edos, el espacio con el que competir\u00e1n en las elecciones del 26 de octubre.<\/p>\n\n\n\n<p>Al igual que en Santa Fe, el PJ entrerriano sell\u00f3 su frente electoral bajo el nombre \u201cFuerza Entre R\u00edos\u201d, con Bahl y Michel como candidatos a legisladores nacionales.<\/p>\n\n\n\n<p>X de Guillermo Michel<\/p>\n\n\n\n<p>En tierras salte\u00f1as, Fuerza Patria tambi\u00e9n logr\u00f3 constituirse como frente de la mano del ex gobernador de esa provincia<strong>&nbsp;Juan Manuel Urtubey<\/strong>, quien buscar\u00e1 competir para ser senador nacional por ese espacio.<\/p>\n\n\n\n<p>El justicialismo fueguino, en tanto, qued\u00f3 integrado por el Partido Justicialista, Partido de la Concertaci\u00f3n FORJA, Principios y Valores y Unidad Socialista, entre otras fuerzas.<\/p>\n\n\n\n<h2 class=\"wp-block-heading\">El armado de los gobernadores<\/h2>\n\n\n\n<p>En un intento por reeditar la \u201cancha avenida del medio\u201d, los radicales Mart\u00edn Lousteau y Facundo Manes cerraron un acuerdo en la ciudad de Buenos Aires que los llevar\u00e1 a ser candidatos nacionales en las pr\u00f3ximas elecciones del 26 de octubre, en l\u00ednea con la propuesta que encabezan en otras provincias los gobernadores agrupados Provincias Unidas.<\/p>\n\n\n\n<p>fuente NA<\/p>\n","protected":false},"excerpt":{"rendered":"<p>La Libertad Avanza (LLA), el PRO, el peronismo y otros sectores como Provincias Unidas presentaron este jueves los frentes con los que competir\u00e1n en las elecciones legislativas del 26 de&hellip; <\/p>\n","protected":false},"author":2,"featured_media":39948,"comment_status":"closed","ping_status":"closed","sticky":false,"template":"","format":"standard","meta":{"footnotes":""},"categories":[28,20],"tags":[],"class_list":["post-39947","post","type-post","status-publish","format-standard","has-post-thumbnail","hentry","category-destacada","category-politica"],"_links":{"self":[{"href":"https:\/\/eenergetica.com.ar\/index.php\/wp-json\/wp\/v2\/posts\/39947","targetHints":{"allow":["GET"]}}],"collection":[{"href":"https:\/\/eenergetica.com.ar\/index.php\/wp-json\/wp\/v2\/posts"}],"about":[{"href":"https:\/\/eenergetica.com.ar\/index.php\/wp-json\/wp\/v2\/types\/post"}],"author":[{"embeddable":true,"href":"https:\/\/eenergetica.com.ar\/index.php\/wp-json\/wp\/v2\/users\/2"}],"replies":[{"embeddable":true,"href":"https:\/\/eenergetica.com.ar\/index.php\/wp-json\/wp\/v2\/comments?post=39947"}],"version-history":[{"count":1,"href":"https:\/\/eenergetica.com.ar\/index.php\/wp-json\/wp\/v2\/posts\/39947\/revisions"}],"predecessor-version":[{"id":39949,"href":"https:\/\/eenergetica.com.ar\/index.php\/wp-json\/wp\/v2\/posts\/39947\/revisions\/39949"}],"wp:featuredmedia":[{"embeddable":true,"href":"https:\/\/eenergetica.com.ar\/index.php\/wp-json\/wp\/v2\/media\/39948"}],"wp:attachment":[{"href":"https:\/\/eenergetica.com.ar\/index.php\/wp-json\/wp\/v2\/media?parent=39947"}],"wp:term":[{"taxonomy":"category","embeddable":true,"href":"https:\/\/eenergetica.com.ar\/index.php\/wp-json\/wp\/v2\/categories?post=39947"},{"taxonomy":"post_tag","embeddable":true,"href":"https:\/\/eenergetica.com.ar\/index.php\/wp-json\/wp\/v2\/tags?post=39947"}],"curies":[{"name":"wp","href":"https:\/\/api.w.org\/{rel}","templated":true}]}}