{"id":39927,"date":"2025-08-07T12:42:46","date_gmt":"2025-08-07T15:42:46","guid":{"rendered":"http:\/\/eenergetica.com.ar\/?p=39927"},"modified":"2025-08-07T12:42:46","modified_gmt":"2025-08-07T15:42:46","slug":"el-gobierno-oficializo-el-dia-del-nino-tras-un-pedido-de-la-industria-del-juguete","status":"publish","type":"post","link":"https:\/\/eenergetica.com.ar\/index.php\/2025\/08\/07\/el-gobierno-oficializo-el-dia-del-nino-tras-un-pedido-de-la-industria-del-juguete\/","title":{"rendered":"El Gobierno oficializ\u00f3 el &#8220;D\u00eda del Ni\u00f1o&#8221; tras un pedido de la industria del juguete"},"content":{"rendered":"\n<p><strong>El Gobierno nacional oficializ\u00f3 este mi\u00e9rcoles la denominaci\u00f3n \u201cD\u00eda del Ni\u00f1o\u201d para el tercer domingo de agosto de cada a\u00f1o,<\/strong>&nbsp;en respuesta a un pedido impulsado por la C\u00e1mara Argentina de la Industria del Juguete (CAIJ), que celebr\u00f3 la medida publicada en el Bolet\u00edn Oficial a trav\u00e9s del Decreto N.\u00ba 562\/2025.<\/p>\n\n\n\n<p>El presidente de la entidad, Mat\u00edas Furi\u00f3, explic\u00f3 que&nbsp;<strong>la iniciativa tuvo como objetivo unificar la denominaci\u00f3n de una fecha \u201ccon fuerte arraigo cultural\u201d y con un \u201cprofundo v\u00ednculo con el derecho al juego, consagrado en la Convenci\u00f3n sobre los Derechos del Ni\u00f1o\u201d.<\/strong><\/p>\n\n\n\n<p>La decisi\u00f3n del Estado nacional busca evitar las confusiones generadas por las distintas denominaciones que se ven\u00edan utilizando en provincias y municipios, y brindar<strong>&nbsp;\u201ccoherencia institucional\u201d<\/strong>&nbsp;a una jornada tradicionalmente celebrada por familias, comercios y organizaciones sociales.<\/p>\n\n\n\n<p>En el marco de la conmemoraci\u00f3n, la CAIJ tambi\u00e9n lanz\u00f3 una<strong>&nbsp;campa\u00f1a solidaria de donaci\u00f3n de juguetes<\/strong>, que comenz\u00f3 con la entrega de 300 unidades en el Hospital de Ni\u00f1os Ricardo Guti\u00e9rrez, destinadas a ni\u00f1as y ni\u00f1os internados que atraviesan distintos tratamientos.<\/p>\n\n\n\n<p>Seg\u00fan informaron desde la c\u00e1mara empresaria, esta acci\u00f3n solidaria continuar\u00e1 en hospitales pedi\u00e1tricos de todo el pa\u00eds y en comunidades del interior como parte del compromiso del sector con el bienestar infantil y el esp\u00edritu solidario que dio origen al D\u00eda del Ni\u00f1o en la d\u00e9cada de 1940.<\/p>\n\n\n\n<p>fuente NA<\/p>\n","protected":false},"excerpt":{"rendered":"<p>El Gobierno nacional oficializ\u00f3 este mi\u00e9rcoles la denominaci\u00f3n \u201cD\u00eda del Ni\u00f1o\u201d para el tercer domingo de agosto de cada a\u00f1o,&nbsp;en respuesta a un pedido impulsado por la C\u00e1mara Argentina de&hellip; <\/p>\n","protected":false},"author":2,"featured_media":39928,"comment_status":"closed","ping_status":"closed","sticky":false,"template":"","format":"standard","meta":{"footnotes":""},"categories":[20],"tags":[],"class_list":["post-39927","post","type-post","status-publish","format-standard","has-post-thumbnail","hentry","category-politica"],"_links":{"self":[{"href":"https:\/\/eenergetica.com.ar\/index.php\/wp-json\/wp\/v2\/posts\/39927","targetHints":{"allow":["GET"]}}],"collection":[{"href":"https:\/\/eenergetica.com.ar\/index.php\/wp-json\/wp\/v2\/posts"}],"about":[{"href":"https:\/\/eenergetica.com.ar\/index.php\/wp-json\/wp\/v2\/types\/post"}],"author":[{"embeddable":true,"href":"https:\/\/eenergetica.com.ar\/index.php\/wp-json\/wp\/v2\/users\/2"}],"replies":[{"embeddable":true,"href":"https:\/\/eenergetica.com.ar\/index.php\/wp-json\/wp\/v2\/comments?post=39927"}],"version-history":[{"count":1,"href":"https:\/\/eenergetica.com.ar\/index.php\/wp-json\/wp\/v2\/posts\/39927\/revisions"}],"predecessor-version":[{"id":39929,"href":"https:\/\/eenergetica.com.ar\/index.php\/wp-json\/wp\/v2\/posts\/39927\/revisions\/39929"}],"wp:featuredmedia":[{"embeddable":true,"href":"https:\/\/eenergetica.com.ar\/index.php\/wp-json\/wp\/v2\/media\/39928"}],"wp:attachment":[{"href":"https:\/\/eenergetica.com.ar\/index.php\/wp-json\/wp\/v2\/media?parent=39927"}],"wp:term":[{"taxonomy":"category","embeddable":true,"href":"https:\/\/eenergetica.com.ar\/index.php\/wp-json\/wp\/v2\/categories?post=39927"},{"taxonomy":"post_tag","embeddable":true,"href":"https:\/\/eenergetica.com.ar\/index.php\/wp-json\/wp\/v2\/tags?post=39927"}],"curies":[{"name":"wp","href":"https:\/\/api.w.org\/{rel}","templated":true}]}}