{"id":39902,"date":"2025-08-07T11:42:57","date_gmt":"2025-08-07T14:42:57","guid":{"rendered":"http:\/\/eenergetica.com.ar\/?p=39902"},"modified":"2025-08-07T11:42:58","modified_gmt":"2025-08-07T14:42:58","slug":"segun-un-informe-de-la-uba-casi-la-mitad-de-los-argentinos-recurre-a-la-tarjeta-de-credito-para-comprar-alimentos-en-los-supermercados","status":"publish","type":"post","link":"https:\/\/eenergetica.com.ar\/index.php\/2025\/08\/07\/segun-un-informe-de-la-uba-casi-la-mitad-de-los-argentinos-recurre-a-la-tarjeta-de-credito-para-comprar-alimentos-en-los-supermercados\/","title":{"rendered":"SEG\u00daN UN INFORME DE LA UBA, CASI LA MITAD DE LOS ARGENTINOS RECURRE A LA TARJETA DE CR\u00c9DITO PARA COMPRAR ALIMENTOS EN LOS SUPERMERCADOS"},"content":{"rendered":"\n<p>Entre diciembre de 2023 \u2014inicio de la gesti\u00f3n de Milei\u2014 y mayo de 2025, el uso de tarjetas de cr\u00e9dito para realizar las compras de supermercado se increment\u00f3 significativamente, pasando de representar el 39% al 46% del total de las compras. As\u00ed lo revela un informe del Centro RA, dependiente de la Facultad de Ciencias Econ\u00f3micas de la UBA.<\/p>\n\n\n\n<p>Seg\u00fan un informe del Centro de Estudios para la Recuperaci\u00f3n Argentina de la Facultad de Ciencias Econ\u00f3micas (UBA), el incremento en el uso de las tarjetas de cr\u00e9dito para comprar en los supermercados se dio en paralelo a una ca\u00edda en el uso de otros medios de pago: las tarjetas de d\u00e9bito retrocedieron del 34% al 27%, mientras que el efectivo disminuy\u00f3 del 20% al 16%. Esta din\u00e1mica sugiere que&nbsp;una proporci\u00f3n creciente de los hogares estar\u00eda apelando al endeudamiento para cubrir consumos b\u00e1sicos mensuales, como alimentos, productos de higiene y art\u00edculos de primera necesidad, dejando de manifiesto la p\u00e9rdida del poder adquisitivo de los ingresos&nbsp;<\/p>\n\n\n\n<p>Por otro lado, a pesar del inicio de una incipiente recuperaci\u00f3n de la actividad econ\u00f3mica en el segundo trimestre del a\u00f1o, la demanda de bienes a\u00fan no muestra se\u00f1ales claras de recuperaci\u00f3n. Seg\u00fan los datos de mayo de 2025, las ventas de supermercados mayoristas se contrajeron cerca de un 5% en t\u00e9rminos interanuales, a pesar de registrar un leve aumento \u2014inferior al 1%\u2014 respecto al mes anterior. En el caso de los supermercados, se observa un incremento interanual del 6,1%, aunque con una ca\u00edda mensual del 1,2%. En l\u00ednea con esta din\u00e1mica, en mayo las ventas de los mayoristas se ubicaron aproximadamente un 34% por debajo del nivel registrado al inicio de la gesti\u00f3n de Milei, mientras que las de los supermercados se mantuvieron en torno a un 28% por debajo. Cabe se\u00f1alar que, transcurridos 29 meses de gesti\u00f3n, el nivel de ventas tanto en mayoristas como en supermercados no ha logrado recuperar los valores de comienzos del mandato.<\/p>\n\n\n\n<p>Este comportamiento puede observarse de mejor manera con las ca\u00eddas acumuladas de las ventas. Si bien se registra crecimiento sostenido de las ventas en supermercados durante los \u00faltimos cinco meses este no ha sido suficiente para compensar la ca\u00edda previa, lo que genera que la ca\u00edda acumulada en las ventas de supermercados durante la gesti\u00f3n sea cercana al 7%. Por otra parte, las ventas mayoristas profundizaron su retroceso desde el cambio de gobierno, acumulando una contracci\u00f3n cercana al 19%. Esta divergencia podr\u00eda estar reflejando un proceso de desacumulaci\u00f3n de stocks por parte de los supermercados, que estar\u00edan vendiendo mercader\u00eda adquirida en per\u00edodos anteriores sin reponerla v\u00eda compras mayoristas, en un contexto marcado por la incertidumbre y poca probabilidad de recuperaci\u00f3n de la demanda en el corto plazo.<\/p>\n\n\n\n<p>En s\u00edntesis, los datos analizados reflejan una situaci\u00f3n a\u00fan delicada en t\u00e9rminos de consumo masivo. A pesar de ciertos signos de recuperaci\u00f3n en las ventas de supermercados, la demanda no logra recomponerse plenamente y permanece por debajo de los niveles previos al inicio de la actual gesti\u00f3n. La persistente contracci\u00f3n de las ventas mayoristas, sumada al creciente uso de financiamiento para la compra de bienes b\u00e1sicos, sugiere que el consumo est\u00e1 siendo sostenido parcialmente por mecanismos de endeudamiento, en un contexto de debilitamiento del poder adquisitivo y elevada incertidumbre econ\u00f3mica. Estos elementos, en conjunto, ponen en evidencia las dificultades que enfrenta el mercado interno para consolidar una recuperaci\u00f3n sostenida.<\/p>\n","protected":false},"excerpt":{"rendered":"<p>Entre diciembre de 2023 \u2014inicio de la gesti\u00f3n de Milei\u2014 y mayo de 2025, el uso de tarjetas de cr\u00e9dito para realizar las compras de supermercado se increment\u00f3 significativamente, pasando&hellip; <\/p>\n","protected":false},"author":2,"featured_media":39903,"comment_status":"closed","ping_status":"closed","sticky":false,"template":"","format":"standard","meta":{"footnotes":""},"categories":[28,21],"tags":[],"class_list":["post-39902","post","type-post","status-publish","format-standard","has-post-thumbnail","hentry","category-destacada","category-economia"],"_links":{"self":[{"href":"https:\/\/eenergetica.com.ar\/index.php\/wp-json\/wp\/v2\/posts\/39902","targetHints":{"allow":["GET"]}}],"collection":[{"href":"https:\/\/eenergetica.com.ar\/index.php\/wp-json\/wp\/v2\/posts"}],"about":[{"href":"https:\/\/eenergetica.com.ar\/index.php\/wp-json\/wp\/v2\/types\/post"}],"author":[{"embeddable":true,"href":"https:\/\/eenergetica.com.ar\/index.php\/wp-json\/wp\/v2\/users\/2"}],"replies":[{"embeddable":true,"href":"https:\/\/eenergetica.com.ar\/index.php\/wp-json\/wp\/v2\/comments?post=39902"}],"version-history":[{"count":1,"href":"https:\/\/eenergetica.com.ar\/index.php\/wp-json\/wp\/v2\/posts\/39902\/revisions"}],"predecessor-version":[{"id":39904,"href":"https:\/\/eenergetica.com.ar\/index.php\/wp-json\/wp\/v2\/posts\/39902\/revisions\/39904"}],"wp:featuredmedia":[{"embeddable":true,"href":"https:\/\/eenergetica.com.ar\/index.php\/wp-json\/wp\/v2\/media\/39903"}],"wp:attachment":[{"href":"https:\/\/eenergetica.com.ar\/index.php\/wp-json\/wp\/v2\/media?parent=39902"}],"wp:term":[{"taxonomy":"category","embeddable":true,"href":"https:\/\/eenergetica.com.ar\/index.php\/wp-json\/wp\/v2\/categories?post=39902"},{"taxonomy":"post_tag","embeddable":true,"href":"https:\/\/eenergetica.com.ar\/index.php\/wp-json\/wp\/v2\/tags?post=39902"}],"curies":[{"name":"wp","href":"https:\/\/api.w.org\/{rel}","templated":true}]}}