{"id":39899,"date":"2025-08-07T11:29:44","date_gmt":"2025-08-07T14:29:44","guid":{"rendered":"http:\/\/eenergetica.com.ar\/?p=39899"},"modified":"2025-08-07T11:29:44","modified_gmt":"2025-08-07T14:29:44","slug":"ate-berazategui-conmemoro-el-dia-de-las-infancias-junto-a-sus-afiliados","status":"publish","type":"post","link":"https:\/\/eenergetica.com.ar\/index.php\/2025\/08\/07\/ate-berazategui-conmemoro-el-dia-de-las-infancias-junto-a-sus-afiliados\/","title":{"rendered":"ATE Berazategui conmemor\u00f3 el D\u00eda de las Infancias junto a sus afiliados"},"content":{"rendered":"\n<p><strong>El s\u00e1bado 2 de agosto, la seccional Berazategui de la Asociaci\u00f3n de Trabajadores del Estado (ATE) celebr\u00f3 el D\u00eda de las Infancias con una jornada recreativa. Afiliados y afiliadas participaron del evento junto a sus familias, que disfrutaron de una tarde con juegos, sorteos y sorpresas para ni\u00f1os y ni\u00f1as. El intendente Juan Jos\u00e9 Mussi acompa\u00f1\u00f3 la actividad y comparti\u00f3 el festejo con las y los presentes.<\/strong><br>\u201cAgradezco la invitaci\u00f3n y los felicito porque los gremios que trabajan para darles alegr\u00eda a sus pibes, merecen reconocimiento\u201d, expres\u00f3 Mussi.<br>Asimismo, el Intendente agreg\u00f3: \u201cEstamos todos unidos para que nuestra gente est\u00e9 mejor: los trabajadores y los berazateguenses. Siempre so\u00f1\u00e9 con una Argentina m\u00e1s linda, pero la Argentina de hoy es dolorosa. Hay que recordar qui\u00e9n estuvo siempre, qui\u00e9n nos acompa\u00f1\u00f3, a qui\u00e9nes les interesan las personas&#8230; Y, por otro lado, qui\u00e9nes son los que desfinancian hospitales, qui\u00e9nes quieren privatizar la salud y la educaci\u00f3n\u201d.<br>En tanto, el secretario general de la CTA Aut\u00f3noma de la provincia de Buenos Aires, Oscar de Isasi, afirm\u00f3: \u201cEsta fiesta del D\u00eda de las Infancias ya es una tradici\u00f3n en Berazategui. Quiero valorar la presencia de Juan Jos\u00e9 Mussi que un s\u00e1bado por la tarde est\u00e1 aqu\u00ed con nosotros. Reafirmo que nuestra responsabilidad es trabajar y luchar por el bienestar de miles de pibes y pibas\u201d.<br>Finalmente, el secretario general de ATE-CTA Berazategui, Carlos Acosta, se\u00f1al\u00f3: \u201cEstamos viviendo una situaci\u00f3n muy dif\u00edcil y nosotros seguimos defendiendo la salud, la educaci\u00f3n y la justicia. Defendemos el futuro de nuestros hijos y nietos. Sigamos luchando en Berazategui y en todo el pa\u00eds\u201d.<br>Durante la celebraci\u00f3n, los m\u00e1s de 400 chicos y chicas disfrutaron de juegos inflables y mec\u00e1nicos, adem\u00e1s de otros atractivos como pochocleras, peloteros y un sector de dibujo art\u00edstico. Asimismo, hubo espect\u00e1culos infantiles, m\u00fasica, sorteos y propuestas gastron\u00f3micas.<br>Tambi\u00e9n particip\u00f3 el subsecretario de Relaciones Sindicales, Cristian Rearte; junto a otros integrantes del Gabinete municipal.<\/p>\n","protected":false},"excerpt":{"rendered":"<p>El s\u00e1bado 2 de agosto, la seccional Berazategui de la Asociaci\u00f3n de Trabajadores del Estado (ATE) celebr\u00f3 el D\u00eda de las Infancias con una jornada recreativa. Afiliados y afiliadas participaron&hellip; <\/p>\n","protected":false},"author":2,"featured_media":39900,"comment_status":"closed","ping_status":"closed","sticky":false,"template":"","format":"standard","meta":{"footnotes":""},"categories":[22],"tags":[],"class_list":["post-39899","post","type-post","status-publish","format-standard","has-post-thumbnail","hentry","category-sociedad"],"_links":{"self":[{"href":"https:\/\/eenergetica.com.ar\/index.php\/wp-json\/wp\/v2\/posts\/39899","targetHints":{"allow":["GET"]}}],"collection":[{"href":"https:\/\/eenergetica.com.ar\/index.php\/wp-json\/wp\/v2\/posts"}],"about":[{"href":"https:\/\/eenergetica.com.ar\/index.php\/wp-json\/wp\/v2\/types\/post"}],"author":[{"embeddable":true,"href":"https:\/\/eenergetica.com.ar\/index.php\/wp-json\/wp\/v2\/users\/2"}],"replies":[{"embeddable":true,"href":"https:\/\/eenergetica.com.ar\/index.php\/wp-json\/wp\/v2\/comments?post=39899"}],"version-history":[{"count":1,"href":"https:\/\/eenergetica.com.ar\/index.php\/wp-json\/wp\/v2\/posts\/39899\/revisions"}],"predecessor-version":[{"id":39901,"href":"https:\/\/eenergetica.com.ar\/index.php\/wp-json\/wp\/v2\/posts\/39899\/revisions\/39901"}],"wp:featuredmedia":[{"embeddable":true,"href":"https:\/\/eenergetica.com.ar\/index.php\/wp-json\/wp\/v2\/media\/39900"}],"wp:attachment":[{"href":"https:\/\/eenergetica.com.ar\/index.php\/wp-json\/wp\/v2\/media?parent=39899"}],"wp:term":[{"taxonomy":"category","embeddable":true,"href":"https:\/\/eenergetica.com.ar\/index.php\/wp-json\/wp\/v2\/categories?post=39899"},{"taxonomy":"post_tag","embeddable":true,"href":"https:\/\/eenergetica.com.ar\/index.php\/wp-json\/wp\/v2\/tags?post=39899"}],"curies":[{"name":"wp","href":"https:\/\/api.w.org\/{rel}","templated":true}]}}