{"id":39819,"date":"2025-08-01T11:09:40","date_gmt":"2025-08-01T14:09:40","guid":{"rendered":"http:\/\/eenergetica.com.ar\/?p=39819"},"modified":"2025-08-01T11:09:41","modified_gmt":"2025-08-01T14:09:41","slug":"la-energia-electrica-sube-2-en-amba","status":"publish","type":"post","link":"https:\/\/eenergetica.com.ar\/index.php\/2025\/08\/01\/la-energia-electrica-sube-2-en-amba\/","title":{"rendered":"La energ\u00eda el\u00e9ctrica sube 2% en AMBA"},"content":{"rendered":"\n<p><strong>Las tarifas de energ\u00eda el\u00e9ctrica en la zona del AMBA atendidas por las empresas EDENOR y EDESUR tendr\u00e1n un ajuste de 2% a partir de este viernes 1\u00b0 de agosto,<\/strong>&nbsp;seg\u00fan disposici\u00f3n del ENRE.<\/p>\n\n\n\n<p><a href=\"https:\/\/www.boletinoficial.gob.ar\/detalleAviso\/primera\/329162\/20250801\" target=\"_blank\" rel=\"noreferrer noopener\">As\u00ed se desprende de las resoluciones 568 y 569 de ese organismo que se publicaron hoy en el Bolet\u00edn Oficial.<\/a><\/p>\n\n\n\n<p><mark>La suba est\u00e1 en l\u00ednea con la inflaci\u00f3n de julio y la esperada para el mes que comienza.<\/mark><\/p>\n\n\n\n<p>Este incremento es parte del proceso de actualizaci\u00f3n de las tarifas que incluy\u00f3 otra tira de resoluciones que dispon\u00edan alzas en la generaci\u00f3n y el transporte.<\/p>\n\n\n\n<p>Por las resoluci\u00f3n 549 a 567\/2025 del ENRE dispuso un alza de entre 1,64% y 11,15% para el servicio de transporte de energ\u00eda el\u00e9ctrica.<\/p>\n\n\n\n<p>A su vez, por las resoluciones 539 y 540\/2025 del ENARGAS se aprobaron los nuevos cuadros tarifarios para las empresas Transportadora Gas del Sur y Transportadora de Gas del Norte tambi\u00e9n a partir del 1\u00b0 de enero.<\/p>\n\n\n\n<p>A su vez, por las resoluciones 541 a 560\/ 2025 ENARGAS aprob\u00f3 los aumentos de los servicios de transporte y distribuci\u00f3n en el servicio de gas.<\/p>\n\n\n\n<p>fuente NA<\/p>\n","protected":false},"excerpt":{"rendered":"<p>Las tarifas de energ\u00eda el\u00e9ctrica en la zona del AMBA atendidas por las empresas EDENOR y EDESUR tendr\u00e1n un ajuste de 2% a partir de este viernes 1\u00b0 de agosto,&nbsp;seg\u00fan&hellip; <\/p>\n","protected":false},"author":2,"featured_media":39820,"comment_status":"closed","ping_status":"closed","sticky":false,"template":"","format":"standard","meta":{"footnotes":""},"categories":[21],"tags":[],"class_list":["post-39819","post","type-post","status-publish","format-standard","has-post-thumbnail","hentry","category-economia"],"_links":{"self":[{"href":"https:\/\/eenergetica.com.ar\/index.php\/wp-json\/wp\/v2\/posts\/39819","targetHints":{"allow":["GET"]}}],"collection":[{"href":"https:\/\/eenergetica.com.ar\/index.php\/wp-json\/wp\/v2\/posts"}],"about":[{"href":"https:\/\/eenergetica.com.ar\/index.php\/wp-json\/wp\/v2\/types\/post"}],"author":[{"embeddable":true,"href":"https:\/\/eenergetica.com.ar\/index.php\/wp-json\/wp\/v2\/users\/2"}],"replies":[{"embeddable":true,"href":"https:\/\/eenergetica.com.ar\/index.php\/wp-json\/wp\/v2\/comments?post=39819"}],"version-history":[{"count":1,"href":"https:\/\/eenergetica.com.ar\/index.php\/wp-json\/wp\/v2\/posts\/39819\/revisions"}],"predecessor-version":[{"id":39821,"href":"https:\/\/eenergetica.com.ar\/index.php\/wp-json\/wp\/v2\/posts\/39819\/revisions\/39821"}],"wp:featuredmedia":[{"embeddable":true,"href":"https:\/\/eenergetica.com.ar\/index.php\/wp-json\/wp\/v2\/media\/39820"}],"wp:attachment":[{"href":"https:\/\/eenergetica.com.ar\/index.php\/wp-json\/wp\/v2\/media?parent=39819"}],"wp:term":[{"taxonomy":"category","embeddable":true,"href":"https:\/\/eenergetica.com.ar\/index.php\/wp-json\/wp\/v2\/categories?post=39819"},{"taxonomy":"post_tag","embeddable":true,"href":"https:\/\/eenergetica.com.ar\/index.php\/wp-json\/wp\/v2\/tags?post=39819"}],"curies":[{"name":"wp","href":"https:\/\/api.w.org\/{rel}","templated":true}]}}