{"id":39799,"date":"2025-08-01T09:11:49","date_gmt":"2025-08-01T12:11:49","guid":{"rendered":"http:\/\/eenergetica.com.ar\/?p=39799"},"modified":"2025-08-01T09:11:50","modified_gmt":"2025-08-01T12:11:50","slug":"hasta-el-3-de-agosto-sigue-el-ciclo-vacaciones-en-familia","status":"publish","type":"post","link":"https:\/\/eenergetica.com.ar\/index.php\/2025\/08\/01\/hasta-el-3-de-agosto-sigue-el-ciclo-vacaciones-en-familia\/","title":{"rendered":"Hasta el 3 de agosto sigue el Ciclo Vacaciones en Familia"},"content":{"rendered":"\n<p><strong>La Municipalidad de Berazategui sigue brindando una amplia propuesta gratuita para las vacaciones de invierno, hasta el domingo 3 de agosto. El Ciclo Vacaciones en Familia, impulsado por el intendente Juan Jos\u00e9 Mussi, incluye actividades recreativas, culturales y l\u00fadicas en diferentes espacios de la ciudad.<\/strong><\/p>\n\n\n\n<p>Una de las \u00faltimas propuestas fue &#8220;Somos vitralistas&#8221;: un taller de vitral colectivo donde ni\u00f1os, ni\u00f1as y adolescentes jugaron con la luz y el color, recreando las cl\u00e1sicas t\u00e9cnicas del arte vitral.<\/p>\n\n\n\n<p>Al respecto, Camila Bustamante, directora de los Museos de Berazategui, coment\u00f3: \u201cDisfrutamos de una actividad en el Museo Municipal del Vidrio, organizada por la Secretar\u00eda de Cultura y Educaci\u00f3n, donde las infancias realizaron vitrales. Esta propuesta se pens\u00f3 a partir de una muestra de Vitrales a la que est\u00e1n invitados y que estar\u00e1 abierta hasta el 3 de agosto en este espacio. Estamos muy contentos porque participaron muchas familias\u201d.<\/p>\n\n\n\n<p>Asimismo, Norma Ybermaryer, quien asisti\u00f3 junto a sus hijos Luj\u00e1n y Le\u00f3n, expres\u00f3: \u201cFue una actividad divina. Agradezco al intendente Mussi y a la Municipalidad por esta propuesta, sobre todo, porque es gratuita y eso es muy importante. Seguimos disfrutando las vacaciones de invierno en Berazategui\u201d. Por su parte, Ramiro Lezcano, quien particip\u00f3 del taller, indic\u00f3: \u201cHicimos arte: un vitral. Vinieron muchos chicos y chicas. La pas\u00e9 muy bien, estoy muy contento. Me gusta el arte, especialmente dibujar\u201d.<\/p>\n","protected":false},"excerpt":{"rendered":"<p>La Municipalidad de Berazategui sigue brindando una amplia propuesta gratuita para las vacaciones de invierno, hasta el domingo 3 de agosto. El Ciclo Vacaciones en Familia, impulsado por el intendente&hellip; <\/p>\n","protected":false},"author":2,"featured_media":39800,"comment_status":"closed","ping_status":"closed","sticky":false,"template":"","format":"standard","meta":{"footnotes":""},"categories":[22],"tags":[],"class_list":["post-39799","post","type-post","status-publish","format-standard","has-post-thumbnail","hentry","category-sociedad"],"_links":{"self":[{"href":"https:\/\/eenergetica.com.ar\/index.php\/wp-json\/wp\/v2\/posts\/39799","targetHints":{"allow":["GET"]}}],"collection":[{"href":"https:\/\/eenergetica.com.ar\/index.php\/wp-json\/wp\/v2\/posts"}],"about":[{"href":"https:\/\/eenergetica.com.ar\/index.php\/wp-json\/wp\/v2\/types\/post"}],"author":[{"embeddable":true,"href":"https:\/\/eenergetica.com.ar\/index.php\/wp-json\/wp\/v2\/users\/2"}],"replies":[{"embeddable":true,"href":"https:\/\/eenergetica.com.ar\/index.php\/wp-json\/wp\/v2\/comments?post=39799"}],"version-history":[{"count":1,"href":"https:\/\/eenergetica.com.ar\/index.php\/wp-json\/wp\/v2\/posts\/39799\/revisions"}],"predecessor-version":[{"id":39801,"href":"https:\/\/eenergetica.com.ar\/index.php\/wp-json\/wp\/v2\/posts\/39799\/revisions\/39801"}],"wp:featuredmedia":[{"embeddable":true,"href":"https:\/\/eenergetica.com.ar\/index.php\/wp-json\/wp\/v2\/media\/39800"}],"wp:attachment":[{"href":"https:\/\/eenergetica.com.ar\/index.php\/wp-json\/wp\/v2\/media?parent=39799"}],"wp:term":[{"taxonomy":"category","embeddable":true,"href":"https:\/\/eenergetica.com.ar\/index.php\/wp-json\/wp\/v2\/categories?post=39799"},{"taxonomy":"post_tag","embeddable":true,"href":"https:\/\/eenergetica.com.ar\/index.php\/wp-json\/wp\/v2\/tags?post=39799"}],"curies":[{"name":"wp","href":"https:\/\/api.w.org\/{rel}","templated":true}]}}