{"id":39780,"date":"2025-07-31T08:41:31","date_gmt":"2025-07-31T11:41:31","guid":{"rendered":"http:\/\/eenergetica.com.ar\/?p=39780"},"modified":"2025-07-31T08:41:32","modified_gmt":"2025-07-31T11:41:32","slug":"la-respuesta-de-villarruel-a-parrilli-por-el-uso-de-los-banos-del-senado-por-parte-de-las-fuerzas-federales","status":"publish","type":"post","link":"https:\/\/eenergetica.com.ar\/index.php\/2025\/07\/31\/la-respuesta-de-villarruel-a-parrilli-por-el-uso-de-los-banos-del-senado-por-parte-de-las-fuerzas-federales\/","title":{"rendered":"La respuesta de Villarruel a Parrilli por el uso de los ba\u00f1os del Senado por parte de las Fuerzas Federales"},"content":{"rendered":"\n<p>La vicepresidenta&nbsp;<strong>Victoria Villarruel<\/strong>&nbsp;respondi\u00f3 con iron\u00eda la queja del senador&nbsp;<strong>Oscar Parrilli&nbsp;<\/strong>por el supuesto uso de los ba\u00f1os del Senado por parte de las Fuerzas Federales.&nbsp;<\/p>\n\n\n\n<p>&#8220;En toda comunidad organizada se acuerda que los agentes del Estado deben ser tratados con respeto y sin estigmatizaci\u00f3n alguna, principio que fue violado sistem\u00e1ticamente en los sucesivos gobiernos kirchneristas&#8221;, escribi\u00f3 Villarruel en un breve texto enviado hoy a Parrilli.&nbsp;<\/p>\n\n\n\n<p>X de Victoria Villarruel<\/p>\n\n\n\n<p>Y continu\u00f3: &#8220;Asimismo, y entendiendo que usted cuenta con ba\u00f1o privado en su despacho, no sufrir\u00e1 ning\u00fan tipo de percance que pueda afectar el &#8216;c\u00f3modo desenvolvimiento&#8217; de sus actividades&#8221;.<\/p>\n\n\n\n<p>Seg\u00fan Villarruel, en los operativos &#8220;los efectivos traen sus propios ba\u00f1os qu\u00edmicos y no ingresan al Senado&#8221;.&nbsp;<\/p>\n\n\n\n<p>&#8220;Sin embargo, lo que ha motivado vuestra nota fue consecuencia de un operativo de seguridad realizado en otro d\u00eda de la semana, ante lo cual esta Presidencia decidi\u00f3 permitirles el acceso a los sanitarios y proveerles de lo necesario para que puedan cumplir con dignidad las \u00f3rdenes que reciben&#8221;, explic\u00f3 la titular del Senado en la nota.&nbsp;<\/p>\n\n\n\n<p>FUENTE NA<\/p>\n","protected":false},"excerpt":{"rendered":"<p>La vicepresidenta&nbsp;Victoria Villarruel&nbsp;respondi\u00f3 con iron\u00eda la queja del senador&nbsp;Oscar Parrilli&nbsp;por el supuesto uso de los ba\u00f1os del Senado por parte de las Fuerzas Federales.&nbsp; &#8220;En toda comunidad organizada se acuerda&hellip; <\/p>\n","protected":false},"author":2,"featured_media":39781,"comment_status":"closed","ping_status":"closed","sticky":false,"template":"","format":"standard","meta":{"footnotes":""},"categories":[20],"tags":[],"class_list":["post-39780","post","type-post","status-publish","format-standard","has-post-thumbnail","hentry","category-politica"],"_links":{"self":[{"href":"https:\/\/eenergetica.com.ar\/index.php\/wp-json\/wp\/v2\/posts\/39780","targetHints":{"allow":["GET"]}}],"collection":[{"href":"https:\/\/eenergetica.com.ar\/index.php\/wp-json\/wp\/v2\/posts"}],"about":[{"href":"https:\/\/eenergetica.com.ar\/index.php\/wp-json\/wp\/v2\/types\/post"}],"author":[{"embeddable":true,"href":"https:\/\/eenergetica.com.ar\/index.php\/wp-json\/wp\/v2\/users\/2"}],"replies":[{"embeddable":true,"href":"https:\/\/eenergetica.com.ar\/index.php\/wp-json\/wp\/v2\/comments?post=39780"}],"version-history":[{"count":1,"href":"https:\/\/eenergetica.com.ar\/index.php\/wp-json\/wp\/v2\/posts\/39780\/revisions"}],"predecessor-version":[{"id":39782,"href":"https:\/\/eenergetica.com.ar\/index.php\/wp-json\/wp\/v2\/posts\/39780\/revisions\/39782"}],"wp:featuredmedia":[{"embeddable":true,"href":"https:\/\/eenergetica.com.ar\/index.php\/wp-json\/wp\/v2\/media\/39781"}],"wp:attachment":[{"href":"https:\/\/eenergetica.com.ar\/index.php\/wp-json\/wp\/v2\/media?parent=39780"}],"wp:term":[{"taxonomy":"category","embeddable":true,"href":"https:\/\/eenergetica.com.ar\/index.php\/wp-json\/wp\/v2\/categories?post=39780"},{"taxonomy":"post_tag","embeddable":true,"href":"https:\/\/eenergetica.com.ar\/index.php\/wp-json\/wp\/v2\/tags?post=39780"}],"curies":[{"name":"wp","href":"https:\/\/api.w.org\/{rel}","templated":true}]}}