{"id":39328,"date":"2025-07-10T08:55:08","date_gmt":"2025-07-10T11:55:08","guid":{"rendered":"http:\/\/eenergetica.com.ar\/?p=39328"},"modified":"2025-07-10T08:55:09","modified_gmt":"2025-07-10T11:55:09","slug":"milei-arremetio-contra-periodistas-tras-el-video-que-involucro-falsas-afirmaciones-de-caputo-a-fantino","status":"publish","type":"post","link":"https:\/\/eenergetica.com.ar\/index.php\/2025\/07\/10\/milei-arremetio-contra-periodistas-tras-el-video-que-involucro-falsas-afirmaciones-de-caputo-a-fantino\/","title":{"rendered":"Milei arremeti\u00f3 contra &#8220;periodistas&#8221; tras el video que involucr\u00f3 &#8220;falsas afirmaciones&#8221; de Caputo a Fantino"},"content":{"rendered":"\n<p><strong>El presidente Javier Milei<\/strong>&nbsp;arremeti\u00f3 este mi\u00e9rcoles contra los &#8220;periodistas&#8221; tras circular<strong>&nbsp;un pol\u00e9mico video en el que supuestamente Alejandro Fantino sugiere que el gobierno no ver\u00eda mal que haya problemas econ\u00f3micos, si la oposici\u00f3n aprueba leyes que terminen complicando el super\u00e1vit fiscal.<\/strong><\/p>\n\n\n\n<p>Fantino sali\u00f3 a rechazar esas im\u00e1genes en las que se asegur\u00f3 usaron Inteligencia Artificial y enseguida fue el turno&nbsp; de hacerlo al ministro de Econom\u00eda, Luis Caputo.<\/p>\n\n\n\n<p>Posteriormente, Milei aprovech\u00f3 su cuenta en X para hacer su descargo, reposteando el video de la editorial de comunicador en su programa de streaming.<\/p>\n\n\n\n<p>Bajo el t\u00edtulo&nbsp;<strong>&#8220;DESMONTANDO LA OPERETA&#8221;,<\/strong>&nbsp;el jefe de Estado, remarc\u00f3:&nbsp;<strong>&#8220;&#8230;Le han tomado el gusto desde mi discurso en Davos en hacer cat and paste para que las personas digan cosas que no dicen. A seguir peleando duro contra estas basuras que se dicen `periodistas`. Fin&#8221;.<\/strong><\/p>\n\n\n\n<p>Justamente, el posteo de Fantino indic\u00f3:&nbsp;<strong>&#8220;Este es el video completo de mi editorial de hoy, hicieron circular algo editado y armaron una operaci\u00f3n berreta y de manual. Lo que dije hoy es todo lo contrario, a lo que el video editado muestra. T\u00f3mense el tiempo de ver el video completo. Tambi\u00e9n les dejo el link del programa de hoy completo&#8221;.<\/strong><\/p>\n\n\n\n<p>fuente NA<\/p>\n","protected":false},"excerpt":{"rendered":"<p>El presidente Javier Milei&nbsp;arremeti\u00f3 este mi\u00e9rcoles contra los &#8220;periodistas&#8221; tras circular&nbsp;un pol\u00e9mico video en el que supuestamente Alejandro Fantino sugiere que el gobierno no ver\u00eda mal que haya problemas econ\u00f3micos,&hellip; <\/p>\n","protected":false},"author":2,"featured_media":39329,"comment_status":"closed","ping_status":"closed","sticky":false,"template":"","format":"standard","meta":{"footnotes":""},"categories":[28,21],"tags":[],"class_list":["post-39328","post","type-post","status-publish","format-standard","has-post-thumbnail","hentry","category-destacada","category-economia"],"_links":{"self":[{"href":"https:\/\/eenergetica.com.ar\/index.php\/wp-json\/wp\/v2\/posts\/39328","targetHints":{"allow":["GET"]}}],"collection":[{"href":"https:\/\/eenergetica.com.ar\/index.php\/wp-json\/wp\/v2\/posts"}],"about":[{"href":"https:\/\/eenergetica.com.ar\/index.php\/wp-json\/wp\/v2\/types\/post"}],"author":[{"embeddable":true,"href":"https:\/\/eenergetica.com.ar\/index.php\/wp-json\/wp\/v2\/users\/2"}],"replies":[{"embeddable":true,"href":"https:\/\/eenergetica.com.ar\/index.php\/wp-json\/wp\/v2\/comments?post=39328"}],"version-history":[{"count":1,"href":"https:\/\/eenergetica.com.ar\/index.php\/wp-json\/wp\/v2\/posts\/39328\/revisions"}],"predecessor-version":[{"id":39330,"href":"https:\/\/eenergetica.com.ar\/index.php\/wp-json\/wp\/v2\/posts\/39328\/revisions\/39330"}],"wp:featuredmedia":[{"embeddable":true,"href":"https:\/\/eenergetica.com.ar\/index.php\/wp-json\/wp\/v2\/media\/39329"}],"wp:attachment":[{"href":"https:\/\/eenergetica.com.ar\/index.php\/wp-json\/wp\/v2\/media?parent=39328"}],"wp:term":[{"taxonomy":"category","embeddable":true,"href":"https:\/\/eenergetica.com.ar\/index.php\/wp-json\/wp\/v2\/categories?post=39328"},{"taxonomy":"post_tag","embeddable":true,"href":"https:\/\/eenergetica.com.ar\/index.php\/wp-json\/wp\/v2\/tags?post=39328"}],"curies":[{"name":"wp","href":"https:\/\/api.w.org\/{rel}","templated":true}]}}