{"id":39325,"date":"2025-07-10T08:52:45","date_gmt":"2025-07-10T11:52:45","guid":{"rendered":"http:\/\/eenergetica.com.ar\/?p=39325"},"modified":"2025-07-10T08:52:46","modified_gmt":"2025-07-10T11:52:46","slug":"fuerza-patria-el-peronismo-bonaerense-sello-la-unidad-rumbo-a-las-legislativas","status":"publish","type":"post","link":"https:\/\/eenergetica.com.ar\/index.php\/2025\/07\/10\/fuerza-patria-el-peronismo-bonaerense-sello-la-unidad-rumbo-a-las-legislativas\/","title":{"rendered":"\u201cFuerza Patria\u201d: el peronismo bonaerense sell\u00f3 la unidad rumbo a las legislativas"},"content":{"rendered":"\n<p>El peronismo bonaerense sell\u00f3 este mi\u00e9rcoles el acuerdo de unidad para conformar un frente electoral bajo el nombre \u201c<strong>Fuerza Patria<\/strong>\u201d para enfrentar a la alianza libertaria del presidente Javier Milei durante las elecciones legislativas del 7 de septiembre en la provincia de Buenos Aires.<\/p>\n\n\n\n<p>Seg\u00fan pudo saber la<em>&nbsp;Agencia Noticias Argentinas<\/em>&nbsp;de fuentes partidarias, el tridente del PJ provincial compuesto por&nbsp;<strong>M\u00e1ximo Kirchner<\/strong>,<strong>&nbsp;Axel Kicillof<\/strong>&nbsp;y<strong>&nbsp;Sergio Massa<\/strong>&nbsp;firm\u00f3 el pacto que constituye el espacio con el que el&nbsp;<em>Movimiento Derecho al Futuro<\/em>&nbsp;(MDF), el&nbsp;<em>Frente Renovador<\/em>,<em>&nbsp;La C\u00e1mpora<\/em>&nbsp;y otros aliados competir\u00e1n en los comicios.<\/p>\n\n\n\n<p>Los referentes de cada espacio estuvieron acompa\u00f1ados por sus apoderados para la r\u00fabrica del acuerdo electoral:<strong>&nbsp;Agustina Vila<\/strong>&nbsp;y&nbsp;<strong>Mariano Cascallares<\/strong>&nbsp;por el MDF;&nbsp;<strong>Patricia Garc\u00eda Blanco&nbsp;<\/strong>y&nbsp;<strong>Facundo Tignanelli&nbsp;<\/strong>por el PJ bonaerense; y&nbsp;<strong>Eduardo Cergnul<\/strong>&nbsp;junto a&nbsp;<strong>Sebasti\u00e1n Galmarini<\/strong>&nbsp;por el partido liderado por el ex ministro de Econom\u00eda, entre otros representantes de las fuerzas que conforman la alianza.<\/p>\n\n\n\n<p>El encuentro se inscribi\u00f3 dentro de una serie de reuniones que los m\u00e1ximos dirigentes de cada sector pol\u00edtico&nbsp;<a href=\"https:\/\/noticiasargentinas.com\/politica\/avanza-en-la-legislatura-bonaerense-el-proyecto-para-suspender-las-paso-tras-la-cumbre-entre-kicillof--maximo-y-massa_a67e337f5a75d949947e07430\">iniciaron en marzo<\/a>&nbsp;para conformar una alianza peronista amplia en territorio bonaerense.&nbsp;<strong>Esa primera meta se cumpli\u00f3 este mi\u00e9rcoles en medio de los festejos por el D\u00eda de la Independencia<\/strong>. Sin embargo, las tensiones internas a\u00fan persisten y la unidad ahora depender\u00e1 de que cada actor pol\u00edtico respete lo pactado.<\/p>\n\n\n\n<p>El acuerdo sellado hoy tuvo uno de los puntos de mayor fricci\u00f3n en la disputa entre el kirchnerismo y el kicillofismo por el calendario electoral: mientras el sector m\u00e1s cercano a&nbsp;<strong>Cristina Kirchner<\/strong>&nbsp;sosten\u00eda \u2014<a href=\"https:\/\/noticiasargentinas.com\/politica\/cumbre-peronista-en-jose-c--paz--intendentes-rechazaron-el-desdoblamiento-y-apuntaron-contra-kicillof_a68684e4533a45f3c104abaf3\">y a\u00fan sostiene<\/a>\u2014 que el desdoblamiento impulsado por el gobernador fue un error estrat\u00e9gico, desde La Plata defienden la decisi\u00f3n como una forma de proteger la identidad provincial.<\/p>\n\n\n\n<p>Pero ese conflicto dej\u00f3 heridas abiertas. En el kirchnerismo subsiste el malestar por haber perdido la pulseada, y ese rencor se traduce en resistencias que&nbsp;<strong>dificultan la construcci\u00f3n de un espacio sin fisuras<\/strong>.<\/p>\n\n\n\n<p>fuente NA<\/p>\n","protected":false},"excerpt":{"rendered":"<p>El peronismo bonaerense sell\u00f3 este mi\u00e9rcoles el acuerdo de unidad para conformar un frente electoral bajo el nombre \u201cFuerza Patria\u201d para enfrentar a la alianza libertaria del presidente Javier Milei&hellip; <\/p>\n","protected":false},"author":2,"featured_media":39326,"comment_status":"closed","ping_status":"closed","sticky":false,"template":"","format":"standard","meta":{"footnotes":""},"categories":[28,24],"tags":[],"class_list":["post-39325","post","type-post","status-publish","format-standard","has-post-thumbnail","hentry","category-destacada","category-provincia"],"_links":{"self":[{"href":"https:\/\/eenergetica.com.ar\/index.php\/wp-json\/wp\/v2\/posts\/39325","targetHints":{"allow":["GET"]}}],"collection":[{"href":"https:\/\/eenergetica.com.ar\/index.php\/wp-json\/wp\/v2\/posts"}],"about":[{"href":"https:\/\/eenergetica.com.ar\/index.php\/wp-json\/wp\/v2\/types\/post"}],"author":[{"embeddable":true,"href":"https:\/\/eenergetica.com.ar\/index.php\/wp-json\/wp\/v2\/users\/2"}],"replies":[{"embeddable":true,"href":"https:\/\/eenergetica.com.ar\/index.php\/wp-json\/wp\/v2\/comments?post=39325"}],"version-history":[{"count":1,"href":"https:\/\/eenergetica.com.ar\/index.php\/wp-json\/wp\/v2\/posts\/39325\/revisions"}],"predecessor-version":[{"id":39327,"href":"https:\/\/eenergetica.com.ar\/index.php\/wp-json\/wp\/v2\/posts\/39325\/revisions\/39327"}],"wp:featuredmedia":[{"embeddable":true,"href":"https:\/\/eenergetica.com.ar\/index.php\/wp-json\/wp\/v2\/media\/39326"}],"wp:attachment":[{"href":"https:\/\/eenergetica.com.ar\/index.php\/wp-json\/wp\/v2\/media?parent=39325"}],"wp:term":[{"taxonomy":"category","embeddable":true,"href":"https:\/\/eenergetica.com.ar\/index.php\/wp-json\/wp\/v2\/categories?post=39325"},{"taxonomy":"post_tag","embeddable":true,"href":"https:\/\/eenergetica.com.ar\/index.php\/wp-json\/wp\/v2\/tags?post=39325"}],"curies":[{"name":"wp","href":"https:\/\/api.w.org\/{rel}","templated":true}]}}