{"id":39252,"date":"2025-07-07T17:58:56","date_gmt":"2025-07-07T20:58:56","guid":{"rendered":"http:\/\/eenergetica.com.ar\/?p=39252"},"modified":"2025-07-07T17:58:57","modified_gmt":"2025-07-07T20:58:57","slug":"la-drastica-y-sorpresiva-decision-de-mercado-libre-se-va-de-cordoba-por-los-impuestos-desproporcionados","status":"publish","type":"post","link":"https:\/\/eenergetica.com.ar\/index.php\/2025\/07\/07\/la-drastica-y-sorpresiva-decision-de-mercado-libre-se-va-de-cordoba-por-los-impuestos-desproporcionados\/","title":{"rendered":"La dr\u00e1stica y sorpresiva decisi\u00f3n de Mercado Libre: se va de C\u00f3rdoba por los \u201cimpuestos desproporcionados\u201d"},"content":{"rendered":"\n<p><strong>Mercado Libre<\/strong>&nbsp;anunci\u00f3 que cerrar\u00e1 sus oficinas ubicadas en la&nbsp;<strong>Ciudad de C\u00f3rdoba<\/strong>&nbsp;debido al \u201calto costo\u201d de las tasas municipales que le aplican a la empresa. Adoptar\u00e1 la modalidad de&nbsp;<strong>trabajo remoto<\/strong>.<\/p>\n\n\n\n<p>La empresa dirigida por&nbsp;<strong>Marcos Galper\u00edn<\/strong>&nbsp;indic\u00f3 que paga un total de&nbsp;<strong>$770 millones<\/strong>&nbsp;mensuales por las tasas municipales de la ciudad cordobesa.<\/p>\n\n\n\n<p>\u201cEl monto es totalmente desproporcionado para la actividad que realiza la empresa y el tama\u00f1o de su equipo y oficina en la capital cordobesa\u201d, critic\u00f3 el&nbsp;<strong>unicornio argentino<\/strong>.<\/p>\n\n\n\n<p>Agreg\u00f3, adem\u00e1s, que posee la tasa municipal \u201cm\u00e1s alta en comparaci\u00f3n con otras localidades con operaciones similares\u201d, y cuestion\u00f3 el hecho de que no se vea reflejado en mejoras de los servicios: \u201cNo existe una contraprestaci\u00f3n equivalente en infraestructura o en los servicios que justifique tal carga\u201d.<\/p>\n\n\n\n<p>La plataforma de comercio electr\u00f3nico asever\u00f3 que la decisi\u00f3n fue tomada luego de meses de conversaciones con las autoridades locales y remarc\u00f3 que se seguir\u00e1 prestando el servicio con total normalidad y sin reducci\u00f3n del personal, manteniendo a los&nbsp;<strong>1.260 empleados<\/strong>.<\/p>\n\n\n\n<p>\u201cA partir de agosto, los empleados, que en su mayor\u00eda trabajan en tecnolog\u00eda, continuar\u00e1n desarrollando sus tareas de manera remota mientras se eval\u00faan alternativas de mediano plazo\u201d.<\/p>\n\n\n\n<p>Al respecto, el presidente de Mercado Libre Argentina,&nbsp;<strong>Juan Mart\u00edn de la Serna<\/strong>, se manifest\u00f3 ante la medida impulsada por la localidad que preside&nbsp;<strong>Daniel Passerini<\/strong>.<\/p>\n\n\n\n<p>\u201cEn Ciudad de C\u00f3rdoba pagamos&nbsp;<strong>$770 millones<\/strong>&nbsp;mensuales en tasas municipales, \u00a1el monto m\u00e1s alto del pa\u00eds!. Agotadas las instancias, dejamos nuestras oficinas y pasamos a 100% remoto. Incre\u00edble pero real\u201d, apunt\u00f3 de la Serna.<\/p>\n\n\n\n<p>Previo al cierre,&nbsp;<a href=\"https:\/\/noticiasargentinas.com\/empresas---negocios\/la-polemica-jugada-de-mercado-libre-para-apoyar-a-javier-milei--cobrara-mas-caro-en-las-provincias--rebeldes-_a68643df400b29c3cd8d9585e\">Mercado Libre hab\u00eda anunciado un aumento de comisiones en las provincias que tributan m\u00e1s&nbsp;<strong>Ingresos Brutos<\/strong>&nbsp;que el promedio general.<\/a><\/p>\n\n\n\n<p>A partir del&nbsp;<strong>8 de julio<\/strong>, les cobrar\u00e1 a los vendedores por cada venta cargos que variar\u00e1n entre el&nbsp;<strong>8%<\/strong>&nbsp;y el&nbsp;<strong>20,5%<\/strong>, seg\u00fan la categor\u00eda del producto, y la exposici\u00f3n que se le quiera dar a la publicaci\u00f3n.<\/p>\n\n\n\n<p>Dentro de las provincias que se les aplicar\u00e1 este aumento entran&nbsp;<mark>C\u00f3rdoba, Santa Fe y Jujuy<\/mark>, donde el impuesto a los Ingresos Brutos est\u00e1 por encima de la media de las provincias (entre&nbsp;<strong>6,75%<\/strong>&nbsp;y&nbsp;<strong>9%<\/strong>).<\/p>\n\n\n\n<p><mark>Corrientes, R\u00edo Negro, Santa Cruz, Formosa y Santiago del Estero<\/mark>&nbsp;son las que recibir\u00e1n disminuciones, ya que perciben por debajo del promedio (entre&nbsp;<strong>2,9%<\/strong>&nbsp;y&nbsp;<strong>3%<\/strong>).<\/p>\n\n\n\n<p>En el resto de las provincias, los cargos se mantendr\u00e1n sin cambios.<\/p>\n\n\n\n<p>fuente NA<\/p>\n","protected":false},"excerpt":{"rendered":"<p>Mercado Libre&nbsp;anunci\u00f3 que cerrar\u00e1 sus oficinas ubicadas en la&nbsp;Ciudad de C\u00f3rdoba&nbsp;debido al \u201calto costo\u201d de las tasas municipales que le aplican a la empresa. Adoptar\u00e1 la modalidad de&nbsp;trabajo remoto. La&hellip; <\/p>\n","protected":false},"author":2,"featured_media":39253,"comment_status":"closed","ping_status":"closed","sticky":false,"template":"","format":"standard","meta":{"footnotes":""},"categories":[28,24],"tags":[],"class_list":["post-39252","post","type-post","status-publish","format-standard","has-post-thumbnail","hentry","category-destacada","category-provincia"],"_links":{"self":[{"href":"https:\/\/eenergetica.com.ar\/index.php\/wp-json\/wp\/v2\/posts\/39252","targetHints":{"allow":["GET"]}}],"collection":[{"href":"https:\/\/eenergetica.com.ar\/index.php\/wp-json\/wp\/v2\/posts"}],"about":[{"href":"https:\/\/eenergetica.com.ar\/index.php\/wp-json\/wp\/v2\/types\/post"}],"author":[{"embeddable":true,"href":"https:\/\/eenergetica.com.ar\/index.php\/wp-json\/wp\/v2\/users\/2"}],"replies":[{"embeddable":true,"href":"https:\/\/eenergetica.com.ar\/index.php\/wp-json\/wp\/v2\/comments?post=39252"}],"version-history":[{"count":1,"href":"https:\/\/eenergetica.com.ar\/index.php\/wp-json\/wp\/v2\/posts\/39252\/revisions"}],"predecessor-version":[{"id":39254,"href":"https:\/\/eenergetica.com.ar\/index.php\/wp-json\/wp\/v2\/posts\/39252\/revisions\/39254"}],"wp:featuredmedia":[{"embeddable":true,"href":"https:\/\/eenergetica.com.ar\/index.php\/wp-json\/wp\/v2\/media\/39253"}],"wp:attachment":[{"href":"https:\/\/eenergetica.com.ar\/index.php\/wp-json\/wp\/v2\/media?parent=39252"}],"wp:term":[{"taxonomy":"category","embeddable":true,"href":"https:\/\/eenergetica.com.ar\/index.php\/wp-json\/wp\/v2\/categories?post=39252"},{"taxonomy":"post_tag","embeddable":true,"href":"https:\/\/eenergetica.com.ar\/index.php\/wp-json\/wp\/v2\/tags?post=39252"}],"curies":[{"name":"wp","href":"https:\/\/api.w.org\/{rel}","templated":true}]}}