{"id":39225,"date":"2025-07-04T23:30:33","date_gmt":"2025-07-05T02:30:33","guid":{"rendered":"http:\/\/eenergetica.com.ar\/?p=39225"},"modified":"2025-07-04T23:30:39","modified_gmt":"2025-07-05T02:30:39","slug":"ratificaron-la-sentencia-a-14-anos-de-carcel-a-un-hombre-que-abuso-sexualmente-a-su-hijo","status":"publish","type":"post","link":"https:\/\/eenergetica.com.ar\/index.php\/2025\/07\/04\/ratificaron-la-sentencia-a-14-anos-de-carcel-a-un-hombre-que-abuso-sexualmente-a-su-hijo\/","title":{"rendered":"Ratificaron la sentencia a 14 a\u00f1os de c\u00e1rcel a un hombre que abus\u00f3 sexualmente a su hijo"},"content":{"rendered":"\n<p>La Justicia de Santa Fe<strong>&nbsp;ratific\u00f3 la condena de 14 a\u00f1os de prisi\u00f3n a un hombre por<\/strong><a href=\"https:\/\/noticiasargentinas.com\/sociedad\/-_a68630709f80c2877b0fd9a56\"><strong>&nbsp;abusar sexualmente<\/strong><\/a><strong>&nbsp;de su hijo<\/strong>&nbsp;en el departamento General Obligado.<\/p>\n\n\n\n<p>El culpable, cuyas iniciales son CEL,<strong>&nbsp;cometi\u00f3 los delitos contra la integridad f\u00edsica de su heredero cuando el ni\u00f1o cursaba el nivel primario<\/strong>, conforme a la informaci\u00f3n brindada por el Ministerio P\u00fablico de la Acusaci\u00f3n.<\/p>\n\n\n\n<p>El hombre de 44 a\u00f1os fue considerado culpable por los delitos de&nbsp;<strong>&#8220;abuso sexual con acceso carnal agravado (por el v\u00ednculo y por haber estado encargado de la guarda y de la educaci\u00f3n de la v\u00edctima, por la convivencia y por haber causado un grave da\u00f1o en la salud del ni\u00f1o), promoci\u00f3n de la corrupci\u00f3n agravada (por tratarse de una v\u00edctima menor de 13 a\u00f1os y por ser su ascendiente) y amenazas coactivas&#8221;<\/strong>&nbsp;en grado de autor, explic\u00f3 la fiscal Georgina D\u00edaz.<\/p>\n\n\n\n<p>En este contexto, un tribunal de segunda instancia confirm\u00f3 la condena, la cual fue votada de manera dividida a ra\u00edz de que los magistrados Sebasti\u00e1n Creus (presidente) Bruno Netri, mientras que Martha Feijo\u00f3 se abstuvo.<\/p>\n\n\n\n<p>CEL est\u00e1 alojado en una c\u00e1rcel y ya cumple la pena impuesta.<\/p>\n\n\n\n<p>fuente NA<\/p>\n","protected":false},"excerpt":{"rendered":"<p>La Justicia de Santa Fe&nbsp;ratific\u00f3 la condena de 14 a\u00f1os de prisi\u00f3n a un hombre por&nbsp;abusar sexualmente&nbsp;de su hijo&nbsp;en el departamento General Obligado. El culpable, cuyas iniciales son CEL,&nbsp;cometi\u00f3 los&hellip; <\/p>\n","protected":false},"author":2,"featured_media":39226,"comment_status":"closed","ping_status":"closed","sticky":false,"template":"","format":"standard","meta":{"footnotes":""},"categories":[22],"tags":[],"class_list":["post-39225","post","type-post","status-publish","format-standard","has-post-thumbnail","hentry","category-sociedad"],"_links":{"self":[{"href":"https:\/\/eenergetica.com.ar\/index.php\/wp-json\/wp\/v2\/posts\/39225","targetHints":{"allow":["GET"]}}],"collection":[{"href":"https:\/\/eenergetica.com.ar\/index.php\/wp-json\/wp\/v2\/posts"}],"about":[{"href":"https:\/\/eenergetica.com.ar\/index.php\/wp-json\/wp\/v2\/types\/post"}],"author":[{"embeddable":true,"href":"https:\/\/eenergetica.com.ar\/index.php\/wp-json\/wp\/v2\/users\/2"}],"replies":[{"embeddable":true,"href":"https:\/\/eenergetica.com.ar\/index.php\/wp-json\/wp\/v2\/comments?post=39225"}],"version-history":[{"count":1,"href":"https:\/\/eenergetica.com.ar\/index.php\/wp-json\/wp\/v2\/posts\/39225\/revisions"}],"predecessor-version":[{"id":39227,"href":"https:\/\/eenergetica.com.ar\/index.php\/wp-json\/wp\/v2\/posts\/39225\/revisions\/39227"}],"wp:featuredmedia":[{"embeddable":true,"href":"https:\/\/eenergetica.com.ar\/index.php\/wp-json\/wp\/v2\/media\/39226"}],"wp:attachment":[{"href":"https:\/\/eenergetica.com.ar\/index.php\/wp-json\/wp\/v2\/media?parent=39225"}],"wp:term":[{"taxonomy":"category","embeddable":true,"href":"https:\/\/eenergetica.com.ar\/index.php\/wp-json\/wp\/v2\/categories?post=39225"},{"taxonomy":"post_tag","embeddable":true,"href":"https:\/\/eenergetica.com.ar\/index.php\/wp-json\/wp\/v2\/tags?post=39225"}],"curies":[{"name":"wp","href":"https:\/\/api.w.org\/{rel}","templated":true}]}}