{"id":38943,"date":"2025-06-19T09:13:01","date_gmt":"2025-06-19T12:13:01","guid":{"rendered":"http:\/\/eenergetica.com.ar\/?p=38943"},"modified":"2025-06-19T09:13:03","modified_gmt":"2025-06-19T12:13:03","slug":"principales-prepagas-ya-definieron-la-suba-de-cuotas-para-julio-cuanto-sube-cada-una","status":"publish","type":"post","link":"https:\/\/eenergetica.com.ar\/index.php\/2025\/06\/19\/principales-prepagas-ya-definieron-la-suba-de-cuotas-para-julio-cuanto-sube-cada-una\/","title":{"rendered":"Principales prepagas ya definieron la suba de cuotas para julio: cu\u00e1nto sube cada una"},"content":{"rendered":"\n<p><strong>Las principales empresas de medicina prepaga anunciaron aumentos en sus cuotas a partir de julio<\/strong>, con una suba promedio que est\u00e1 en l\u00ednea con el incremento de precios de 1,5% registrado en mayo, \u00faltimo dato difundido por el Indec.<\/p>\n\n\n\n<p>De este modo, los incrementos se ubicar\u00e1n por debajo del 2% y en sinton\u00eda con la evoluci\u00f3n de los precios, luego de los aumentos aplicados en abril y mayo, que duplicaron y hasta triplicaron el porcentaje actual.<\/p>\n\n\n\n<p>Hasta el momento son seis las prepagas que dieron a conocer el aumento que aplicar\u00e1n en las facturas que llegar\u00e1n en julio:<\/p>\n\n\n\n<ul class=\"wp-block-list\">\n<li><strong>Sancor<\/strong>\u00a0aplicar\u00e1 una suba de 1,2%<\/li>\n\n\n\n<li><strong>Hospital Italiano<\/strong>\u00a01,3%<\/li>\n\n\n\n<li><strong>Swiss Medical<\/strong>\u00a01,25% promedio para sus planes<\/li>\n\n\n\n<li><strong>Federada<\/strong>\u00a01,5%<\/li>\n\n\n\n<li><strong>OSDE<\/strong>\u00a01,8%<\/li>\n\n\n\n<li><strong>Galeno<\/strong>\u00a01,9%<\/li>\n<\/ul>\n\n\n\n<p>En el IPC de mayo,&nbsp;<strong>salud fue el tercer rubro con mayor incremento<\/strong>, con una suba de 2,7% detr\u00e1s de comunicaci\u00f3n y restaurantes y hoteles que subieron 4,1% y 3% respectivamente.<\/p>\n\n\n\n<p>fuente NA<\/p>\n","protected":false},"excerpt":{"rendered":"<p>Las principales empresas de medicina prepaga anunciaron aumentos en sus cuotas a partir de julio, con una suba promedio que est\u00e1 en l\u00ednea con el incremento de precios de 1,5%&hellip; <\/p>\n","protected":false},"author":2,"featured_media":38944,"comment_status":"closed","ping_status":"closed","sticky":false,"template":"","format":"standard","meta":{"footnotes":""},"categories":[21],"tags":[],"class_list":["post-38943","post","type-post","status-publish","format-standard","has-post-thumbnail","hentry","category-economia"],"_links":{"self":[{"href":"https:\/\/eenergetica.com.ar\/index.php\/wp-json\/wp\/v2\/posts\/38943","targetHints":{"allow":["GET"]}}],"collection":[{"href":"https:\/\/eenergetica.com.ar\/index.php\/wp-json\/wp\/v2\/posts"}],"about":[{"href":"https:\/\/eenergetica.com.ar\/index.php\/wp-json\/wp\/v2\/types\/post"}],"author":[{"embeddable":true,"href":"https:\/\/eenergetica.com.ar\/index.php\/wp-json\/wp\/v2\/users\/2"}],"replies":[{"embeddable":true,"href":"https:\/\/eenergetica.com.ar\/index.php\/wp-json\/wp\/v2\/comments?post=38943"}],"version-history":[{"count":1,"href":"https:\/\/eenergetica.com.ar\/index.php\/wp-json\/wp\/v2\/posts\/38943\/revisions"}],"predecessor-version":[{"id":38945,"href":"https:\/\/eenergetica.com.ar\/index.php\/wp-json\/wp\/v2\/posts\/38943\/revisions\/38945"}],"wp:featuredmedia":[{"embeddable":true,"href":"https:\/\/eenergetica.com.ar\/index.php\/wp-json\/wp\/v2\/media\/38944"}],"wp:attachment":[{"href":"https:\/\/eenergetica.com.ar\/index.php\/wp-json\/wp\/v2\/media?parent=38943"}],"wp:term":[{"taxonomy":"category","embeddable":true,"href":"https:\/\/eenergetica.com.ar\/index.php\/wp-json\/wp\/v2\/categories?post=38943"},{"taxonomy":"post_tag","embeddable":true,"href":"https:\/\/eenergetica.com.ar\/index.php\/wp-json\/wp\/v2\/tags?post=38943"}],"curies":[{"name":"wp","href":"https:\/\/api.w.org\/{rel}","templated":true}]}}