{"id":38891,"date":"2025-06-18T10:35:57","date_gmt":"2025-06-18T13:35:57","guid":{"rendered":"http:\/\/eenergetica.com.ar\/?p=38891"},"modified":"2025-06-18T10:35:58","modified_gmt":"2025-06-18T13:35:58","slug":"la-provincia-de-buenos-aires-con-gusto-a-dulce-de-leche","status":"publish","type":"post","link":"https:\/\/eenergetica.com.ar\/index.php\/2025\/06\/18\/la-provincia-de-buenos-aires-con-gusto-a-dulce-de-leche\/","title":{"rendered":"LA PROVINCIA DE BUENOS AIRES CON GUSTO A DULCE DE LECHE"},"content":{"rendered":"\n<p>Hay quienes buscan playas, otros monta\u00f1as, pero los verdaderos exploradores del paladar saben que la dulzura tambi\u00e9n tiene su geograf\u00eda. Y si hay un territorio donde el az\u00facar se transforma en celebraci\u00f3n, es la provincia de Buenos Aires. Dos eventos \u00fanicos con coraz\u00f3n pastelero y esp\u00edritu bien bonaerense forman una ruta tan irresistible como empalagadora: el Campeonato del Alfajor en Avellaneda y la Fiesta Nacional del Postre en Balcarce.<\/p>\n\n\n\n<p><strong>Avellaneda, el ring dulce del alfajor<\/strong><\/p>\n\n\n\n<p>Cruzando el Puente Pueyrred\u00f3n, en el conurbano sur, donde el cemento y la historia obrera dibujan su identidad, Avellaneda sorprende con un evento que endulza hasta al team salado: el Campeonato del Alfajor Argentino. M\u00e1s que una competencia, es un fen\u00f3meno cultural que re\u00fane a cientos de productores artesanales, industriales y gourmet.<\/p>\n\n\n\n<p>El Parque La Estaci\u00f3n se transforma por unos d\u00edas en una pasarela de chocolate, dulce de leche, masa crocante y creatividad sin l\u00edmites. Los jurados cantan, discuten, y coronan a ese ejemplar que logra el equilibrio perfecto. Alfajores con sal marina, sin TACC, triples, ba\u00f1ados, rellenos de frutas o caf\u00e9&#8230; hay para todos los gustos. Adem\u00e1s, hay m\u00fasica, food trucks y talleres para aprender los secretos de esta joya nacional.<\/p>\n\n\n\n<p>El campeonato es durante el fin de semana largo del 20, 21 y 22 de junio con entrada libre y gratuita <em>\u201cVienen celebridades a dar masterclass, shows de bandas, actividades y stands para todos los bonaerenses y m\u00e1s, convocados a la b\u00fasqueda de encontrar el mejor alfajor del pa\u00eds\u201d<\/em>, cont\u00f3 Pamela Kahles, organizadora del Campeonato Argentino del Alfajor y la coordinadora de eventos del Parque la Estaci\u00f3n.<\/p>\n\n\n\n<p>As\u00ed, en un rinc\u00f3n de la provincia, un Campeonato se convierte en poema colectivo. El alfajor es aqu\u00ed m\u00e1s que una golosina: es cultura, pasi\u00f3n y memoria. Y mientras el invierno pasa, este abrazo azucarado se guarda en el alma hasta que vuelva el sabor que une. <em>\u201cEl alfajor es una insignia argentina, nos pone muy contentos ser quienes representamos un campeonato tan importante para nuestra identidad\u201d, <\/em>&nbsp;proclam\u00f3 Kahles.<\/p>\n\n\n\n<p>La ciudad se prepara como quien espera una visita ilustre. No hay protocolos ni galas, pero s\u00ed una ansiedad alegre que crece en los comercios, en los pasillos de las escuelas, en las charlas de caf\u00e9. Porque el alfajor no es un invento ajeno, no es un lujo reservado a la vitrina. El alfajor es de todos. Es el recreo de la infancia, la sobremesa de los domingos, la merienda de los viajes largos, el regalo improvisado cuando se agotan las palabras. Y ahora, por unos d\u00edas, vuelve a ocupar el centro de la escena, como si el pa\u00eds entero se reuniera a rendirle homenaje.<\/p>\n\n\n\n<p>Este a\u00f1o habr\u00e1 dos campeones: el del alfajor industrial y otro artesanal. <em>\u201cAdem\u00e1s de ser un evento para la gente, tambi\u00e9n es una apuesta a seguir empujando a los emprendimientos, tenemos la representaci\u00f3n de 33 localidades bonaerenses y despu\u00e9s de todo el pa\u00eds desde Chacho a Tierra del Fuego\u201d<\/em>, detall\u00f3.&nbsp;<\/p>\n\n\n\n<p>El alfajor, que alguna vez fue casero y luego industrial y hoy es artesanal otra vez, se convierte en s\u00edmbolo de resiliencia, de creatividad, de amor por lo propio. Avellaneda, ciudad de f\u00e1bricas, de clubes m\u00edticos, de artistas, suma un nuevo t\u00edtulo: capital de un afecto azucarado que atraviesa generaciones.<\/p>\n\n\n\n<p><strong>El postre es obligatorio, Balcarce<\/strong><\/p>\n\n\n\n<p>A unos 400 kil\u00f3metros hacia el sudeste de la Provincia, entre sierras suaves y aire de campo, Balcarce no solo es la cuna de Fangio: tambi\u00e9n es la capital del postre. All\u00ed se celebra, cada invierno, la Fiesta Nacional del Postre, un evento que pone al cl\u00e1sico \u201cpostre Balcarce\u201d como protagonista, pero tambi\u00e9n da espacio a todas las dulzuras que hacen patria en la sobremesa argentina.&nbsp;<\/p>\n\n\n\n<p>Comenz\u00f3 en 2004, como una promesa que luego romper\u00eda escalas. <em>\u201cLa primera vez participe de la fiesta fue en 2010 y present\u00e9 un postre de moras en representaci\u00f3n a las moras silvestres de Balcarce y en 2018 fui nombrada madrina de la fiesta\u201d, <\/em>cont\u00f3 Rocio Espinillo, madrina del evento en el que se reconoce como parte de la organizaci\u00f3n y el entusiasmo durante muchos a\u00f1os.<\/p>\n\n\n\n<p>La ciudad se viste de pastelera y mousse, con stands repletos de tortas, confituras y delicias regionales. Se organizan concursos de reposter\u00eda, clases magistrales con chefs reconocidos y degustaciones. Es una invitaci\u00f3n a dejar la dieta en la puerta y entregarse a la tentaci\u00f3n. Porque si hay algo que Balcarce entiende bien es que la felicidad, muchas veces, se sirve en porciones.<em> \u201cEste evento tiene la particularidad de que cocina el postre m\u00e1s largo del mundo y este a\u00f1o ser\u00e1 de 3 metros, es un desaf\u00edo impresionante\u201d , <\/em>enfatiz\u00f3 Espinillo.<\/p>\n\n\n\n<p>Durante tres d\u00edas, Balcarce se convierte en la patria del merengue y el dulce de leche. Las calles cobran vida con la energ\u00eda de cocineros y reposteros que, como alquimistas del az\u00facar, crean delicias ante los ojos del p\u00fablico, compartiendo secretos de batidores y hornos encendidos.&nbsp;<\/p>\n\n\n\n<p>El predio de la Sociedad Rural, normalmente testigo de la calma del campo, se torna hervidero de colores, texturas y sabores, donde cada rinc\u00f3n parece contar una historia nacida entre capas de bizcochuelo. <em>\u201cPara mi es un orgullo estar disposici\u00f3n de este maravilloso evento, significa el tiempo y las ideas que tuvieron en cuenta\u201d, <\/em>agreg\u00f3.<\/p>\n\n\n\n<p>La Fiesta Nacional del Postre se realiza del 18 al 20 de julio. Este a\u00f1o, la celebraci\u00f3n llega a su 21\u00aa edici\u00f3n, consolid\u00e1ndose como la celebraci\u00f3n m\u00e1s dulce del pa\u00eds. No hay uniformidad, no hay una sola receta. Hay diversidad, hay juego, hay herencias familiares que se reinventan. Se respira vainilla, se escucha el crujir del merengue al partirse, se ve el brillo del caramelo que se estira como un hilo de oro entre cucharas. La gente no solo pasea: deambula como quien busca un recuerdo, como quien se reconoce en los sabores de su infancia.<\/p>\n\n\n\n<p>Y entre todas esas delicias, hay un protagonista indiscutido: el Postre Balcarce. Ese invento naci\u00f3 con humildad en una confiter\u00eda del centro que, con los a\u00f1os, se volvi\u00f3 emblema. No es solo una suma de ingredientes (bizcochuelo, crema, dulce de leche, merengue, coco) es una armon\u00eda. Es esa clase de obra que no busca llamar la atenci\u00f3n, pero que, cuando la prob\u00e1s, te marca. En la fiesta, se lo homenajea en su forma m\u00e1s descomunal: una versi\u00f3n gigante que se arma entre decenas de manos como si fuera una bandera que se despliega.<\/p>\n\n\n\n<p>Estas celebraciones no solo endulzan el calendario tur\u00edstico bonaerense, tambi\u00e9n demuestran que la identidad de un pueblo puede hornearse, rellenarse y celebrarse con una sonrisa. Porque en la Provincia, la dulzura no es solo un sabor: es una forma de hacer comunidad.<\/p>\n","protected":false},"excerpt":{"rendered":"<p>Hay quienes buscan playas, otros monta\u00f1as, pero los verdaderos exploradores del paladar saben que la dulzura tambi\u00e9n tiene su geograf\u00eda. Y si hay un territorio donde el az\u00facar se transforma&hellip; <\/p>\n","protected":false},"author":2,"featured_media":38892,"comment_status":"closed","ping_status":"closed","sticky":false,"template":"","format":"standard","meta":{"footnotes":""},"categories":[27],"tags":[],"class_list":["post-38891","post","type-post","status-publish","format-standard","has-post-thumbnail","hentry","category-turismo"],"_links":{"self":[{"href":"https:\/\/eenergetica.com.ar\/index.php\/wp-json\/wp\/v2\/posts\/38891","targetHints":{"allow":["GET"]}}],"collection":[{"href":"https:\/\/eenergetica.com.ar\/index.php\/wp-json\/wp\/v2\/posts"}],"about":[{"href":"https:\/\/eenergetica.com.ar\/index.php\/wp-json\/wp\/v2\/types\/post"}],"author":[{"embeddable":true,"href":"https:\/\/eenergetica.com.ar\/index.php\/wp-json\/wp\/v2\/users\/2"}],"replies":[{"embeddable":true,"href":"https:\/\/eenergetica.com.ar\/index.php\/wp-json\/wp\/v2\/comments?post=38891"}],"version-history":[{"count":1,"href":"https:\/\/eenergetica.com.ar\/index.php\/wp-json\/wp\/v2\/posts\/38891\/revisions"}],"predecessor-version":[{"id":38893,"href":"https:\/\/eenergetica.com.ar\/index.php\/wp-json\/wp\/v2\/posts\/38891\/revisions\/38893"}],"wp:featuredmedia":[{"embeddable":true,"href":"https:\/\/eenergetica.com.ar\/index.php\/wp-json\/wp\/v2\/media\/38892"}],"wp:attachment":[{"href":"https:\/\/eenergetica.com.ar\/index.php\/wp-json\/wp\/v2\/media?parent=38891"}],"wp:term":[{"taxonomy":"category","embeddable":true,"href":"https:\/\/eenergetica.com.ar\/index.php\/wp-json\/wp\/v2\/categories?post=38891"},{"taxonomy":"post_tag","embeddable":true,"href":"https:\/\/eenergetica.com.ar\/index.php\/wp-json\/wp\/v2\/tags?post=38891"}],"curies":[{"name":"wp","href":"https:\/\/api.w.org\/{rel}","templated":true}]}}