{"id":38888,"date":"2025-06-18T10:33:23","date_gmt":"2025-06-18T13:33:23","guid":{"rendered":"http:\/\/eenergetica.com.ar\/?p=38888"},"modified":"2025-06-18T10:33:23","modified_gmt":"2025-06-18T13:33:23","slug":"restriccion-de-transito-pesado-por-el-dia-de-la-bandera-2","status":"publish","type":"post","link":"https:\/\/eenergetica.com.ar\/index.php\/2025\/06\/18\/restriccion-de-transito-pesado-por-el-dia-de-la-bandera-2\/","title":{"rendered":"Restricci\u00f3n de tr\u00e1nsito pesado por el D\u00eda de la Bandera"},"content":{"rendered":"\n<p>La Direcci\u00f3n de Vialidad de la Provincia de Buenos Aires, dependiente del Ministerio de Infraestructura y Servicios P\u00fablicos, comunica que, debido al feriado por el D\u00eda del Paso a la Inmortalidad del General Manuel Belgrano, &nbsp;los d\u00edas jueves 19, viernes 20 y domingo 22 de junio de 2025, se restringir\u00e1 la circulaci\u00f3n de camiones con carga de m\u00e1s de 7 (siete) toneladas de porte bruto en la Autov\u00eda 2, las Rutas Provinciales N\u00ba11, N\u00ba36, N\u00ba56, N\u00ba63, N\u00ba74, y la Autopista Buenos Aires\u2013La Plata, con el objetivo de facilitar el desplazamiento vehicular y prevenir siniestros de tr\u00e1nsito en rutas tur\u00edsticas.<br><br>Sentido a Costa Atl\u00e1ntica<br>Jueves 19 de junio de 2025 18:00 a 23:59hs<br>Viernes 20 de junio 2025 de 06:00 a 14:00 hs<\/p>\n\n\n\n<p>Sentido a CABA<br>Domingo 22 de junio de 2025 de 14:00 a 23:59 hs<\/p>\n\n\n\n<p><strong>Autopista Buenos Aires \u2013 La Plata<br><\/strong>Desde Ciudad Aut\u00f3noma de Buenos Aires hasta la ciudad de La Plata.<\/p>\n\n\n\n<p><strong>Ruta Provincial N \u00ba 2 (AUTOV\u00cdA 2)<br><\/strong>Desde km 40,5 del Ramal Buenos Aires \u2013 Mar del Plata de la Autopista Buenos Aires \u2013 La Plata hasta el Km. 400 (Camet).<\/p>\n\n\n\n<p><strong>Ruta Provincial N\u00ba11<br><\/strong>Desde intersecci\u00f3n con RP N\u00ba 36 (Pipinas) hasta el Km. 537 (Chapadmalal)<\/p>\n\n\n\n<p><strong>Ruta Provincial N\u00ba36<br><\/strong>Desde Rotonda RP N \u00ba 10 (Prolongaci\u00f3n Av. 66 &#8211; La Plata) hasta la intersecci\u00f3n con RP N \u00ba 11 (Pipinas)<\/p>\n\n\n\n<p><strong>Ruta Provincial N\u00ba56<br><\/strong>Desde su intersecci\u00f3n con la RP N \u00ba 11 (Gral. Conesa) hasta su intersecci\u00f3n con la RP N\u00ba 74 (Gral. Madariaga).<\/p>\n\n\n\n<p><strong>Ruta Provincial N\u00ba63<br><\/strong>Desde Distribuidor de Transito con RP N \u00ba 2 (Dolores) hasta Intersecci\u00f3n con RP N \u00ba 11 (Esquina de Crotto).<\/p>\n\n\n\n<p>Ruta Provincial N\u00ba74<br>Desde su intersecci\u00f3n con la RP N \u00ba 56 (Maip\u00fa) hasta su intersecci\u00f3n con la RP N \u00ba 11 (Pinamar).<\/p>\n\n\n\n<p>Exceptuar de toda restricci\u00f3n para circular, temporaria o permanente, a los veh\u00edculos de autotransporte de cargas menores a SIETE (7) toneladas de porte bruto y a los veh\u00edculos que a continuaci\u00f3n se detallan:<br>a) &nbsp;De transporte de leche cruda, sus productos derivados, y envases asociados.<br>b) &nbsp;De transporte de animales vivos.<br>c) &nbsp;De transporte de pescado y mariscos congelados.<br>d) &nbsp;De transporte de productos frutihort\u00edcolas en tr\u00e1nsito.<br>e) De transporte exclusivo de prensa y de unidades m\u00f3viles de medios de comunicaci\u00f3n audiovisual.<br>f) &nbsp; De atenci\u00f3n de emergencias.<br>g) &nbsp;De gr\u00faas\/asistencia a veh\u00edculos averiados o accidentados, en el lugar del suceso o para su traslado al punto m\u00e1s pr\u00f3ximo a aquel donde pueda quedar depositado, y en regreso en vac\u00edo.<br>h) De transporte de combustible, de gas natural comprimido y gas licuado de petr\u00f3leo.<br>i) &nbsp;De transporte de gases necesarios para el funcionamiento de centros sanitarios, as\u00ed como de gases transportados a particulares para asistencias sanitarias domiciliaria, en ambos casos, cuando se acredite que se transportan a dichos destinos.<br>j) De transporte de medicinas.<br>k) De transporte de dep\u00f3sitos final de residuos s\u00f3lidos urbanos y\/o patog\u00e9nicos.<br>l) De transporte que deba circular en cumplimiento directo e inmediato de una orden judicial.<br>m) &nbsp;De transporte de sebo, hueso y cueros.<br>n) &nbsp;Cuando se oponga a disposiciones que en id\u00e9ntico sentido dicte la Secretar\u00eda de Gesti\u00f3n del Transporte de la Naci\u00f3n, y\/o la Comisi\u00f3n Nacional del Tr\u00e1nsito y la Seguridad Vial, y\/o la Agencia Nacional de seguridad Vial, sobre una misma v\u00eda, d\u00eda y horario.<br>Vialidad Provincial recomienda a los conductores: circular con las luces bajas encendidas; con la V.T.V. actualizada; respetar las velocidades m\u00e1ximas y m\u00ednimas; colocarse el cintur\u00f3n de seguridad; no sobrepasar a otro veh\u00edculo con presencia de doble l\u00ednea amarilla; los ni\u00f1os menores de 12 a\u00f1os deben viajar en el asiento trasero correctamente sujetados; haber dormido y descansado antes de emprender un viaje y no beber alcohol.<\/p>\n","protected":false},"excerpt":{"rendered":"<p>La Direcci\u00f3n de Vialidad de la Provincia de Buenos Aires, dependiente del Ministerio de Infraestructura y Servicios P\u00fablicos, comunica que, debido al feriado por el D\u00eda del Paso a la&hellip; <\/p>\n","protected":false},"author":2,"featured_media":38889,"comment_status":"closed","ping_status":"closed","sticky":false,"template":"","format":"standard","meta":{"footnotes":""},"categories":[22],"tags":[],"class_list":["post-38888","post","type-post","status-publish","format-standard","has-post-thumbnail","hentry","category-sociedad"],"_links":{"self":[{"href":"https:\/\/eenergetica.com.ar\/index.php\/wp-json\/wp\/v2\/posts\/38888","targetHints":{"allow":["GET"]}}],"collection":[{"href":"https:\/\/eenergetica.com.ar\/index.php\/wp-json\/wp\/v2\/posts"}],"about":[{"href":"https:\/\/eenergetica.com.ar\/index.php\/wp-json\/wp\/v2\/types\/post"}],"author":[{"embeddable":true,"href":"https:\/\/eenergetica.com.ar\/index.php\/wp-json\/wp\/v2\/users\/2"}],"replies":[{"embeddable":true,"href":"https:\/\/eenergetica.com.ar\/index.php\/wp-json\/wp\/v2\/comments?post=38888"}],"version-history":[{"count":1,"href":"https:\/\/eenergetica.com.ar\/index.php\/wp-json\/wp\/v2\/posts\/38888\/revisions"}],"predecessor-version":[{"id":38890,"href":"https:\/\/eenergetica.com.ar\/index.php\/wp-json\/wp\/v2\/posts\/38888\/revisions\/38890"}],"wp:featuredmedia":[{"embeddable":true,"href":"https:\/\/eenergetica.com.ar\/index.php\/wp-json\/wp\/v2\/media\/38889"}],"wp:attachment":[{"href":"https:\/\/eenergetica.com.ar\/index.php\/wp-json\/wp\/v2\/media?parent=38888"}],"wp:term":[{"taxonomy":"category","embeddable":true,"href":"https:\/\/eenergetica.com.ar\/index.php\/wp-json\/wp\/v2\/categories?post=38888"},{"taxonomy":"post_tag","embeddable":true,"href":"https:\/\/eenergetica.com.ar\/index.php\/wp-json\/wp\/v2\/tags?post=38888"}],"curies":[{"name":"wp","href":"https:\/\/api.w.org\/{rel}","templated":true}]}}