{"id":38681,"date":"2025-06-09T08:56:33","date_gmt":"2025-06-09T11:56:33","guid":{"rendered":"http:\/\/eenergetica.com.ar\/?p=38681"},"modified":"2025-06-09T08:56:33","modified_gmt":"2025-06-09T11:56:33","slug":"reloj-biologico-estudian-si-administrar-drogas-en-horarios-especificos-podria-mejorar-la-quimioterapia","status":"publish","type":"post","link":"https:\/\/eenergetica.com.ar\/index.php\/2025\/06\/09\/reloj-biologico-estudian-si-administrar-drogas-en-horarios-especificos-podria-mejorar-la-quimioterapia\/","title":{"rendered":"Reloj biol\u00f3gico: estudian si administrar drogas en horarios espec\u00edficos podr\u00eda mejorar la quimioterapia"},"content":{"rendered":"\n<p>Una investigaci\u00f3n del Consejo Nacional de Investigaciones Cient\u00edficas y T\u00e9cnicas (CONICET) busca dilucidar&nbsp;<strong>c\u00f3mo el sistema circadiano es capaz de modular el metabolismo celular y el curso de diferentes enfermedades.&nbsp;<\/strong>El \u00faltimo art\u00edculo del equipo sobre este tema se public\u00f3 recientemente en la revista<strong>&nbsp;Cellular and Molecular Life Science&nbsp;<\/strong>del grupo&nbsp;<strong>Nature.<\/strong><\/p>\n\n\n\n<p>En particular,&nbsp;<strong>Mario E. Guido,<\/strong>&nbsp;investigador del CONICET y director del Centro de Investigaciones en Qu\u00edmica Biol\u00f3gica de C\u00f3rdoba (CIQUIBIC, CONICET-UNC), estudia<strong>&nbsp;c\u00f3mo funciona el reloj biol\u00f3gico en las c\u00e9lulas tumorales, como tambi\u00e9n en su tratamiento.&nbsp;<\/strong><\/p>\n\n\n\n<p><strong>\u201cTener en cuenta el horario de administraci\u00f3n de f\u00e1rmacos puede ser una gran herramienta para optimizar la eficiencia del tratamiento<\/strong>. En algunos trabajos del grupo, hemos comprobado que, tanto en c\u00e9lulas tumorales en cultivo como en tumores de ratones,&nbsp;<strong>el reloj interno es capaz de modular el crecimiento tumoral y su tratamiento,<\/strong>&nbsp;determinando diferencias en la sobrevida de dichos animales de acuerdo al horario de administraci\u00f3n de la droga, como tambi\u00e9n la disminuci\u00f3n de efectos adversos. Es decir que&nbsp;<strong>pueden responder diferencialmente a ciertas terapias con determinados medicamentos, seg\u00fan la hora del d\u00eda en que se administren<\/strong>\u201d, explica Guido.&nbsp;<\/p>\n\n\n\n<h4 class=\"wp-block-heading\">Qu\u00e9 es el reloj biol\u00f3gico<\/h4>\n\n\n\n<p>Desde el CONICET explican que los ojos no solo permiten ver: captan la luz \u2013o la falta de ella- y as\u00ed se sincronizan las funciones de todo el organismo. Esto ocurre a trav\u00e9s de un<strong>&nbsp;sistema de temporizaci\u00f3n interno presente en la mayor\u00eda de los seres vivos,<\/strong>&nbsp;incluido el ser humano: el<strong>&nbsp;sistema \u201ccircadiano\u201d o \u201creloj biol\u00f3gic<\/strong>o\u201d. Dicho reloj controla y dirige casi todas las actividades y funciones fisiol\u00f3gicas y conductuales que oscilan a lo largo del d\u00eda y generan los \u201critmos circadianos\u201d, per\u00edodos de aproximadamente 24 horas.&nbsp;<\/p>\n\n\n\n<p>El reloj central que dirige estos ritmos, en los mam\u00edferos est\u00e1 ubicado en el cerebro, espec\u00edficamente en los n\u00facleos supraquiasm\u00e1ticos del&nbsp;<strong>hipot\u00e1lamo<\/strong>. Ese reloj se encarga de coordinar los ritmos de alimentaci\u00f3n, actividad, sue\u00f1o, vigilia, producci\u00f3n de hormonas, temperatura corporal y hasta el sistema inmunol\u00f3gico.<strong>&nbsp;\u201cLa luz detectada por la retina env\u00eda informaci\u00f3n lum\u00ednica, del d\u00eda y la noche,&nbsp;<\/strong>al n\u00facleo supraquiasm\u00e1tico, y desde all\u00ed, diversas se\u00f1ales sincronizan los relojes perif\u00e9ricos, ubicados en distintos \u00f3rganos, tejidos y c\u00e9lulas del organismo\u201d, explic\u00f3 Guido.<\/p>\n\n\n\n<h4 class=\"wp-block-heading\">La cronobiolog\u00eda<\/h4>\n\n\n\n<p>La l\u00ednea de estudio liderada por Guido se enmarca en el \u00e1rea de la \u201ccronobiolog\u00eda\u201d. Abre la promisoria puerta no solo de&nbsp;<strong>suministrar los medicamentos en el mejor horario, sino tambi\u00e9n de que se utilicen menores dosis de tratamiento y disminuir los efectos adversos&nbsp;<\/strong>por causa de terapias agresivas, como las quimioterapias.&nbsp;<\/p>\n\n\n\n<p>\u201cLa retina env\u00eda la informaci\u00f3n visual al cerebro, que no solo procesa las im\u00e1genes, sino que tambi\u00e9n detecta la luz que pone en hora el reloj biol\u00f3gico todos los d\u00edas y controla otras funciones no asociadas directamente a la visi\u00f3n, tales como el reflejo pupilar y la inhibici\u00f3n de la hormona nocturna melatonina\u201d, detall\u00f3 el cient\u00edfico.<\/p>\n\n\n\n<p>Uno de los descubrimientos m\u00e1s recientes dentro de su campo de estudio fue el hallazgo de que&nbsp;<strong>no solamente el cerebro regula el reloj biol\u00f3gico, si no que la mayor\u00eda de las c\u00e9lulas del cuerpo de un organismo tienen peque\u00f1os relojes<\/strong>&nbsp;que se acoplan al reloj central a trav\u00e9s de la coordinaci\u00f3n del n\u00facleo supraquiasm\u00e1tico. \u201cAntes se pensaba que el reloj solo estaba en la retina, en la gl\u00e1ndula pineal y en este n\u00facleo\u201d, aclara Guido. \u201cPero&nbsp;<strong>ahora se sabe que,&nbsp;en \u00f3rganos perif\u00e9ricos, como el coraz\u00f3n, el h\u00edgado, los intestinos, los m\u00fasculos y casi todas las c\u00e9lulas individuales est\u00e1 la capacidad de medir el tiempo\u201d.<\/strong><\/p>\n\n\n\n<p><strong>Esos relojes se sincronizan por exactamente 24 horas todos los d\u00edas a trav\u00e9s de se\u00f1ales externas, como la luz, pero tambi\u00e9n por otras producidas por los alimentos, la actividad f\u00edsica, la temperatura, entre otras.<\/strong>&nbsp;Una vez que se ponen en hora esos relojes, las c\u00e9lulas son capaces de medir el tiempo y organizar en base a eso su actividad.<\/p>\n","protected":false},"excerpt":{"rendered":"<p>Una investigaci\u00f3n del Consejo Nacional de Investigaciones Cient\u00edficas y T\u00e9cnicas (CONICET) busca dilucidar&nbsp;c\u00f3mo el sistema circadiano es capaz de modular el metabolismo celular y el curso de diferentes enfermedades.&nbsp;El \u00faltimo&hellip; <\/p>\n","protected":false},"author":2,"featured_media":38682,"comment_status":"closed","ping_status":"closed","sticky":false,"template":"","format":"standard","meta":{"footnotes":""},"categories":[22],"tags":[],"class_list":["post-38681","post","type-post","status-publish","format-standard","has-post-thumbnail","hentry","category-sociedad"],"_links":{"self":[{"href":"https:\/\/eenergetica.com.ar\/index.php\/wp-json\/wp\/v2\/posts\/38681","targetHints":{"allow":["GET"]}}],"collection":[{"href":"https:\/\/eenergetica.com.ar\/index.php\/wp-json\/wp\/v2\/posts"}],"about":[{"href":"https:\/\/eenergetica.com.ar\/index.php\/wp-json\/wp\/v2\/types\/post"}],"author":[{"embeddable":true,"href":"https:\/\/eenergetica.com.ar\/index.php\/wp-json\/wp\/v2\/users\/2"}],"replies":[{"embeddable":true,"href":"https:\/\/eenergetica.com.ar\/index.php\/wp-json\/wp\/v2\/comments?post=38681"}],"version-history":[{"count":1,"href":"https:\/\/eenergetica.com.ar\/index.php\/wp-json\/wp\/v2\/posts\/38681\/revisions"}],"predecessor-version":[{"id":38683,"href":"https:\/\/eenergetica.com.ar\/index.php\/wp-json\/wp\/v2\/posts\/38681\/revisions\/38683"}],"wp:featuredmedia":[{"embeddable":true,"href":"https:\/\/eenergetica.com.ar\/index.php\/wp-json\/wp\/v2\/media\/38682"}],"wp:attachment":[{"href":"https:\/\/eenergetica.com.ar\/index.php\/wp-json\/wp\/v2\/media?parent=38681"}],"wp:term":[{"taxonomy":"category","embeddable":true,"href":"https:\/\/eenergetica.com.ar\/index.php\/wp-json\/wp\/v2\/categories?post=38681"},{"taxonomy":"post_tag","embeddable":true,"href":"https:\/\/eenergetica.com.ar\/index.php\/wp-json\/wp\/v2\/tags?post=38681"}],"curies":[{"name":"wp","href":"https:\/\/api.w.org\/{rel}","templated":true}]}}