{"id":38613,"date":"2025-06-05T08:48:03","date_gmt":"2025-06-05T11:48:03","guid":{"rendered":"http:\/\/eenergetica.com.ar\/?p=38613"},"modified":"2025-06-05T08:48:04","modified_gmt":"2025-06-05T11:48:04","slug":"de-recusado-a-testigo-en-el-caso-maradona-citaron-a-baque-para-que-declare-en-la-causa-contra-makintach","status":"publish","type":"post","link":"https:\/\/eenergetica.com.ar\/index.php\/2025\/06\/05\/de-recusado-a-testigo-en-el-caso-maradona-citaron-a-baque-para-que-declare-en-la-causa-contra-makintach\/","title":{"rendered":"De recusado a testigo en el caso Maradona: citaron a Baqu\u00e9 para que declare en la causa contra Makintach"},"content":{"rendered":"\n<p>El&nbsp;<strong>abogado Rodolfo Baqu\u00e9<\/strong>&nbsp;fue citado para que&nbsp;<strong>declare en la causa contra la<\/strong><a href=\"https:\/\/noticiasargentinas.com\/sociedad\/nuevo-pedido-de-juicio-politico-contra-la-jueza-del-caso-maradona--la-denuncio-conte-grand_a6840c36575363253e1969aa0\"><strong>&nbsp;jueza Julieta Makintach<\/strong><\/a>por la realizaci\u00f3n de un documental sin autorizaci\u00f3n en el juicio por la muerte de Diego Maradona, el cual provoc\u00f3 la anulaci\u00f3n del debate.<\/p>\n\n\n\n<p>En medio del esc\u00e1ndalo,&nbsp;<strong>Baqu\u00e9 pas\u00f3 de ser recusado en el debate oral a testigo<\/strong>&nbsp;en uno de los casos m\u00e1s resonantes y pol\u00e9micos del \u00faltimo tiempo en el \u00e1rea judicial.<\/p>\n\n\n\n<p>La&nbsp;<em>agencia Noticias Argentinas<\/em>&nbsp;tuvo acceso a la citaci\u00f3n donde el defensor deber\u00e1 ir el pr\u00f3ximo&nbsp;<strong>mi\u00e9rcoles 18 de junio de 2025 a las 10.00 en la UFI 1 de San Isidro.<\/strong><\/p>\n\n\n\n<p>En este sentido, Baqu\u00e9 le confirm\u00f3 a este medio que su&nbsp;<strong>convocatoria es de car\u00e1cter \u201curgente\u201d<\/strong>&nbsp;en el caso caratulado como&nbsp;<strong>averiguaci\u00f3n de il\u00edcito<\/strong>&nbsp;contra la magistrada.<\/p>\n\n\n\n<p>D\u00edas atr\u00e1s laCorte Suprema de la provincia de Buenos Aires confirm\u00f3 que los<strong>&nbsp;abogados Rodolfo Baqu\u00e9 y Mart\u00edn Miguel De Vargas fueron apartados de forma indebida de la defensa del enfermero Ricardo Almir\u00f3n.<\/strong><\/p>\n\n\n\n<p><strong>Baqu\u00e9 hab\u00eda sido desplazado del juicio por patrocinar a la enfermera Dahiana Gisela Madrid,<\/strong>&nbsp;la \u00fanica acusada que afrontar\u00e1 un juicio por jurados populares en septiembre.<\/p>\n\n\n\n<p>A fines de mayo el debate, en el que ya se hab\u00edan realizado 19 audiencias y desfilaron por tribunales 44 testigos,&nbsp;<strong>volvi\u00f3 a foja cero<\/strong>&nbsp;tras la determinaci\u00f3n de los jueces Maximiliano Savarino y Ver\u00f3nica Di Tomasso por la producci\u00f3n de una miniserie \u201cJusticia Divina\u201d protagonizada por la jueza Makintach.<\/p>\n\n\n\n<p>Ahora, mientras contin\u00faa la pol\u00e9mica, siguen solicitando las investigaciones contra la magistrada. En este marco,&nbsp;<strong>ya se presentaron seis pedidos de juicio pol\u00edtico.<\/strong><\/p>\n\n\n\n<p>fuente NA<\/p>\n","protected":false},"excerpt":{"rendered":"<p>El&nbsp;abogado Rodolfo Baqu\u00e9&nbsp;fue citado para que&nbsp;declare en la causa contra la&nbsp;jueza Julieta Makintachpor la realizaci\u00f3n de un documental sin autorizaci\u00f3n en el juicio por la muerte de Diego Maradona, el&hellip; <\/p>\n","protected":false},"author":2,"featured_media":38614,"comment_status":"closed","ping_status":"closed","sticky":false,"template":"","format":"standard","meta":{"footnotes":""},"categories":[22],"tags":[],"class_list":["post-38613","post","type-post","status-publish","format-standard","has-post-thumbnail","hentry","category-sociedad"],"_links":{"self":[{"href":"https:\/\/eenergetica.com.ar\/index.php\/wp-json\/wp\/v2\/posts\/38613","targetHints":{"allow":["GET"]}}],"collection":[{"href":"https:\/\/eenergetica.com.ar\/index.php\/wp-json\/wp\/v2\/posts"}],"about":[{"href":"https:\/\/eenergetica.com.ar\/index.php\/wp-json\/wp\/v2\/types\/post"}],"author":[{"embeddable":true,"href":"https:\/\/eenergetica.com.ar\/index.php\/wp-json\/wp\/v2\/users\/2"}],"replies":[{"embeddable":true,"href":"https:\/\/eenergetica.com.ar\/index.php\/wp-json\/wp\/v2\/comments?post=38613"}],"version-history":[{"count":1,"href":"https:\/\/eenergetica.com.ar\/index.php\/wp-json\/wp\/v2\/posts\/38613\/revisions"}],"predecessor-version":[{"id":38615,"href":"https:\/\/eenergetica.com.ar\/index.php\/wp-json\/wp\/v2\/posts\/38613\/revisions\/38615"}],"wp:featuredmedia":[{"embeddable":true,"href":"https:\/\/eenergetica.com.ar\/index.php\/wp-json\/wp\/v2\/media\/38614"}],"wp:attachment":[{"href":"https:\/\/eenergetica.com.ar\/index.php\/wp-json\/wp\/v2\/media?parent=38613"}],"wp:term":[{"taxonomy":"category","embeddable":true,"href":"https:\/\/eenergetica.com.ar\/index.php\/wp-json\/wp\/v2\/categories?post=38613"},{"taxonomy":"post_tag","embeddable":true,"href":"https:\/\/eenergetica.com.ar\/index.php\/wp-json\/wp\/v2\/tags?post=38613"}],"curies":[{"name":"wp","href":"https:\/\/api.w.org\/{rel}","templated":true}]}}