{"id":37879,"date":"2025-05-01T05:54:00","date_gmt":"2025-05-01T08:54:00","guid":{"rendered":"https:\/\/eenergetica.com.ar\/?p=37879"},"modified":"2025-04-30T18:00:13","modified_gmt":"2025-04-30T21:00:13","slug":"fue-un-plomazo-la-definicion-de-rodriguez-larreta-sobre-el-debate-de-candidatos-portenos","status":"publish","type":"post","link":"https:\/\/eenergetica.com.ar\/index.php\/2025\/05\/01\/fue-un-plomazo-la-definicion-de-rodriguez-larreta-sobre-el-debate-de-candidatos-portenos\/","title":{"rendered":"&#8220;Fue un plomazo&#8221;: la definici\u00f3n de Rodr\u00edguez Larreta sobre el debate de candidatos porte\u00f1os"},"content":{"rendered":"\n<p><strong>El candidato a legislador porte\u00f1o Horacio Rodr\u00edguez Larreta<\/strong>&nbsp;se refiri\u00f3 hoy al debate de candidatos para las elecciones de la Ciudad y consider\u00f3 que &#8220;fue un plomazo&#8221; porque estuvo &#8220;tres horas&#8221; en el lugar para &#8220;hablar ocho minutos&#8221;.<\/p>\n\n\n\n<p>&#8220;Mejor hacerlos que no hacerlos, adem\u00e1s hay una ley que marca que todos los candidatos participen. \u00bfPor qu\u00e9 invitar a unos s\u00ed y a otros? Pero es cierto que hubo 17 candidatos y fue un plomazo, estuve tres horas ah\u00ed para hablar ocho minutos&#8221;, plante\u00f3 Rodr\u00edguez Larreta al participar de una charla organizada por el&nbsp;<strong>Rotary Club de Buenos Aires<\/strong>&nbsp;en un hotel del centro porte\u00f1o.<\/p>\n\n\n\n<p>Durante su exposici\u00f3n, el ex jefe de gobierno de la Ciudad reivindic\u00f3 sus gestiones de&nbsp;<strong>2015-2019<\/strong>&nbsp;y&nbsp;<strong>2019-2023<\/strong>&nbsp;y revel\u00f3 lo que le comentan los vecinos en sus recorridas de campa\u00f1a para estos comicios de legislador del&nbsp;<strong>18 de mayo<\/strong>.<\/p>\n\n\n\n<p>&#8220;Me dicen &#8216;volv\u00e9&#8217;, &#8216;la ciudad est\u00e1 rota&#8217;, &#8216;est\u00e1 sucia&#8217;, &#8216;te extra\u00f1amos&#8217;, es lo que escucho en la calle&#8221;, sostuvo en el marco de su ruptura con el PRO y sus cr\u00edticas a la actual gesti\u00f3n porte\u00f1a de&nbsp;<strong>Jorge Macri<\/strong>, que lo llevaron a presentarse como candidato a legislador por fuera del partido amarillo.<\/p>\n\n\n\n<p>Tambi\u00e9n sali\u00f3 a responder cr\u00edticas que le hizo el presidente del PRO,&nbsp;<strong>Mauricio Macri<\/strong>, quien consider\u00f3 que su candidatura es funcional al kirchnerismo.<\/p>\n\n\n\n<p>&#8220;Le contesto que durante 16 a\u00f1os le ganamos al kirchnerismo, le ganamos siempre. Yo s\u00f3lo no me fui, se fue la&nbsp;<strong>Coalici\u00f3n C\u00edvica<\/strong>. \u00bfVan a decir que (Elisa) Carri\u00f3 es funcional al kirchnerismo? El radicalismo tambi\u00e9n se fue. \u00bfEs culpa m\u00eda? Pregunt\u00e9monos por qu\u00e9 se fueron. Estamos buscando el problema en otro lado, si se pierde la Ciudad hay un solo motivo que es que la gesti\u00f3n est\u00e1 mal&#8221;, sostuvo el ex alcalde.<\/p>\n\n\n\n<p>Sobre por qu\u00e9&nbsp;<strong>Juntos por el Cambio<\/strong>&nbsp;se desintegr\u00f3, Rodr\u00edguez Larreta sostuvo que &#8220;no se manej\u00f3 bien el proceso de 2023&#8221;.<\/p>\n\n\n\n<p>&#8220;Ganamos la elecci\u00f3n en la provincia en 2021 al peronismo unido con (Diego) Santilli que lo puse yo de candidato. Despu\u00e9s hubo una situaci\u00f3n interna. Adem\u00e1s estaban primando en el mundo posiciones extremas, antisistema, con outsiders&#8221;, lo cual en Argentina potenci\u00f3 las chances de&nbsp;<strong>Javier Milei<\/strong>, explic\u00f3.<\/p>\n\n\n\n<p>Previamente, en la red social&nbsp;<strong>X<\/strong>, Rodr\u00edguez Larreta afirm\u00f3 que adem\u00e1s de &#8220;olor a pis&#8221;, la Ciudad ahora tiene &#8220;olor a miedo&#8221;, porque &#8220;no hay polic\u00edas en la calle&#8221;, y la consecuencia es que &#8220;nos parecemos cada vez m\u00e1s al Conurbano&#8221;.<\/p>\n\n\n\n<p>&#8220;La Ciudad no est\u00e1 bien, los porte\u00f1os nos merecemos m\u00e1s. Ahora hay olor a miedo. No hay polic\u00edas en la calle. Nos parecemos cada vez m\u00e1s al Conurbano&#8221;, escribi\u00f3 Rodr\u00edguez Larreta en su cuenta de X.<\/p>\n\n\n\n<p>Tras participar del debate televisivo de los 17 principales candidatos a legislador porte\u00f1o, el ex jefe de Gobierno dijo en tono autocr\u00edtico: &#8220;Ustedes ya me conocen, no soy bueno para dar discursos ni para hacer actos pol\u00edticos. Lo reconozco&#8221;.<\/p>\n\n\n\n<p>Tal como expres\u00f3 en el debate de anoche, reiter\u00f3 que quiere &#8220;volver a ser jefe de Gobierno de la Ciudad de Buenos Aires&#8221;, y manifest\u00f3 que su perfil es &#8220;de hacer. Lo m\u00edo es la gesti\u00f3n, el m\u00e9todo&#8221;.<br>&nbsp;&#8220;Me dicen robot, alien. Me cargan con que vengo de otro planeta. Nunca promet\u00ed ni anunci\u00e9 obras que no hayamos concretado. Lo demostr\u00e9 en todos mis a\u00f1os de gobierno: obra que se anuncia, obra que se hace&#8221;, recalc\u00f3 y resalt\u00f3: &#8220;Yo no prometo, cumplo&#8221;.<\/p>\n\n\n\n<p>M\u00e1s adelante insisti\u00f3 en que &#8220;la Ciudad no est\u00e1 bien, los porte\u00f1os nos merecemos m\u00e1s&#8221;, y dispar\u00f3 contra la ausencia de obras p\u00fablicas de relevancia desde que asumi\u00f3&nbsp;<strong>Jorge Macri<\/strong>&nbsp;en diciembre de&nbsp;<strong>2023<\/strong>. &#8220;Pasaron 500 d\u00edas y hay cero obras&#8221;, enfatiz\u00f3.<\/p>\n\n\n\n<p>fuente NA<\/p>\n","protected":false},"excerpt":{"rendered":"<p>El candidato a legislador porte\u00f1o Horacio Rodr\u00edguez Larreta&nbsp;se refiri\u00f3 hoy al debate de candidatos para las elecciones de la Ciudad y consider\u00f3 que &#8220;fue un plomazo&#8221; porque estuvo &#8220;tres horas&#8221;&hellip; <\/p>\n","protected":false},"author":2,"featured_media":37880,"comment_status":"closed","ping_status":"closed","sticky":false,"template":"","format":"standard","meta":{"footnotes":""},"categories":[20],"tags":[],"class_list":["post-37879","post","type-post","status-publish","format-standard","has-post-thumbnail","hentry","category-politica"],"_links":{"self":[{"href":"https:\/\/eenergetica.com.ar\/index.php\/wp-json\/wp\/v2\/posts\/37879","targetHints":{"allow":["GET"]}}],"collection":[{"href":"https:\/\/eenergetica.com.ar\/index.php\/wp-json\/wp\/v2\/posts"}],"about":[{"href":"https:\/\/eenergetica.com.ar\/index.php\/wp-json\/wp\/v2\/types\/post"}],"author":[{"embeddable":true,"href":"https:\/\/eenergetica.com.ar\/index.php\/wp-json\/wp\/v2\/users\/2"}],"replies":[{"embeddable":true,"href":"https:\/\/eenergetica.com.ar\/index.php\/wp-json\/wp\/v2\/comments?post=37879"}],"version-history":[{"count":1,"href":"https:\/\/eenergetica.com.ar\/index.php\/wp-json\/wp\/v2\/posts\/37879\/revisions"}],"predecessor-version":[{"id":37881,"href":"https:\/\/eenergetica.com.ar\/index.php\/wp-json\/wp\/v2\/posts\/37879\/revisions\/37881"}],"wp:featuredmedia":[{"embeddable":true,"href":"https:\/\/eenergetica.com.ar\/index.php\/wp-json\/wp\/v2\/media\/37880"}],"wp:attachment":[{"href":"https:\/\/eenergetica.com.ar\/index.php\/wp-json\/wp\/v2\/media?parent=37879"}],"wp:term":[{"taxonomy":"category","embeddable":true,"href":"https:\/\/eenergetica.com.ar\/index.php\/wp-json\/wp\/v2\/categories?post=37879"},{"taxonomy":"post_tag","embeddable":true,"href":"https:\/\/eenergetica.com.ar\/index.php\/wp-json\/wp\/v2\/tags?post=37879"}],"curies":[{"name":"wp","href":"https:\/\/api.w.org\/{rel}","templated":true}]}}