{"id":37846,"date":"2025-04-29T09:09:13","date_gmt":"2025-04-29T12:09:13","guid":{"rendered":"http:\/\/eenergetica.com.ar\/?p=37846"},"modified":"2025-04-29T09:09:14","modified_gmt":"2025-04-29T12:09:14","slug":"la-cgt-y-la-cta-rechazaran-este-martes-en-el-congreso-el-proyecto-para-eliminar-el-aporte-a-los-gremios","status":"publish","type":"post","link":"https:\/\/eenergetica.com.ar\/index.php\/2025\/04\/29\/la-cgt-y-la-cta-rechazaran-este-martes-en-el-congreso-el-proyecto-para-eliminar-el-aporte-a-los-gremios\/","title":{"rendered":"La CGT y la CTA rechazar\u00e1n este martes en el Congreso el proyecto para eliminar el aporte a los gremios"},"content":{"rendered":"\n<p>La&nbsp;<strong>CGT y la CTA<\/strong>&nbsp;rechazar\u00e1n ma\u00f1ana en la C\u00e1mara de Diputados los proyectos impulsados por bloques dialoguistas para&nbsp;<strong>terminar con el aporte obligatorio de empresarios y trabajadores a los gremios.&nbsp;&nbsp;&nbsp;<\/strong><\/p>\n\n\n\n<p>Ser\u00e1 durante la tercera reuni\u00f3n de la Comisi\u00f3n de Legislaci\u00f3n del Trabajo, a la que concurrir\u00e1n los&nbsp;<strong>cosecretarios generales de la CGT H\u00e9ctor Daer, Octavio Arg\u00fcello y Carlos Acu\u00f1a; de la CTA de los Trabajadores, Hugo Yasky, y el secretario adjunto de la CTA Aut\u00f3noma, Ricardo Peidr\u00f3<\/strong>, entre otros.&nbsp;&nbsp;<\/p>\n\n\n\n<p>&nbsp;Luego de que la UCR, el PRO y la Coalici\u00f3n C\u00edvica fracasaranel a\u00f1o pasado &nbsp;con la iniciativa de concretar una amplia reforma sindical, ahora estas fuerzas volver\u00e1n a la carga con proyectos para limitar los recursos de los sindicatos.&nbsp;&nbsp;<\/p>\n\n\n\n<p>&nbsp;La discusi\u00f3n se instalar\u00e1 nuevamente desde las 10 en la Comisi\u00f3n de Legislaci\u00f3n del Trabajo, que preside el radical<strong>&nbsp;Mart\u00edn Tetaz.<\/strong>&nbsp;&nbsp;<\/p>\n\n\n\n<p>&nbsp;Los sindicalistas de la CGT y la CTA que expondr\u00e1n en forma presencial o por Zoom volver\u00e1n a renovar sus cr\u00edticas a esas iniciativas, al sostener que no existe obligatoriedad de los trabajadores sino que se trata de un aporte &#8220;voluntario&#8221; y que, en el caso de las empresas, forma parte de acuerdos paritarios.&nbsp;&nbsp;<\/p>\n\n\n\n<p>Uno de los que expondr\u00e1 por Zoom ser\u00e1<strong>&nbsp;el sindicalista H\u00e9ctor Daer ya que tiene ma\u00f1ana la reuni\u00f3n del Consejo del Salario, seg\u00fan confirm\u00f3 el propio gremialista a Noticias Argentinas.<\/strong><\/p>\n\n\n\n<p>&nbsp;Durante la reuni\u00f3n, tambi\u00e9n expondr\u00e1n el ex diputado Facundo Moyano y asociaciones laboralistas de todo el pa\u00eds, as\u00ed como titulares de c\u00e1tedra de derecho.&nbsp;&nbsp;<\/p>\n\n\n\n<p>&nbsp;La comisi\u00f3n de Legislaci\u00f3n del Trabajo esta analizando iniciativas del radical &#8220;con peluca&#8221; Luis Picat; de la diputada de la Coalici\u00f3n C\u00edvica Marcela Campagnoli y de Gerardo Milman del PRO, adem\u00e1s del propio Tetaz.<\/p>\n\n\n\n<p>fuente NA<\/p>\n","protected":false},"excerpt":{"rendered":"<p>La&nbsp;CGT y la CTA&nbsp;rechazar\u00e1n ma\u00f1ana en la C\u00e1mara de Diputados los proyectos impulsados por bloques dialoguistas para&nbsp;terminar con el aporte obligatorio de empresarios y trabajadores a los gremios.&nbsp;&nbsp;&nbsp; Ser\u00e1 durante&hellip; <\/p>\n","protected":false},"author":2,"featured_media":37847,"comment_status":"closed","ping_status":"closed","sticky":false,"template":"","format":"standard","meta":{"footnotes":""},"categories":[28,24],"tags":[],"class_list":["post-37846","post","type-post","status-publish","format-standard","has-post-thumbnail","hentry","category-destacada","category-provincia"],"_links":{"self":[{"href":"https:\/\/eenergetica.com.ar\/index.php\/wp-json\/wp\/v2\/posts\/37846","targetHints":{"allow":["GET"]}}],"collection":[{"href":"https:\/\/eenergetica.com.ar\/index.php\/wp-json\/wp\/v2\/posts"}],"about":[{"href":"https:\/\/eenergetica.com.ar\/index.php\/wp-json\/wp\/v2\/types\/post"}],"author":[{"embeddable":true,"href":"https:\/\/eenergetica.com.ar\/index.php\/wp-json\/wp\/v2\/users\/2"}],"replies":[{"embeddable":true,"href":"https:\/\/eenergetica.com.ar\/index.php\/wp-json\/wp\/v2\/comments?post=37846"}],"version-history":[{"count":1,"href":"https:\/\/eenergetica.com.ar\/index.php\/wp-json\/wp\/v2\/posts\/37846\/revisions"}],"predecessor-version":[{"id":37848,"href":"https:\/\/eenergetica.com.ar\/index.php\/wp-json\/wp\/v2\/posts\/37846\/revisions\/37848"}],"wp:featuredmedia":[{"embeddable":true,"href":"https:\/\/eenergetica.com.ar\/index.php\/wp-json\/wp\/v2\/media\/37847"}],"wp:attachment":[{"href":"https:\/\/eenergetica.com.ar\/index.php\/wp-json\/wp\/v2\/media?parent=37846"}],"wp:term":[{"taxonomy":"category","embeddable":true,"href":"https:\/\/eenergetica.com.ar\/index.php\/wp-json\/wp\/v2\/categories?post=37846"},{"taxonomy":"post_tag","embeddable":true,"href":"https:\/\/eenergetica.com.ar\/index.php\/wp-json\/wp\/v2\/tags?post=37846"}],"curies":[{"name":"wp","href":"https:\/\/api.w.org\/{rel}","templated":true}]}}