{"id":37619,"date":"2025-04-21T08:36:49","date_gmt":"2025-04-21T11:36:49","guid":{"rendered":"http:\/\/eenergetica.com.ar\/?p=37619"},"modified":"2025-04-21T08:36:50","modified_gmt":"2025-04-21T11:36:50","slug":"kicillof-increible-bancarrota-intelectual-del-licenciado-milei-con-respecto-a-la-teoria-de-la-inflacion","status":"publish","type":"post","link":"https:\/\/eenergetica.com.ar\/index.php\/2025\/04\/21\/kicillof-increible-bancarrota-intelectual-del-licenciado-milei-con-respecto-a-la-teoria-de-la-inflacion\/","title":{"rendered":"Kicillof: \u201cIncre\u00edble bancarrota intelectual del licenciado Milei, con respecto a la teor\u00eda de la inflaci\u00f3n\u201d"},"content":{"rendered":"\n<p>El gobernador de la provincia de Buenos Aires,&nbsp;<strong>Axel Kicillof<\/strong>, apunt\u00f3 contra el Presidente de la Naci\u00f3n,&nbsp;<strong>Javier Milei<\/strong>, y afirm\u00f3 que es \u201c<em>incre\u00edble la bancarrota intelectual<\/em>\u201d que maneja en su gesti\u00f3n \u201c<em>con respecto a la teor\u00eda de la inflaci\u00f3n<\/em>\u201d: \u201c<em>Result\u00f3 ser un marxista, pero de la escuela de Groucho<\/em>\u201d.<\/p>\n\n\n\n<p>Desde sus redes sociales, manifest\u00f3 que e<strong>l Presidente, durante su campa\u00f1a, sosten\u00eda que&nbsp;<\/strong><em><strong>\u201cla inflaci\u00f3n es en todo momento un fen\u00f3meno monetario<\/strong><\/em><strong>\u201d, sin embargo, una vez que asumi\u00f3 cambi\u00f3 su discurso<\/strong>.<\/p>\n\n\n\n<p>\u201c<em>Invent\u00f3 que existir\u00eda un \u2018rezago\u2019 de 12 a 18 meses entre que se detiene la emisi\u00f3n y baja inflaci\u00f3n. Entonces\u2026 \u00bfla inflaci\u00f3n de estos meses responde a lo que ocurri\u00f3 hace un a\u00f1o o m\u00e1s? En los \u00faltimos meses, Milei cambi\u00f3 otra vez de libreto: dijo que su Gobierno no devaluaba porque la devaluaci\u00f3n se va a precios. Entonces&#8230; \u00bfD\u00f3nde qued\u00f3 la importancia de la emisi\u00f3n en esta nueva contorsi\u00f3n de su discurso?\u201d,<\/em>&nbsp;cuestion\u00f3 el mandatario provincial.<\/p>\n\n\n\n<p>En la misma l\u00ednea, destac\u00f3 que&nbsp;<em><mark>\u201clos volantazos conceptuales<\/mark><\/em><mark>\u201d de Milei continuaron y luego de \u201centregarle\u201d el manejo de la econom\u00eda al Fondo Monetario Internacional (FMI), tuvo que modificar de manera \u201c<\/mark><em><mark>obligada<\/mark><\/em><mark>\u201d el r\u00e9gimen cambiario y termin\u00f3 asegurando que quienes producen la inflaci\u00f3n \u201c<\/mark><em><mark>son los formadores de precios\u201d.<\/mark><\/em><\/p>\n\n\n\n<p><em>\u201cEl experto en crecimiento con y sin dinero reemplaza toda su chapucer\u00eda previa por este dibujito: En resumen, Milei result\u00f3 ser un marxista, pero de la escuela de Groucho: estas son mis teor\u00edas, pero si no funcionan\u2026 tengo otras. Un chanta<\/em>\u201d, concluy\u00f3 Kicillof e ilustr\u00f3 su publicaci\u00f3n con una imagen del dibujante Nik, que Milei subi\u00f3 a sus redes sociales.<\/p>\n\n\n\n<p>fuente NA<\/p>\n","protected":false},"excerpt":{"rendered":"<p>El gobernador de la provincia de Buenos Aires,&nbsp;Axel Kicillof, apunt\u00f3 contra el Presidente de la Naci\u00f3n,&nbsp;Javier Milei, y afirm\u00f3 que es \u201cincre\u00edble la bancarrota intelectual\u201d que maneja en su gesti\u00f3n&hellip; <\/p>\n","protected":false},"author":2,"featured_media":37620,"comment_status":"closed","ping_status":"closed","sticky":false,"template":"","format":"standard","meta":{"footnotes":""},"categories":[28,24],"tags":[],"class_list":["post-37619","post","type-post","status-publish","format-standard","has-post-thumbnail","hentry","category-destacada","category-provincia"],"_links":{"self":[{"href":"https:\/\/eenergetica.com.ar\/index.php\/wp-json\/wp\/v2\/posts\/37619","targetHints":{"allow":["GET"]}}],"collection":[{"href":"https:\/\/eenergetica.com.ar\/index.php\/wp-json\/wp\/v2\/posts"}],"about":[{"href":"https:\/\/eenergetica.com.ar\/index.php\/wp-json\/wp\/v2\/types\/post"}],"author":[{"embeddable":true,"href":"https:\/\/eenergetica.com.ar\/index.php\/wp-json\/wp\/v2\/users\/2"}],"replies":[{"embeddable":true,"href":"https:\/\/eenergetica.com.ar\/index.php\/wp-json\/wp\/v2\/comments?post=37619"}],"version-history":[{"count":1,"href":"https:\/\/eenergetica.com.ar\/index.php\/wp-json\/wp\/v2\/posts\/37619\/revisions"}],"predecessor-version":[{"id":37621,"href":"https:\/\/eenergetica.com.ar\/index.php\/wp-json\/wp\/v2\/posts\/37619\/revisions\/37621"}],"wp:featuredmedia":[{"embeddable":true,"href":"https:\/\/eenergetica.com.ar\/index.php\/wp-json\/wp\/v2\/media\/37620"}],"wp:attachment":[{"href":"https:\/\/eenergetica.com.ar\/index.php\/wp-json\/wp\/v2\/media?parent=37619"}],"wp:term":[{"taxonomy":"category","embeddable":true,"href":"https:\/\/eenergetica.com.ar\/index.php\/wp-json\/wp\/v2\/categories?post=37619"},{"taxonomy":"post_tag","embeddable":true,"href":"https:\/\/eenergetica.com.ar\/index.php\/wp-json\/wp\/v2\/tags?post=37619"}],"curies":[{"name":"wp","href":"https:\/\/api.w.org\/{rel}","templated":true}]}}