{"id":37616,"date":"2025-04-21T08:34:10","date_gmt":"2025-04-21T11:34:10","guid":{"rendered":"http:\/\/eenergetica.com.ar\/?p=37616"},"modified":"2025-04-21T08:34:11","modified_gmt":"2025-04-21T11:34:11","slug":"el-gobierno-resalto-la-incansable-lucha-del-papado-de-francisco-para-proteger-la-vida-desde-la-concepcion","status":"publish","type":"post","link":"https:\/\/eenergetica.com.ar\/index.php\/2025\/04\/21\/el-gobierno-resalto-la-incansable-lucha-del-papado-de-francisco-para-proteger-la-vida-desde-la-concepcion\/","title":{"rendered":"El Gobierno resalt\u00f3 &#8220;la incansable lucha del Papado de Francisco para proteger la vida desde la concepci\u00f3n&#8221;"},"content":{"rendered":"\n<p>El Gobierno nacional expres\u00f3 su profundo pesar por el fallecimiento del papa<strong>&nbsp;Francisco, Jorge Mario Bergoglio<\/strong>, quien en 2013 se convirti\u00f3 en el primer argentino en liderar la Iglesia Cat\u00f3lica, y lo despidi\u00f3 destacando su entrega, compromiso y vocaci\u00f3n pastoral.<\/p>\n\n\n\n<p><em><strong>&#8220;La Oficina del Presidente lamenta el fallecimiento del Papa Francisco, quien condujo con entrega y amor a la Iglesia desde el Vaticano&#8221;,<\/strong><\/em>&nbsp;se\u00f1ala un comunicado oficial emitido en las \u00faltimas horas, en el que se env\u00edan condolencias a la familia Bergoglio y se acompa\u00f1a&nbsp;<em><strong>&#8220;a todos aquellos que profesan la fe cat\u00f3lica y que encontraron en el Sumo Pont\u00edfice un l\u00edder espiritual&#8221;.<\/strong><\/em><\/p>\n\n\n\n<p>El presidente Javier Milei resalt\u00f3<em>&nbsp;&#8220;la incansable lucha del Papado de Francisco para proteger la vida desde la concepci\u00f3n, promover el di\u00e1logo interreligioso y acercar la vida espiritual y virtuosa a los m\u00e1s j\u00f3venes&#8221;,<\/em>&nbsp;al tiempo que valor\u00f3 &#8220;su voluntad de llevar austeridad a la Santa Sede con sus gestos pastorales&#8221;.<\/p>\n\n\n\n<p><em><strong>&#8220;Requiem aeternam dona ei Domine. Et lux perpetua luceat ei. Requiescat in pace&#8221;,<\/strong><\/em>&nbsp;concluye el mensaje de la Presidencia en honor al sumo pont\u00edfice argentino.&nbsp;<\/p>\n\n\n\n<p>fuente NA<\/p>\n","protected":false},"excerpt":{"rendered":"<p>El Gobierno nacional expres\u00f3 su profundo pesar por el fallecimiento del papa&nbsp;Francisco, Jorge Mario Bergoglio, quien en 2013 se convirti\u00f3 en el primer argentino en liderar la Iglesia Cat\u00f3lica, y&hellip; <\/p>\n","protected":false},"author":2,"featured_media":37617,"comment_status":"closed","ping_status":"closed","sticky":false,"template":"","format":"standard","meta":{"footnotes":""},"categories":[20],"tags":[],"class_list":["post-37616","post","type-post","status-publish","format-standard","has-post-thumbnail","hentry","category-politica"],"_links":{"self":[{"href":"https:\/\/eenergetica.com.ar\/index.php\/wp-json\/wp\/v2\/posts\/37616","targetHints":{"allow":["GET"]}}],"collection":[{"href":"https:\/\/eenergetica.com.ar\/index.php\/wp-json\/wp\/v2\/posts"}],"about":[{"href":"https:\/\/eenergetica.com.ar\/index.php\/wp-json\/wp\/v2\/types\/post"}],"author":[{"embeddable":true,"href":"https:\/\/eenergetica.com.ar\/index.php\/wp-json\/wp\/v2\/users\/2"}],"replies":[{"embeddable":true,"href":"https:\/\/eenergetica.com.ar\/index.php\/wp-json\/wp\/v2\/comments?post=37616"}],"version-history":[{"count":1,"href":"https:\/\/eenergetica.com.ar\/index.php\/wp-json\/wp\/v2\/posts\/37616\/revisions"}],"predecessor-version":[{"id":37618,"href":"https:\/\/eenergetica.com.ar\/index.php\/wp-json\/wp\/v2\/posts\/37616\/revisions\/37618"}],"wp:featuredmedia":[{"embeddable":true,"href":"https:\/\/eenergetica.com.ar\/index.php\/wp-json\/wp\/v2\/media\/37617"}],"wp:attachment":[{"href":"https:\/\/eenergetica.com.ar\/index.php\/wp-json\/wp\/v2\/media?parent=37616"}],"wp:term":[{"taxonomy":"category","embeddable":true,"href":"https:\/\/eenergetica.com.ar\/index.php\/wp-json\/wp\/v2\/categories?post=37616"},{"taxonomy":"post_tag","embeddable":true,"href":"https:\/\/eenergetica.com.ar\/index.php\/wp-json\/wp\/v2\/tags?post=37616"}],"curies":[{"name":"wp","href":"https:\/\/api.w.org\/{rel}","templated":true}]}}