{"id":37431,"date":"2025-04-10T19:06:40","date_gmt":"2025-04-10T22:06:40","guid":{"rendered":"https:\/\/eenergetica.com.ar\/?p=37431"},"modified":"2025-04-10T19:06:41","modified_gmt":"2025-04-10T22:06:41","slug":"las-multas-no-son-mias-dijo-carlos-bianco","status":"publish","type":"post","link":"https:\/\/eenergetica.com.ar\/index.php\/2025\/04\/10\/las-multas-no-son-mias-dijo-carlos-bianco\/","title":{"rendered":"&#8220;Las multas no son m\u00edas&#8221;, dijo Carlos Bianco"},"content":{"rendered":"\n<p>El ministro de Gobierno bonaerense, Carlos Bianco, asegur\u00f3 que no son de \u00e9l &#8220;las multas&#8221; del auto oficial en el que circulaba cuando se neg\u00f3 a hacerse un control de alcoholemia en la Autopista Buenos Aires-La Plata, por lo que le retuvieron la licencia de conducir y dijo que el procedimiento ese d\u00eda &#8220;fue irregular&#8221;.<\/p>\n\n\n\n<p>&nbsp;&#8220;Las multas no son m\u00edas, aviso. Aviso que las multas no son m\u00edas&#8221;, dijo y a\u00f1adi\u00f3: \u201cFue un procedimiento muy irregular, tan irregular que esto no lo dije hasta ahora, tan irregular que el acta de infracci\u00f3n nunca me fue mostrada\u201d.<\/p>\n\n\n\n<p>En di\u00e1logo con los periodistas acreditados en Casa Rosada, agreg\u00f3: &#8220;Est\u00e1 firmada como si lo hubiese firmado yo, pero tiene una firma trucha. Nunca la podr\u00eda haber firmado porque nunca me la mostraron. Nunca me dieron la copia amarilla. No s\u00e9 si a ustedes les hicieron alguna vez alg\u00fan acta de tr\u00e1nsito. Te hacen con el carb\u00f3nico y te dan el duplicado, que vos lo necesitas para ir al Juzgado de faltas&#8221;.&nbsp;<\/p>\n\n\n\n<p>&#8220;Nunca me mostraron la infracci\u00f3n, nunca me dieron el duplicado, nunca me pidieron firmar una infracci\u00f3n porque no me la mostraron. Y yo, \u00bfsabes cu\u00e1ndo es la primera vez que veo la infracci\u00f3n? En la Naci\u00f3n, m\u00e1s el lunes a la noche&#8221;, expres\u00f3.&nbsp;<\/p>\n\n\n\n<p>Ante la consulta acerca de si consideraba que la situaci\u00f3n fue &#8220;una encerrona&#8221;, dijo que no sab\u00eda y que eso &#8220;lo tiene que explicar el agente que puso la firma&#8221; de quien no sabe &#8220;qui\u00e9n es&#8221;, mientras que indic\u00f3 que no va a iniciar alguna acci\u00f3n legal y expres\u00f3: &#8220;Ahora hay una denuncia penal y yo tengo que ir al Juzgado de faltas y voy a ir a comentar esto&#8221;.&nbsp;<\/p>\n\n\n\n<p>&#8220;No hubo alcohol, hubo una firma trucha en un acta trucha&#8221; asever\u00f3 y, cuando le dijeron que el director de Vialidad dijo que el alcohol\u00edmetro dio positivo, respondi\u00f3: &#8220;Yo sopl\u00e9 y nadie me lo mostr\u00f3. Me dijeron que estacione ah\u00ed. No me mostraron. Por eso fue la irregularidad. El procedimiento empez\u00f3 muy irregular y yo en un momento digo, \u00b4che, ac\u00e1 est\u00e1 pasando algo\u00b4&#8221;.&nbsp;<\/p>\n\n\n\n<p>Adem\u00e1s, dijo que &#8220;es una boleta que tiene que aparecer en un juzgado, no en la televisi\u00f3n &nbsp;y se\u00f1al\u00f3: &#8220;Ir\u00e9 al Juzgado de tr\u00e1nsito a decir, \u00b4se\u00f1or, esto es un acta que usted me presenta, nunca nadie me la mostr\u00f3 y no est\u00e1 firmada por m\u00ed\u00b4. Si el juez considera que tiene que hacer una denuncia penal por falsificaci\u00f3n de instrumento p\u00fablico, lo va a considerar&#8221;.&nbsp;<\/p>\n\n\n\n<p>&#8220;Se habla de cerca de un centenar de multas. Las multas dec\u00edan, en 2017 el auto que manejaba Bianco pas\u00f3 a 138 por no s\u00e9 d\u00f3nde. Y yo en el 2017 era docente universitario en la Universidad de Quilmes. \u00bfQu\u00e9 tiene que ver ese auto conmigo en 2017? Despu\u00e9s dec\u00eda, en la pandemia, en 2020, pas\u00f3 20 veces por el Paseo del Bajo. Ese era un auto del Ministerio de Gobierno. No era un auto de la Jefatura de Gabinete, que era donde estaba yo. No era mi auto, yo no lo usaba. O sea que esas&#8230; La verdad que esas boletas no son m\u00edas. Ninguna es m\u00eda. Ese es un auto que uso a veces, cuando tengo alguna reuni\u00f3n de trabajo los fines de semana si no utilizo mi auto&#8221;, culmin\u00f3.<\/p>\n\n\n\n<p>fuente NA<\/p>\n","protected":false},"excerpt":{"rendered":"<p>El ministro de Gobierno bonaerense, Carlos Bianco, asegur\u00f3 que no son de \u00e9l &#8220;las multas&#8221; del auto oficial en el que circulaba cuando se neg\u00f3 a hacerse un control de&hellip; <\/p>\n","protected":false},"author":2,"featured_media":37432,"comment_status":"closed","ping_status":"closed","sticky":false,"template":"","format":"standard","meta":{"footnotes":""},"categories":[28,24],"tags":[],"class_list":["post-37431","post","type-post","status-publish","format-standard","has-post-thumbnail","hentry","category-destacada","category-provincia"],"_links":{"self":[{"href":"https:\/\/eenergetica.com.ar\/index.php\/wp-json\/wp\/v2\/posts\/37431","targetHints":{"allow":["GET"]}}],"collection":[{"href":"https:\/\/eenergetica.com.ar\/index.php\/wp-json\/wp\/v2\/posts"}],"about":[{"href":"https:\/\/eenergetica.com.ar\/index.php\/wp-json\/wp\/v2\/types\/post"}],"author":[{"embeddable":true,"href":"https:\/\/eenergetica.com.ar\/index.php\/wp-json\/wp\/v2\/users\/2"}],"replies":[{"embeddable":true,"href":"https:\/\/eenergetica.com.ar\/index.php\/wp-json\/wp\/v2\/comments?post=37431"}],"version-history":[{"count":1,"href":"https:\/\/eenergetica.com.ar\/index.php\/wp-json\/wp\/v2\/posts\/37431\/revisions"}],"predecessor-version":[{"id":37433,"href":"https:\/\/eenergetica.com.ar\/index.php\/wp-json\/wp\/v2\/posts\/37431\/revisions\/37433"}],"wp:featuredmedia":[{"embeddable":true,"href":"https:\/\/eenergetica.com.ar\/index.php\/wp-json\/wp\/v2\/media\/37432"}],"wp:attachment":[{"href":"https:\/\/eenergetica.com.ar\/index.php\/wp-json\/wp\/v2\/media?parent=37431"}],"wp:term":[{"taxonomy":"category","embeddable":true,"href":"https:\/\/eenergetica.com.ar\/index.php\/wp-json\/wp\/v2\/categories?post=37431"},{"taxonomy":"post_tag","embeddable":true,"href":"https:\/\/eenergetica.com.ar\/index.php\/wp-json\/wp\/v2\/tags?post=37431"}],"curies":[{"name":"wp","href":"https:\/\/api.w.org\/{rel}","templated":true}]}}