{"id":37425,"date":"2025-04-10T19:03:02","date_gmt":"2025-04-10T22:03:02","guid":{"rendered":"https:\/\/eenergetica.com.ar\/?p=37425"},"modified":"2025-04-10T19:03:03","modified_gmt":"2025-04-10T22:03:03","slug":"manuel-adorni-definio-el-paro-como-uno-de-los-ultimos-coletazos-de-quienes-viven-de-extorsion-y-apriete","status":"publish","type":"post","link":"https:\/\/eenergetica.com.ar\/index.php\/2025\/04\/10\/manuel-adorni-definio-el-paro-como-uno-de-los-ultimos-coletazos-de-quienes-viven-de-extorsion-y-apriete\/","title":{"rendered":"Manuel Adorni defini\u00f3 el paro como &#8220;uno de los \u00faltimos coletazos de quienes viven de extorsi\u00f3n y apriete&#8221;"},"content":{"rendered":"\n<p>En pleno paro de la Confederaci\u00f3n General de los Trabajadores (CGT), el vocero presidencial,&nbsp;<strong>Manuel Adorni,<\/strong>&nbsp;defini\u00f3 la medida<strong>&nbsp;como &#8220;uno de los \u00faltimos coletazos de quienes viven de la extorsi\u00f3n y el apriete&#8221;.<\/strong><\/p>\n\n\n\n<p><strong>\u201cSi te amenazan para obligarte a parar, hac\u00e9 la denuncia al 134\u201d,&nbsp;<\/strong>sostuvo a trav\u00e9s de su canal de WhatsApp, y a\u00f1adi\u00f3: \u201cEste es el paro de la casta sindical kirchnerista de los Moyano, que por tercera vez dejan sin trabajar a millones de argentinos\u201d.<\/p>\n\n\n\n<p>Para el funcionario, los sindicalistas \u201cdejan al trabajador sin tren ni subte mientas ellos se mueven en autos importados\u201d, y plante\u00f3 adem\u00e1s qu<strong>e \u201chablan de \u2018justicia social\u2019 y viven en los barrios privados m\u00e1s caros\u201d.&nbsp;<\/strong><\/p>\n\n\n\n<p>\u201cEst\u00e1n atrincherados en el poder pol\u00edtico-sindical, enquistados en el nido de la casta\u201d, denunci\u00f3, y complet\u00f3: \u201cEl avance de la libertad implica el fin de sus negocios y, como los animales salvajes cuando est\u00e1n acorralados, contraatacan para sobrevivir\u201d.<\/p>\n\n\n\n<p>El candidato a legislador porte\u00f1o por La Libertad Avanza se\u00f1al\u00f3 que&nbsp;<strong>la CGT no tolera que \u201clos trabajadores salgan adelante por su propia cuenta, sin ellos\u201d,<\/strong>&nbsp;y elogi\u00f3 el programa econ\u00f3mico del Gobierno.&nbsp;<\/p>\n\n\n\n<p>\u201cMientras el salario promedio de diciembre de 2023 fue de 300 d\u00f3lares, el de enero de 2025 fue de 1.100 d\u00f3lares\u201d, destac\u00f3, y sum\u00f3:<strong>&nbsp;\u201cEs un paro que persigue intereses pol\u00edticos y nada tiene que ver con los trabajadores\u201d.<\/strong><\/p>\n\n\n\n<p>Por su parte, cuestion\u00f3 la decisi\u00f3n de la central de convocar al tercer paro frente a la administraci\u00f3n libertaria, en comparaci\u00f3n a la nula actividad ante la gesti\u00f3n de Alberto Fern\u00e1ndez.<\/p>\n\n\n\n<p>\u201cEligieron no parar cuando hab\u00eda un presidente que acumulaba 1.020% de inflaci\u00f3n en su gesti\u00f3n y sumerg\u00eda al 57% de los argentinos a la pobreza, pero s\u00ed lo hacen contra el presidente que pulveriz\u00f3 la inflaci\u00f3n y que sac\u00f3 a 10 millones de argentinos de la pobreza\u201d, sostuvo.&nbsp;<\/p>\n\n\n\n<p>Por \u00faltimo, asegur\u00f3 que la medida tiene un costo de 880 millones de d\u00f3lares, e insisti\u00f3 en que se trata de<strong>&nbsp;\u201cuno de los \u00faltimos coletazos de quienes viven de la extorsi\u00f3n y el apriete\u201d.&nbsp;<\/strong><\/p>\n\n\n\n<h3 class=\"wp-block-heading\">Denuncias registradas en el marco del paro<\/h3>\n\n\n\n<p>Desde el Ministerio de Seguridad revelaron que&nbsp;<strong>registraron 92 denuncias relativas al paro<\/strong>,&nbsp;<strong>de 832 llamadas recibidas&nbsp;<\/strong>por la Coordinaci\u00f3n de Denuncias de la l\u00ednea 134.&nbsp;<\/p>\n\n\n\n<p>Seg\u00fan revel\u00f3, se tom\u00f3 en cuenta el lapso entre las 12 del d\u00eda 9 de abril y las 12 del 10, donde se detectaron<strong>&nbsp;79 llamadas en las que se expusieron amenazas por la asistencia a la huelga, y que aportaron datos espec\u00edficos.&nbsp;<\/strong><\/p>\n\n\n\n<p>La Unidad Gabinete de Asesores brind\u00f3 asesoramiento a&nbsp;<strong>13<\/strong>&nbsp;de las personas que se comunicaron.<\/p>\n\n\n\n<p>fuente NA<\/p>\n","protected":false},"excerpt":{"rendered":"<p>En pleno paro de la Confederaci\u00f3n General de los Trabajadores (CGT), el vocero presidencial,&nbsp;Manuel Adorni,&nbsp;defini\u00f3 la medida&nbsp;como &#8220;uno de los \u00faltimos coletazos de quienes viven de la extorsi\u00f3n y el&hellip; <\/p>\n","protected":false},"author":2,"featured_media":37426,"comment_status":"closed","ping_status":"closed","sticky":false,"template":"","format":"standard","meta":{"footnotes":""},"categories":[20],"tags":[],"class_list":["post-37425","post","type-post","status-publish","format-standard","has-post-thumbnail","hentry","category-politica"],"_links":{"self":[{"href":"https:\/\/eenergetica.com.ar\/index.php\/wp-json\/wp\/v2\/posts\/37425","targetHints":{"allow":["GET"]}}],"collection":[{"href":"https:\/\/eenergetica.com.ar\/index.php\/wp-json\/wp\/v2\/posts"}],"about":[{"href":"https:\/\/eenergetica.com.ar\/index.php\/wp-json\/wp\/v2\/types\/post"}],"author":[{"embeddable":true,"href":"https:\/\/eenergetica.com.ar\/index.php\/wp-json\/wp\/v2\/users\/2"}],"replies":[{"embeddable":true,"href":"https:\/\/eenergetica.com.ar\/index.php\/wp-json\/wp\/v2\/comments?post=37425"}],"version-history":[{"count":1,"href":"https:\/\/eenergetica.com.ar\/index.php\/wp-json\/wp\/v2\/posts\/37425\/revisions"}],"predecessor-version":[{"id":37427,"href":"https:\/\/eenergetica.com.ar\/index.php\/wp-json\/wp\/v2\/posts\/37425\/revisions\/37427"}],"wp:featuredmedia":[{"embeddable":true,"href":"https:\/\/eenergetica.com.ar\/index.php\/wp-json\/wp\/v2\/media\/37426"}],"wp:attachment":[{"href":"https:\/\/eenergetica.com.ar\/index.php\/wp-json\/wp\/v2\/media?parent=37425"}],"wp:term":[{"taxonomy":"category","embeddable":true,"href":"https:\/\/eenergetica.com.ar\/index.php\/wp-json\/wp\/v2\/categories?post=37425"},{"taxonomy":"post_tag","embeddable":true,"href":"https:\/\/eenergetica.com.ar\/index.php\/wp-json\/wp\/v2\/tags?post=37425"}],"curies":[{"name":"wp","href":"https:\/\/api.w.org\/{rel}","templated":true}]}}