{"id":37204,"date":"2025-03-31T09:35:24","date_gmt":"2025-03-31T12:35:24","guid":{"rendered":"http:\/\/eenergetica.com.ar\/?p=37204"},"modified":"2025-03-31T09:35:26","modified_gmt":"2025-03-31T12:35:26","slug":"calendario-de-eventos-turisticos-en-la-provincia-de-buenos-aires-40","status":"publish","type":"post","link":"https:\/\/eenergetica.com.ar\/index.php\/2025\/03\/31\/calendario-de-eventos-turisticos-en-la-provincia-de-buenos-aires-40\/","title":{"rendered":"CALENDARIO DE EVENTOS TUR\u00cdSTICOS EN LA PROVINCIA DE BUENOS AIRES"},"content":{"rendered":"\n<p><strong><em>Del jueves 3 al&nbsp; jueves 10 de abril de 2025<\/em><\/strong><\/p>\n\n\n\n<p>Abril comienza con propuestas gastron\u00f3micas irresistibles en los municipios bonaerenses. Berisso celebrar\u00e1 la Fiesta de la Cerveza Artesanal; Saladillo, la 5\u00b0 Fiesta de la Galleta de Piso y Olavarr\u00eda, la 13\u00b0 Kreppelfest en Colonia Hinojo. Adem\u00e1s, Adolfo Gonzales Chaves llevar\u00e1 adelante la Feria de Emprendedores Artesanales; Chascom\u00fas, el cierre de temporada y Carlos Casares, 61\u00b0 Huellas de Fortines, cl\u00e1sica traves\u00eda criolla.<\/p>\n\n\n\n<p>FIESTAS POPULARES<\/p>\n\n\n\n<p>BERISSO<\/p>\n\n\n\n<p>Fiesta de la Cerveza Artesanal 2025<\/p>\n\n\n\n<p>ENTRADA GRATUITA<\/p>\n\n\n\n<p>Fecha, hora y lugar: Viernes 4, de 17:00 a 02:00; s\u00e1bado 5, de 14:00 a 02:00; y domingo 6, de 17:00 a 01:00, en el Parque C\u00edvico de Berisso, av. Montevideo entre 10 y 11.<\/p>\n\n\n\n<p>Descripci\u00f3n: Cervezas artesanales de producci\u00f3n local, gastronom\u00eda y bandas en vivo con la presentaci\u00f3n de Los Invisibles, Hiela Sangre (tributo a La Renga) y Esquina Libertad (tributo a Los Piojos). La fiesta contar\u00e1 adem\u00e1s con cerveza sin alcohol, comida vegana y sin TACC. Entrada gratuita. Habr\u00e1 dos visitas guiadas el d\u00eda s\u00e1bado, a las 17:00 y 18:30 con punto de encuentro en el stand ReCreo, con recorrido por la F\u00e1brica de Cerveza Alvignano. Organiza la Asociaci\u00f3n de Cerveceros de Berisso con el apoyo de la Municipalidad de Berisso y la participaci\u00f3n de la Subsecretar\u00eda de Turismo del Ministerio de Producci\u00f3n, Ciencia e Innovaci\u00f3n Tecnol\u00f3gica del Gobierno de la Provincia de Buenos Aires, a trav\u00e9s del programa RECREO.<\/p>\n\n\n\n<p>M\u00e1s informaci\u00f3n: www.instagram.com\/cervecerosdeberisso &#8211; www.facebook.com\/cervecerosberisso<\/p>\n\n\n\n<p>GENERAL PUEYRRED\u00d3N (Mar del Plata)<\/p>\n\n\n\n<p>13\u00ba Fiesta Nacional del Emprendado<\/p>\n\n\n\n<p>Fecha, hora y lugar: Viernes 4, a las 20:30; s\u00e1bado 5, a las 11:00; domingo a las 08:30; en la Esperanza Recreo de Campo (Autov\u00eda 2 Km 393, Estaci\u00f3n Camet).<\/p>\n\n\n\n<p>Descripci\u00f3n: El viernes, noche de gala y la apertura de la pe\u00f1a con la presentaci\u00f3n de las agrupaciones Cuarta Generaci\u00f3n, Viol\u00edn Mataco (juveniles) y Canto Serrano. S\u00e1bado, apertura de tranquera y presentaci\u00f3n de Unidos Por La Danza, Amigos en la Huella y ballet folkl\u00f3rico Melipal (Castelli). Domingo, apertura de tranquera, juegos de destreza criolla, exhibici\u00f3n de amazonas, descripci\u00f3n y jura de emprendados. Entrada: bono contribuci\u00f3n. Organiza Comisi\u00f3n de la Fiesta.<\/p>\n\n\n\n<p>Programaci\u00f3n detallada: www.facebook.com\/fiestanacionaldelemprendado<\/p>\n\n\n\n<p>M\u00e1s informaci\u00f3n: (223) 456-6497<\/p>\n\n\n\n<p>SALADILLO<\/p>\n\n\n\n<p>5\u00ba Fiesta de la Galleta de Piso<\/p>\n\n\n\n<p>ENTRADA GRATUITA<\/p>\n\n\n\n<p>Fecha, hora y lugar: S\u00e1bado 5 y domingo 6, desde el mediod\u00eda, en la plaza principal.<\/p>\n\n\n\n<p>Descripci\u00f3n: M\u00e1s de veintisiete instituciones ofrecer\u00e1n deliciosos men\u00fas con la galleta de piso como protagonista. El s\u00e1bado, apertura de la fiesta con palabras del intendente y el corte de una galleta de piso grande. El domingo, a las 15:00, master class de cocina (men\u00fa cerdo a la cerveza) a cargo del chef Luis Toto Liera, profesor del ITGAS. Durante. Adem\u00e1s, m\u00fasica en vivo, artes esc\u00e9nicas, foodtrucks, feria de artesanos y emprendedores. Entrada gratuita. Organiza la Municipalidad de Saladillo, panader\u00edas locales con la participaci\u00f3n de la Subsecretar\u00eda de Turismo del Ministerio de Producci\u00f3n, Ciencia e Innovaci\u00f3n Tecnol\u00f3gica del Gobierno de la Provincia de Buenos Aires, a trav\u00e9s del programa RECREO.<\/p>\n\n\n\n<p>M\u00e1s informaci\u00f3n: www.instagram.com\/cedhsaladillo\/ &#8211; www.facebook.com\/cedhsaladillo<\/p>\n\n\n\n<p>www.instagram.com\/turismosaladillo\/ &#8211; www.facebook.com\/SaladilloTurismo<\/p>\n\n\n\n<p>LA PLATA<\/p>\n\n\n\n<p>6\u00ba Festival de la Gastronom\u00eda Italiana<\/p>\n\n\n\n<p>ENTRADA GRATUITA<\/p>\n\n\n\n<p>Fecha, hora y lugar: S\u00e1bado 5 y domingo 6, de 12:00 a 23:00, en el Parque Alberti, av. 25 y avenida 38.<\/p>\n\n\n\n<p>Descripci\u00f3n: Cocina en vivo, productores locales, degustaciones, n\u00fameros musicales con los ganadores del Festival de la M\u00fasica Italiana y artistas invitados. Entrada gratuita. Organiza la Agencia de Coordinaci\u00f3n Territorial Italia Argentina, y entes adheridos al Corredor Productivo Tur\u00edstico Cultural Italia Argentina, con el apoyo de la Municipalidad de La Plata.<\/p>\n\n\n\n<p>M\u00e1s informaci\u00f3n: www.instagram.com\/festivaldelagastronomia<\/p>\n\n\n\n<p>OLAVARR\u00cdA (Colonia Hinojo)<\/p>\n\n\n\n<p>13\u00ba Kreppelfest<\/p>\n\n\n\n<p>ENTRADA GRATUITA<\/p>\n\n\n\n<p>Fecha, hora y lugar: S\u00e1bado 5 y domingo 6, desde las 09:00, en avenida de Los Fundadores, Colonia Hinojo.<\/p>\n\n\n\n<p>Descripci\u00f3n: Show del spicher, ritual de la cerveza, desfile, danzas t\u00edpicas, patio de comidas, Concurso \u201cKreppel de Oro\u201d, y elecci\u00f3n de la nueva Embajadora y Miss Cultura Kreppelfest 2025. El s\u00e1bado, Dj Salazar y el domingo, La Nueva Luna. Entrada gratuita. Organizan las instituciones de Colonia Hinojo con el apoyo de la Municipalidad de Olavarr\u00eda y del Gobierno de la provincia de Buenos. Programaci\u00f3n: https:\/\/acortar.link\/VNXMhK Fiesta prevista para los d\u00edas 29 y 30\/03 que debiera ser reprogramada por cuestiones clim\u00e1ticas adversas.<\/p>\n\n\n\n<p>M\u00e1s informaci\u00f3n: www.instagram.com\/kreppelfest<\/p>\n\n\n\n<p>SAAVEDRA (Goyena)<\/p>\n\n\n\n<p>3\u00b0Fiesta de la Coca Mallorquina<\/p>\n\n\n\n<p>ENTRADA GRATUITA<\/p>\n\n\n\n<p>Fecha, hora y lugar: S\u00e1bado 5, desde las 19:00, en la Sociedad Espa\u00f1ola de Goyena.<\/p>\n\n\n\n<p>Descripci\u00f3n: Degustaci\u00f3n gratuita de coca mallorquina y de ensaimada con opci\u00f3n libre de gluten. Feria de emprendedores, manualistas y artesanos. Servicio de cantina y espect\u00e1culos musicales Entrada gratuita. Organiza la delegaci\u00f3n de Goyena con el acompa\u00f1amiento de la Municipalidad de Saavedra.<\/p>\n\n\n\n<p>M\u00e1s informaci\u00f3n: www.facebook.com\/share\/p\/164GygWdsX\/<\/p>\n\n\n\n<p>PELLEGRINI<\/p>\n\n\n\n<p>Peatonal y 9\u00ba Fiesta Regional de la Galleta de Campo<\/p>\n\n\n\n<p>ENTRADA GRATUITA<\/p>\n\n\n\n<p>Fecha, hora y lugar: Domingo 6, de 11:00 a 19:00, sobre calle Rivadavia.<\/p>\n\n\n\n<p>Descripci\u00f3n: Patio de comidas a cargo de instituciones locales, emprendedores, juegos infantiles, show interactivo cient\u00edfico y La Matera de la Galleta: donde cantores de Pellegrini realizar\u00e1n sus presentaciones. Adem\u00e1s, show de Fory con su banda de adultos mayores y stands de municipios vecinos. En la explanada de la Sociedad Italiana se llevar\u00e1 adelante El Paseo de la Galleta, donde m\u00e1s de quince panader\u00edas locales y regionales presentar\u00e1n su producto estrella, que se podr\u00e1n degustar con dulces artesanales. A partir de las 19:00, en el Anfiteatro Municipal Roberto Etchegaray, comenzar\u00e1n los espect\u00e1culos principales con el Ballet Somos Querencia y Le\u00f3n Gamba y el cuartero de No tienen cura. En el marco del 126 aniversario de Pellegrini. Entrada gratuita. Organiza la Municipalidad de Pellegrini.<\/p>\n\n\n\n<p>M\u00e1s informaci\u00f3n: https:\/\/www.instagram.com\/pellegrini.turismo\/ &#8211; www.instagram.com\/municipio_de_pellegrini &#8211; www.facebook.com\/municipiodepellegrini &#8211; www.pellegrini.gov.ar<\/p>\n\n\n\n<p>EVENTOS GASTRON\u00d3MICOS<\/p>\n\n\n\n<p>BRANDSEN<\/p>\n\n\n\n<p>2\u00ba Cata de Brandsen<\/p>\n\n\n\n<p>ENTRADA GRATUITA<\/p>\n\n\n\n<p>Fecha, hora y lugar: S\u00e1bado 5, a las 20:00, en la Sociedad Rural de Coronel Brandsen.<\/p>\n\n\n\n<p>Descripci\u00f3n: Experiencia \u00fanica con productores y vinicultores locales y zonales, quesos artesanales, m\u00fasica en vivo y una exclusiva clase de degustaci\u00f3n de vinos a cargo de la sommelier Luc\u00eda Benabidez. Entrada gratuita disponible en la Sala de Cultura Municipal, de 08:00 a 13:30. Organiza la Municipalidad de Brandsen.<\/p>\n\n\n\n<p>M\u00e1s informaci\u00f3n: www.instagram.com\/turismo_brandsen_\/ &#8211; www.facebook.com\/profile.php?id=100069348903649<\/p>\n\n\n\n<p>TANDIL<\/p>\n\n\n\n<p>7\u00ba Feria Gastron\u00f3micas de las Colectividades<\/p>\n\n\n\n<p>ENTRADA GRATUITA<\/p>\n\n\n\n<p>Fecha, hora y lugar: Domingo 6, de 11:00 a 18:00, en el Jard\u00edn de la Paz.<\/p>\n\n\n\n<p>Descripci\u00f3n: Comidas t\u00edpicas, m\u00fasica, bailes y servicio de cantina. Se sugiere llevar reposera. Entrada gratuita. Organiza la Uni\u00f3n de Colectividades de Tandil.<\/p>\n\n\n\n<p>M\u00e1s informaci\u00f3n: www.instagram.com\/colectividadestandil &#8211;<\/p>\n\n\n\n<p>www.facebook.com\/union.colectividades.tandil\/?locale=es_LA<\/p>\n\n\n\n<p>EVENTOS CULTURALES<\/p>\n\n\n\n<p>LUJ\u00c1N<\/p>\n\n\n\n<p>Concierto del \u00c1rbol Solo<\/p>\n\n\n\n<p>ENTRADA GRATUITA<\/p>\n\n\n\n<p>Fecha, hora y lugar: S\u00e1bado 5, a las 20:00, en el santuario Bas\u00edlica Nacional Nuestra Se\u00f1ora de Luj\u00e1n.<\/p>\n\n\n\n<p>Descripci\u00f3n: Apertura de la cuarta temporada de ocho conciertos sinf\u00f3nicos a lo largo del a\u00f1o 2025, para celebrar el 10\u00ba aniversario del coro municipal Ernesto Storani. Entrada gratuita. Organiza el Coro Municipal de Luj\u00e1n.<\/p>\n\n\n\n<p>M\u00e1s informaci\u00f3n: www.instagram.com\/coromunicipaldelujan &#8211; www.facebook.com\/CMClujan &#8211; www.instagram.com\/culturasyturismolujan\/ &#8211; www.facebook.com\/culturasyturismolujan<\/p>\n\n\n\n<p>CHASCOM\u00daS<\/p>\n\n\n\n<p>Cierre de Temporada<\/p>\n\n\n\n<p>ENTRADA GRATUITA<\/p>\n\n\n\n<p>Fecha, hora y lugar: S\u00e1bado 5 y domingo 6, de 12:00 a 24:00, en el Parque Libres del Sur.<\/p>\n\n\n\n<p>Descripci\u00f3n: El evento marca el cierre de la temporada de verano, en un encuentro para la comunidad que destaca el desarrollo productivo. Entrada gratuita. Organiza la Municipalidad de Chascom\u00fas en coordinaci\u00f3n con la Subsecretar\u00eda de Desarrollo Tur\u00edstico y Productivo, y todas las \u00e1reas municipales.<\/p>\n\n\n\n<p>M\u00e1s informaci\u00f3n:www.instagram.com\/turismochascomus\/ &#8211; www.facebook.com\/chascomustur<\/p>\n\n\n\n<p>CARLOS CASARES<\/p>\n\n\n\n<p>61\u00ba Huellas de Fortines<\/p>\n\n\n\n<p>Fecha, hora y lugar: S\u00e1bado 5 y domingo 6, a las 08:30, del Fort\u00edn Barrera, acceso a Espil y Ruta 5.<\/p>\n\n\n\n<p>Descripci\u00f3n: Traves\u00eda, a caballo y en carruajes, que une los antiguos fortines ubicados en el partido de Carlos Casares, de 1869-1876. Dos d\u00edas, con acampe por la noche. Las jornadas finalizan con desfile de la cabalgata frente al palacio municipal en Mrs. De Andrea N\u00b018. Participaci\u00f3n gratuita. Organiza la Asociaci\u00f3n Civil Huella de Fortines con el auspicio de la Subsecretar\u00eda de Cultura y la Direcci\u00f3n de Patrimonio Museos y Turismo de la Municipalidad de Carlos Casares.<\/p>\n\n\n\n<p>M\u00e1s informaci\u00f3n: www.instagram.com\/municasares\/ &#8211; www.facebook.com\/huellafortines.carloscasares<\/p>\n\n\n\n<p>GENERAL ALVARADO (Miramar)<\/p>\n\n\n\n<p>VII Bienal Internacional de Arte Miramar \u201cADN del Mar\u201d<\/p>\n\n\n\n<p>Fecha, hora y lugar: Del viernes 4 al domingo 13, desde las 8:00, el lugar central es el Parque de la Buenas Internacional de Arte Esteban Avast y en distintos espacios f\u00edsicos de la ciudad.<\/p>\n\n\n\n<p>Descripci\u00f3n: Se llevar\u00e1 adelante con la participaci\u00f3n de artistas nacionales e internacionales que realizar\u00e1n intervenciones art\u00edsticas en espacios p\u00fablicos de la ciudad, restauraciones, exposiciones, pintura in situ, seminarios, charlas, talleres, muestras en vivo y espect\u00e1culos art\u00edsticos. Entrada gratuita. Organiza la Municipalidad de General Alvarado en conjunto a la Asociaci\u00f3n Amigos de la Bienal.<\/p>\n\n\n\n<p>M\u00e1s informaci\u00f3n: https:\/\/www.instagram.com\/bienal_miramar\/?hl=es &#8211; www.facebook.com\/MiramarARG- www.miramar.tur.ar<\/p>\n\n\n\n<p>EVENTOS DEPORTIVOS<\/p>\n\n\n\n<p>LA COSTA (San Clemente del Tuy\u00fa)<\/p>\n\n\n\n<p>3\u00ba San Clemente Race<\/p>\n\n\n\n<p>ENTRADA GRATUITA<\/p>\n\n\n\n<p>Fecha, hora y lugar: S\u00e1bado 5 y domingo 6, a las 09:00, en plaza Gauchos del Sur.<\/p>\n\n\n\n<p>Descripci\u00f3n: Exhibici\u00f3n de autos hot rod y veh\u00edculos personalizados; bandas de Rockabilly en vivo, food trucks con gastronom\u00eda variada, parque de diversiones con Santi Shanpi y toro mec\u00e1nico, tradicional carrera de carritos a rulemanes, bajada simb\u00f3lica a la playa que recrea los or\u00edgenes hist\u00f3ricos del Hot Rod, sorteos y reconocimientos. Este a\u00f1o se incorpora la concientizaci\u00f3n ambiental junto a la Fundaci\u00f3n Mundo Marino. Evento a beneficio de los Bomberos Voluntarios de San Clemente del Tuy\u00fa. Entrada gratuita. Organiza Bomberos Voluntarios de San Clemente, S.C.R. Hot Rod<\/p>\n\n\n\n<p>M\u00e1s informaci\u00f3n: https:\/\/lacosta.tur.ar\/EVENTOS\/ &#8211; www.instagram.com\/scr_bsas &#8211; www.facebook.com\/p\/SCRsan_clemente-race-100091832664274\/ &#8211; WhatsApp (2252) 515509<\/p>\n\n\n\n<p>GENERAL PINTO<\/p>\n\n\n\n<p>4\u00b0 Festival General Pinto Km 0 Del Canto Folkl\u00f3rico<\/p>\n\n\n\n<p>ENTRADA GRATUITA<\/p>\n\n\n\n<p>Fecha, hora y lugar: S\u00e1bado 5, a las 20:00; y domingo 6, desde las 10:00, en el Sal\u00f3n Cultural Municipal de General Pinto.<\/p>\n\n\n\n<p>Descripci\u00f3n: S\u00e1bado, pe\u00f1a del festival con la presentaci\u00f3n de Fuerte 3, Ra\u00edces y Dejando Huellas. El domingo, m\u00e1s de veinte participantes de distintas provincias en las categor\u00edas solista y grupal. Selecci\u00f3n de finalistas. Presentaci\u00f3n del grupo Achuraje. Adem\u00e1s, en calle San Mart\u00edn y B. de Irigoyen, patio de comidas y feria de artesanos. Entrada gratuita. Organiza la Municipalidad de General Pinto y el Grupo Ra\u00edces.<\/p>\n\n\n\n<p>M\u00e1s informaci\u00f3n: www.instagram.com\/generalpintogobiernopresente\/ &#8211; www.facebook.com\/profile.php?id=100067434391008<\/p>\n\n\n\n<p>VISITAS GUIADAS<\/p>\n\n\n\n<p>TRENQUE LAUQUEN (Beruti \u2013 Pueblo Tur\u00edstico)<\/p>\n\n\n\n<p>Beruti, una Historia Milenaria<\/p>\n\n\n\n<p>Fecha, hora y lugar: S\u00e1bado 5, a las 10:00, desde el acceso Garc\u00eda Salinas y Ruta 5, frente a la rotonda.<\/p>\n\n\n\n<p>Descripci\u00f3n: Visita guiada al complejo lagunar Hinojo Las Tunas, con explicaciones sobre la megafauna pleistoc\u00e9nica. Recorrido a cargo de la licenciada Luciana Juillerat, del Museo Hist\u00f3rico Regional de Trenque Lauquen. Almuerzo compartido al cierre de la jornada. Actividad arancelada. Inscripci\u00f3n (antes del 03\/04) al (2392) 512965. Beruti forma parte del programa Pueblos Tur\u00edsticos de la provincia de Buenos Aires. Organiza Crecer Comunidades Rurales con el apoyo de la Municipalidad de Trenque Lauquen.<\/p>\n\n\n\n<p>M\u00e1s informaci\u00f3n: www.instagram.com\/crecercomunidadesrurales\/ &#8211; www.facebook.com\/crecercomunidades<\/p>\n\n\n\n<p>FERIA Y EXPOSICIONES<\/p>\n\n\n\n<p>ADOLFO GONZ\u00c1LES CHAVES<\/p>\n\n\n\n<p>Feria de Emprendedores Artesanales<\/p>\n\n\n\n<p>ENTRADA GRATUITA<\/p>\n\n\n\n<p>Fecha, hora y lugar: Domingo 6, de 14:00 a 19:00, en la plaza 25 de Mayo.<\/p>\n\n\n\n<p>Descripci\u00f3n: Tarde de creatividad y sabores en la Feria de Emprendedores con productos artesanales \u00fanicos, ideales para regalar en estas Pascuas. Entrada gratuita. Organiza la Municipalidad de Adolfo Gonz\u00e1les Chaves.<\/p>\n\n\n\n<p>M\u00e1s informaci\u00f3n: www.instagram.com\/chavesmunicipio\/ &#8211; www.facebook.com\/agchavesmunicipio &#8211; www.facebook.com\/sanisidro.oficial<\/p>\n\n\n\n<p>SAN ISIDRO<\/p>\n\n\n\n<p>Festival de Ferraris<\/p>\n\n\n\n<p>Fecha, hora y lugar: S\u00e1bado 5, de 11:00 a 19:00, en el Hip\u00f3dromo de San Isidro.<\/p>\n\n\n\n<p>Descripci\u00f3n: Con la mejor colecci\u00f3n de Ferraris y autos Sport, habr\u00e1 disertaciones, exposici\u00f3n de pinturas y esculturas, espect\u00e1culos en vivo y gastronom\u00eda. Entrada arancelada. Sorteo de entradas para participar del evento ingresando a linktr.ee\/sanisidrogob Organizan LaMaSHiN y la Municipalidad de San Isidro.<\/p>\n\n\n\n<p>M\u00e1s informaci\u00f3n: www.instagram.com\/sanisidrogob\/ &#8211;<\/p>\n\n\n\n<p>La agenda tur\u00edstica y cultural de los 135 municipios se encuentra disponible en la APP ReCreo. Link de descarga: recreo.gba.gob.ar\/descargar . M\u00e1s informaci\u00f3n en @turismopba y www.buenosaires.tur.ar, un destino bueno, bonito y bonaerense.<\/p>\n","protected":false},"excerpt":{"rendered":"<p>Del jueves 3 al&nbsp; jueves 10 de abril de 2025 Abril comienza con propuestas gastron\u00f3micas irresistibles en los municipios bonaerenses. Berisso celebrar\u00e1 la Fiesta de la Cerveza Artesanal; Saladillo, la&hellip; <\/p>\n","protected":false},"author":2,"featured_media":37205,"comment_status":"closed","ping_status":"closed","sticky":false,"template":"","format":"standard","meta":{"footnotes":""},"categories":[27],"tags":[],"class_list":["post-37204","post","type-post","status-publish","format-standard","has-post-thumbnail","hentry","category-turismo"],"_links":{"self":[{"href":"https:\/\/eenergetica.com.ar\/index.php\/wp-json\/wp\/v2\/posts\/37204","targetHints":{"allow":["GET"]}}],"collection":[{"href":"https:\/\/eenergetica.com.ar\/index.php\/wp-json\/wp\/v2\/posts"}],"about":[{"href":"https:\/\/eenergetica.com.ar\/index.php\/wp-json\/wp\/v2\/types\/post"}],"author":[{"embeddable":true,"href":"https:\/\/eenergetica.com.ar\/index.php\/wp-json\/wp\/v2\/users\/2"}],"replies":[{"embeddable":true,"href":"https:\/\/eenergetica.com.ar\/index.php\/wp-json\/wp\/v2\/comments?post=37204"}],"version-history":[{"count":1,"href":"https:\/\/eenergetica.com.ar\/index.php\/wp-json\/wp\/v2\/posts\/37204\/revisions"}],"predecessor-version":[{"id":37206,"href":"https:\/\/eenergetica.com.ar\/index.php\/wp-json\/wp\/v2\/posts\/37204\/revisions\/37206"}],"wp:featuredmedia":[{"embeddable":true,"href":"https:\/\/eenergetica.com.ar\/index.php\/wp-json\/wp\/v2\/media\/37205"}],"wp:attachment":[{"href":"https:\/\/eenergetica.com.ar\/index.php\/wp-json\/wp\/v2\/media?parent=37204"}],"wp:term":[{"taxonomy":"category","embeddable":true,"href":"https:\/\/eenergetica.com.ar\/index.php\/wp-json\/wp\/v2\/categories?post=37204"},{"taxonomy":"post_tag","embeddable":true,"href":"https:\/\/eenergetica.com.ar\/index.php\/wp-json\/wp\/v2\/tags?post=37204"}],"curies":[{"name":"wp","href":"https:\/\/api.w.org\/{rel}","templated":true}]}}