{"id":37198,"date":"2025-03-29T20:17:13","date_gmt":"2025-03-29T23:17:13","guid":{"rendered":"https:\/\/eenergetica.com.ar\/?p=37198"},"modified":"2025-03-29T20:17:13","modified_gmt":"2025-03-29T23:17:13","slug":"ya-no-hay-milanesas-en-olivos-mauricio-macri-cruzo-a-javier-milei-porque-freno-la-alianza-de-lla-y-el-pro","status":"publish","type":"post","link":"https:\/\/eenergetica.com.ar\/index.php\/2025\/03\/29\/ya-no-hay-milanesas-en-olivos-mauricio-macri-cruzo-a-javier-milei-porque-freno-la-alianza-de-lla-y-el-pro\/","title":{"rendered":"&#8220;Ya no hay milanesas en Olivos&#8221;: Mauricio Macri cruz\u00f3 a Javier Milei porque fren\u00f3 la alianza de LLA y el Pro"},"content":{"rendered":"\n<p>El ex presidente&nbsp;<strong>Mauricio Macri&nbsp;<\/strong>adelant\u00f3 hoy que no ser\u00e1 candidato en las elecciones legislativas y volvi\u00f3 a cuestionar al mandatario Javier Milei por no promover un acuerdo entre el PRO y La Libertad Avanza (LLA), aun cuando&nbsp;<strong>el partido amarillo siempre &#8220;rescat\u00f3&#8221; al oficialismo<\/strong>.<\/p>\n\n\n\n<p>&#8220;<strong>El Presidente no puede haber estado expresando su vocaci\u00f3n de acordar con el PRO y haber logrado cero. Porque la hermana, que la llama \u00b4El Jefe\u00b4, decide que no<\/strong>&#8220;, expres\u00f3 Macri al presentarse en la sede de la Bolsa de Comercio de C\u00f3rdoba.<\/p>\n\n\n\n<p>En esa l\u00ednea, el titular del partido amarillo record\u00f3 que su propuesta para el jefe de Estado hab\u00eda sido &#8220;<strong>trabajar juntos<\/strong>&#8220;, pero indic\u00f3 que esa instancia nunca se materializ\u00f3.<\/p>\n\n\n\n<p>&#8220;Ese \u00b4trabajar juntos\u00b4 nunca existi\u00f3.&nbsp;<strong>Lo \u00fanico que nosotros hemos hecho con ellos es rescatarlos cada vez que estuvieron al borde del abismo<\/strong>&#8220;, subray\u00f3 Macri.<\/p>\n\n\n\n<p>El ex mandatario sostuvo tambi\u00e9n que, en los siete distritos donde se cerraron alianzas, &#8220;no ha habido ning\u00fan acuerdo de LLA y el PRO&#8221;.<\/p>\n\n\n\n<p>&#8220;Ni siquiera nos llamaron una vez. El todo o nada se redujo a Buenos Aires, pero solo hubo una reuni\u00f3n. Despu\u00e9s nada&#8221;, se quej\u00f3 Macri, quien tambi\u00e9n se quej\u00f3 de que &#8220;<strong>ya no hay milanesas<\/strong>&#8220;, en referencia a las cenas que compart\u00eda con Milei en Olivos.<\/p>\n\n\n\n<p>Con relaci\u00f3n a la posibilidad de ser candidato en las elecciones legislativas, dijo que&nbsp;<strong>&#8220;no es su idea<\/strong>&#8221; y argument\u00f3 que su preferencia es ayudar a que &#8220;otros tomen la posta&#8221;.<\/p>\n\n\n\n<p>fuente NA<\/p>\n","protected":false},"excerpt":{"rendered":"<p>El ex presidente&nbsp;Mauricio Macri&nbsp;adelant\u00f3 hoy que no ser\u00e1 candidato en las elecciones legislativas y volvi\u00f3 a cuestionar al mandatario Javier Milei por no promover un acuerdo entre el PRO y&hellip; <\/p>\n","protected":false},"author":2,"featured_media":37199,"comment_status":"closed","ping_status":"closed","sticky":false,"template":"","format":"standard","meta":{"footnotes":""},"categories":[28,20],"tags":[],"class_list":["post-37198","post","type-post","status-publish","format-standard","has-post-thumbnail","hentry","category-destacada","category-politica"],"_links":{"self":[{"href":"https:\/\/eenergetica.com.ar\/index.php\/wp-json\/wp\/v2\/posts\/37198","targetHints":{"allow":["GET"]}}],"collection":[{"href":"https:\/\/eenergetica.com.ar\/index.php\/wp-json\/wp\/v2\/posts"}],"about":[{"href":"https:\/\/eenergetica.com.ar\/index.php\/wp-json\/wp\/v2\/types\/post"}],"author":[{"embeddable":true,"href":"https:\/\/eenergetica.com.ar\/index.php\/wp-json\/wp\/v2\/users\/2"}],"replies":[{"embeddable":true,"href":"https:\/\/eenergetica.com.ar\/index.php\/wp-json\/wp\/v2\/comments?post=37198"}],"version-history":[{"count":1,"href":"https:\/\/eenergetica.com.ar\/index.php\/wp-json\/wp\/v2\/posts\/37198\/revisions"}],"predecessor-version":[{"id":37200,"href":"https:\/\/eenergetica.com.ar\/index.php\/wp-json\/wp\/v2\/posts\/37198\/revisions\/37200"}],"wp:featuredmedia":[{"embeddable":true,"href":"https:\/\/eenergetica.com.ar\/index.php\/wp-json\/wp\/v2\/media\/37199"}],"wp:attachment":[{"href":"https:\/\/eenergetica.com.ar\/index.php\/wp-json\/wp\/v2\/media?parent=37198"}],"wp:term":[{"taxonomy":"category","embeddable":true,"href":"https:\/\/eenergetica.com.ar\/index.php\/wp-json\/wp\/v2\/categories?post=37198"},{"taxonomy":"post_tag","embeddable":true,"href":"https:\/\/eenergetica.com.ar\/index.php\/wp-json\/wp\/v2\/tags?post=37198"}],"curies":[{"name":"wp","href":"https:\/\/api.w.org\/{rel}","templated":true}]}}