{"id":37013,"date":"2025-03-19T08:45:45","date_gmt":"2025-03-19T11:45:45","guid":{"rendered":"http:\/\/eenergetica.com.ar\/?p=37013"},"modified":"2025-03-18T08:47:42","modified_gmt":"2025-03-18T11:47:42","slug":"fmi-libertad-avanza-y-el-pro-en-sesion-especial-para-debatir-el-dnu","status":"publish","type":"post","link":"https:\/\/eenergetica.com.ar\/index.php\/2025\/03\/19\/fmi-libertad-avanza-y-el-pro-en-sesion-especial-para-debatir-el-dnu\/","title":{"rendered":"FMI: Libertad Avanza y el PRO en sesi\u00f3n especial para debatir el DNU"},"content":{"rendered":"\n<p><strong>&nbsp;El oficialismo y el PRO pidieron una sesi\u00f3n especial en la C\u00e1mara de Diputados para debatir el pr\u00f3ximo mi\u00e9rcoles el DNU que autoriza al Gobierno a firmar el acuerdo con el&nbsp;FMI.<\/strong>&nbsp;&nbsp;<\/p>\n\n\n\n<p>&nbsp;La sesi\u00f3n especial fue solicitada para este mi\u00e9rcoles a las 10 por los jefes de la bancadas de LLA, Gabriel Bornoroni, del PRO Cristian Ritondo, y de Creo Pamela Omodeo y de Producci\u00f3n y Trabajo, Nancy Pic\u00f3n Mart\u00ednez.&nbsp;<\/p>\n\n\n\n<p><strong>De esta manera, el oficialismo busca recuperar su agenda y evitar as\u00ed que se instale como \u00fanico tema de la agenda el armado de la comisi\u00f3n investigadora del criptogate.&nbsp;<\/strong><\/p>\n\n\n\n<p>&nbsp;La decisi\u00f3n de acelerar la discusi\u00f3n del DNU le permitir\u00e1 al Gobierno ratificar esa medida presidencial, ya que la ley 26.122- aprobada a instancias de Cristina Fern\u00e1ndez de Kirchner-establece que con una sola c\u00e1mara se ratifica un Decreto de Necesidad y Urgencia.&nbsp;<\/p>\n\n\n\n<p>&nbsp;La discusi\u00f3n se producir\u00e1 un d\u00eda despu\u00e9s que la Comisi\u00f3n Bicameral de Tratamiento Parlamentario abra el debate sobre el DNU para autorizar al Gobierno a firmar un acuerdo con el FMI.&nbsp;&nbsp;<\/p>\n\n\n\n<p>&nbsp;El organismo parlamentario-que preside el senador de LLA Juan Carlos Pagotto, fue citado para ma\u00f1ana a las 16 para escuchar los argumentos del equipo econ\u00f3mico del Gobierno, y firmar luego el despacho.<\/p>\n\n\n\n<p>&nbsp;&nbsp; Para defender el DNU concurrir\u00e1n a exponer el vicepresidente del Banco Central de la Rep\u00fablica Argentina, Vladimir Werning; el secretario de Pol\u00edtica Econ\u00f3mica del Ministerio de Econom\u00eda, Jos\u00e9 Luis Daza Narbona; representante argentino ante el Fondo Monetario Internacional, Leonardo Madcur.&nbsp;&nbsp;<\/p>\n\n\n\n<p>&nbsp;Mientras eso sucede, el presidente de la C\u00e1mara de Diputados, Mart\u00edn Menem, avanz\u00f3 hoy en las tratativas no solo para asegurarse el qu\u00f3rum sino los votos para ratificar con mayor\u00eda simple ese DNU.&nbsp;<\/p>\n\n\n\n<p>&nbsp;En ese sentido, Menem ya tuvo hoy una reuni\u00f3n con el presidente del bloque del MID, Oscar Zago, con quien habl\u00f3 de las escenas de pugilato que protagoniz\u00f3 con el legislador libertario Lisandro Almir\u00f3n, que sucedieron en el \u00faltimo tramo de la sesi\u00f3n del mi\u00e9rcoles pasado.&nbsp;&nbsp;<\/p>\n\n\n\n<p>&nbsp;Fuentes parlamentarias indicaron a la<strong>&nbsp;Agencia Noticias Argentinas<\/strong>, que durante el di\u00e1logo entre Menem y Zago hablaron de la agenda parlamentaria, que tendr\u00e1 como temas centrales el acuerdo con el FMI y la comisi\u00f3n investigadora.&nbsp;<\/p>\n\n\n\n<p>Uno de los temas centrales del oficialismo era recomponer los v\u00ednculos con Zago, ya que es un aliado y siempre acompa\u00f1\u00f3 a la Libertad Avanza, e integra la Bicameral de Tratamiento Parlamentario y su voto es central para construir la mayor\u00eda para emitir el dictamen de apoyo al DNU.&nbsp;&nbsp;<\/p>\n\n\n\n<p>&nbsp;Para ratificar el acuerdo, el oficialismo tiene sus 39 votos propios, 3 del MID, 36 del PRO, 2 de Producci\u00f3n de Trabajo, 1 de Creo, y 1 de Lourdes Arrieta y 1 de Unidos.&nbsp;<\/p>\n\n\n\n<p>Tambi\u00e9n tiene el respaldo de al menos 7 de Encuentro Federal, 8 de Innovaci\u00f3n, 3 del Bloque independencia, y 1 del MPN; y espera sumar a la veintena de la UCR, y los diputados de UP que responden a los gobernadores de Catamarca Ra\u00fal Jalil y de Santiago del Estero Gerardo Zamora.&nbsp;&nbsp;<\/p>\n\n\n\n<p>&nbsp;Ahora el primer paso ser\u00e1 ma\u00f1ana emitir dictamen favorable en la comisi\u00f3n de Tr\u00e1mite Parlamentario, all\u00ed necesita el aval de por lo menos ocho miembros.&nbsp;&nbsp;<\/p>\n\n\n\n<p>Hasta ahora tiene asegurado el Gobierno, el voto de los libertarios Pagotto y Almir\u00f3n, del PRO Diego Santilli y Luis Juez, de los radicales, V\u00edctor Zimmerman y Francisco Monti, y esperan sumar al senador de Provincias Unidas Carlos &#8220;Camu&#8221; Esp\u00edndola y a Zago.&nbsp;&nbsp;<\/p>\n\n\n\n<p>&nbsp;Una duda es que posici\u00f3n asumir\u00e1 el senador por La Rioja, Francisco Paoltroni, .&nbsp;<\/p>\n\n\n\n<p>&nbsp; En cambio ya se sabe que rechazar\u00e1n el acuerdo los senadores peronistas Mariano Recalde, Anabel Sagasti Fern\u00e1ndez, y Mar\u00eda Teresa G\u00f3nzalez, y los diputados de UP Vanesa Siley, Ramiro Guti\u00e9rrez y Carolina Gaillard, y el legislador de Encuentro Federal, Nicol\u00e1s Massot.&nbsp;<\/p>\n\n\n\n<p>&nbsp; El acuerdo que aspira a firmar el Gobierno oscila entre los U$S 10 mil millones y 20 mil millones, para cancelar las deudas con el Banco Central y reforzar las reservas.<\/p>\n\n\n\n<p>&nbsp;&nbsp; De acuerdo al DNU, las operaciones de cr\u00e9dito p\u00fablico contenidas en el Programa de Facilidades Extendidas &#8220;tendr\u00e1n un plazo de amortizaci\u00f3n de 10 a\u00f1os con un per\u00edodo de gracia de cuatro a\u00f1os y seis meses&#8221;.&nbsp;&nbsp;<\/p>\n\n\n\n<p>&nbsp;Tambi\u00e9n fijan que se destinar\u00e1n a cancelar &#8220;las letras intransferibles en d\u00f3lares en poder del Banco Central&#8221; y &#8220;las operaciones de cr\u00e9dito p\u00fablico celebradas en el marco del Programa de Facilidades Extendidas de 2022 cuyo vencimiento opere dentro de los cuatro a\u00f1os de la suscripci\u00f3n del acuerdo&#8221;.&nbsp;<\/p>\n\n\n\n<p>&nbsp;En el DNU se indic\u00f3 que &#8220;contar con un nivel satisfactorio de reservas es vital para la reducci\u00f3n del riesgo pa\u00eds y para que se aumenten las facilidades para la reinserci\u00f3n de la Rep\u00fablica Argentina al mercado de capitales internacional&#8221;, y que la baja calidad del activo del Banco Central &#8220;impacta sobre su capacidad de promover la estabilidad monetaria y financiera, el empleo y el desarrollo econ\u00f3mico&#8221;.&nbsp;<\/p>\n\n\n\n<p>&nbsp;Tambi\u00e9n se se\u00f1al\u00f3 que el denominado &#8220;cepo cambiario&#8221; reduce la eficiencia de la econom\u00eda y dificulta la inversi\u00f3n de largo plazo.&nbsp;<\/p>\n\n\n\n<p>&nbsp;Se destac\u00f3 que &#8220;atento al compromiso inclaudicable de esta administraci\u00f3n por trabajar en su disminuci\u00f3n y posterior erradicaci\u00f3n, es un deber impostergable avanzar en la cancelaci\u00f3n de una parte sustancial de las deudas del Tesoro Nacional con la entidad monetaria&#8221;.<\/p>\n\n\n\n<p>fuente NA<\/p>\n","protected":false},"excerpt":{"rendered":"<p>&nbsp;El oficialismo y el PRO pidieron una sesi\u00f3n especial en la C\u00e1mara de Diputados para debatir el pr\u00f3ximo mi\u00e9rcoles el DNU que autoriza al Gobierno a firmar el acuerdo con&hellip; <\/p>\n","protected":false},"author":2,"featured_media":37014,"comment_status":"closed","ping_status":"closed","sticky":false,"template":"","format":"standard","meta":{"footnotes":""},"categories":[20],"tags":[],"class_list":["post-37013","post","type-post","status-publish","format-standard","has-post-thumbnail","hentry","category-politica"],"_links":{"self":[{"href":"https:\/\/eenergetica.com.ar\/index.php\/wp-json\/wp\/v2\/posts\/37013","targetHints":{"allow":["GET"]}}],"collection":[{"href":"https:\/\/eenergetica.com.ar\/index.php\/wp-json\/wp\/v2\/posts"}],"about":[{"href":"https:\/\/eenergetica.com.ar\/index.php\/wp-json\/wp\/v2\/types\/post"}],"author":[{"embeddable":true,"href":"https:\/\/eenergetica.com.ar\/index.php\/wp-json\/wp\/v2\/users\/2"}],"replies":[{"embeddable":true,"href":"https:\/\/eenergetica.com.ar\/index.php\/wp-json\/wp\/v2\/comments?post=37013"}],"version-history":[{"count":1,"href":"https:\/\/eenergetica.com.ar\/index.php\/wp-json\/wp\/v2\/posts\/37013\/revisions"}],"predecessor-version":[{"id":37015,"href":"https:\/\/eenergetica.com.ar\/index.php\/wp-json\/wp\/v2\/posts\/37013\/revisions\/37015"}],"wp:featuredmedia":[{"embeddable":true,"href":"https:\/\/eenergetica.com.ar\/index.php\/wp-json\/wp\/v2\/media\/37014"}],"wp:attachment":[{"href":"https:\/\/eenergetica.com.ar\/index.php\/wp-json\/wp\/v2\/media?parent=37013"}],"wp:term":[{"taxonomy":"category","embeddable":true,"href":"https:\/\/eenergetica.com.ar\/index.php\/wp-json\/wp\/v2\/categories?post=37013"},{"taxonomy":"post_tag","embeddable":true,"href":"https:\/\/eenergetica.com.ar\/index.php\/wp-json\/wp\/v2\/tags?post=37013"}],"curies":[{"name":"wp","href":"https:\/\/api.w.org\/{rel}","templated":true}]}}