{"id":36679,"date":"2025-03-05T09:06:16","date_gmt":"2025-03-05T12:06:16","guid":{"rendered":"http:\/\/eenergetica.com.ar\/?p=36679"},"modified":"2025-03-05T09:06:18","modified_gmt":"2025-03-05T12:06:18","slug":"dos-fiestas-bonaerenses-que-celebran-la-identidad-y-tradicion","status":"publish","type":"post","link":"https:\/\/eenergetica.com.ar\/index.php\/2025\/03\/05\/dos-fiestas-bonaerenses-que-celebran-la-identidad-y-tradicion\/","title":{"rendered":"DOS FIESTAS BONAERENSES QUE CELEBRAN LA IDENTIDAD Y TRADICI\u00d3N"},"content":{"rendered":"\n<p>En el coraz\u00f3n de la provincia de Buenos Aires late una rica tradici\u00f3n de celebraciones que reflejan la identidad y la cultura de sus habitantes. Desde fiestas patronales hasta eventos folcl\u00f3ricos, cada lugar tiene su propia forma de expresar alegr\u00eda y orgullo. Patagones y Lober\u00eda invitan a sumergirse en la historia y la tradici\u00f3n con fiestas imperdibles para el segundo fin de semana de marzo.<\/p>\n\n\n\n<p><strong>FIESTA DE LA SOBERAN\u00cdA PATAG\u00d3NICA<\/strong><\/p>\n\n\n\n<p>En una regi\u00f3n que se conoce como Patagonia bonaerense, a m\u00e1s de 900 kil\u00f3metros de la Capital Federal, se encuentran preparando un gran festejo.<\/p>\n\n\n\n<p>Del mi\u00e9rcoles 5 al domingo 9 de marzo en el partido de Patagones tendr\u00e1 lugar la 41\u00b0 edici\u00f3n de la Fiesta de la Soberan\u00eda Patag\u00f3nica: celebra el hero\u00edsmo de los hombres y mujeres que el 7 de marzo de 1827 defendieron la soberan\u00eda del territorio que les pertenec\u00eda por derecho ante el ataque del imperio brasilero.&nbsp;<\/p>\n\n\n\n<p>La ceremonia festiva se remonta al a\u00f1o 1981, cuando la poblaci\u00f3n decidi\u00f3 crear una celebraci\u00f3n para honrar la gran gesta hist\u00f3rica. La primera edici\u00f3n, organizada por el club H\u00edpico Tradicionalista Fuerte del Carmen, tuvo como nombre \u201cFiesta de la Soberan\u00eda y la Tradici\u00f3n\u201d y se desarroll\u00f3 con desfile c\u00edvico-militar, espect\u00e1culos y jineteada.<\/p>\n\n\n\n<p>Para mediados del siglo XX, un pu\u00f1ado de criollos entre los cuales sobresale la figura de Catalina Isabel Villarino, comenz\u00f3 a ascender el cerro de la Caballada, donde las milicias republicanas conducidas por el subteniente Sebasti\u00e1n Olivera y los gauchos del baqueano Jos\u00e9 Luis Molina presentaron la batalla que los llev\u00f3 al triunfo.&nbsp;<\/p>\n\n\n\n<p>Sin embargo por varios contratiempos el grupo se redujo de forma dr\u00e1stica y por algunos a\u00f1os solo subieron por la cuesta, Catalina y su esposo Pablo Olivera.&nbsp;<\/p>\n\n\n\n<p><em>\u201cA fines de 1997 pas\u00f3 a denominarse Fiesta del 7 de Marzo y tom\u00f3 la fisonom\u00eda que la caracteriz\u00f3 hasta el 2008. En 2009, la organizaci\u00f3n qued\u00f3 a cargo del municipio y 2011 que eligi\u00f3 nombrarla como \u201cFiesta de la Soberan\u00eda Patag\u00f3nica\u201d,<\/em> afirm\u00f3 Mar\u00eda Lucia Fern\u00e1ndez, directora de Turismo local.<\/p>\n\n\n\n<p>La iglesia parroquial Nuestra Se\u00f1ora del Carmen conserva dos de las siete&nbsp; banderas imperiales brasile\u00f1as que se tomaron durante la batalla. El pueblo se las ofrend\u00f3 a su patrona la Virgen del Carmen en agradecimiento por la protecci\u00f3n de sus almas y por haber llenado de valor sus corazones en medio de la invasi\u00f3n.&nbsp;<\/p>\n\n\n\n<p>Con entrada libre y gratuita, a partir de las 18:00,del mi\u00e9rcoles 5 al domingo 9 de marzo en el predio del ferrocarril comenzar\u00e1 la celebraci\u00f3n con artistas folkl\u00f3ricos como Los Campedrinos, Los Leales, bailes populares, artesan\u00edas, destrezas criollas, gastronom\u00eda y caminata hacia el cerro.<\/p>\n\n\n\n<p><em>\u201cVienen cerca de 15.000 personas por d\u00eda a disfrutar de espect\u00e1culos, comidas y conocer esta gran historia que nos forj\u00f3 como pueblo\u201d,<\/em> agreg\u00f3 Fern\u00e1ndez.<\/p>\n\n\n\n<p>El destino ofrece un sin fin de posibilidades recreativas como las Termas Los Gauchos, con aguas terap\u00e9uticas de alto poder curativo; las Cuevas Maragatas, cavadas en la arenisca costera hacia 1780; el Rancho Rial, vivienda hist\u00f3rica de estilo colonial construidas en 1820; el Parque Comandante Luis Piedra Buena, que cuenta con camping, fogones, caba\u00f1as, actividades para la salud y parque para las infancias y recorrido por el caso hist\u00f3rico de la ciudad m\u00e1s austral de la Provincia fundada en 1779.&nbsp;<\/p>\n\n\n\n<p><strong>FIESTA PROVINCIAL DE LAS TROPILLAS Y LA TRADICI\u00d3N<\/strong>&nbsp;<\/p>\n\n\n\n<p>Enclavado en el coraz\u00f3n de la regi\u00f3n del sudeste bonaerense, el partido de Lober\u00eda se vestir\u00e1 de fiesta durante los d\u00edas&nbsp; 8 y 9 de marzo para celebrar la 41\u00b0 edici\u00f3n de la Fiesta Provincial de las Tropillas y la Tradici\u00f3n, a cargo de la Agrupaci\u00f3n Tradicionalista Gauchos de la localidad.<\/p>\n\n\n\n<p>En 1982 un grupo de personas vinculadas al acervo cultural del pago realiz\u00f3 un encuentro de tropilleros, que reuni\u00f3 a familiares y amigos para homenajear al campo y mantener viva la cultura gauchesca. El evento se convirti\u00f3 en el impulso inicial de la festividad.&nbsp;<\/p>\n\n\n\n<p>La grilla prevista para la edici\u00f3n 2025 incluye pruebas de destrezas criollas, domas en distintas categor\u00edas, festival de canto folkl\u00f3rico, desfile con delegaciones de toda la Provincia, espect\u00e1culos con payadores, elecci\u00f3n de la Flor del Pago y el entrevero de tropillas.<\/p>\n\n\n\n<p><em>\u201cPara el desfile contamos con 30 delegaciones, pero el momento m\u00e1s importante es el entrevero de las tropillas. \u00a1Llegamos a juntar hasta 36 tropillas entabladas! Y las pruebas de destrezas tienen un gran premio para el ganador\u201d,<\/em> comparti\u00f3 Jorge Adalberto Men\u00e9ndez, presidente de la instituci\u00f3n.<\/p>\n\n\n\n<p>Este destino tur\u00edstico se destaca por el balneario Arenas Verdes, con 37 kil\u00f3metros de costa atl\u00e1ntica y playas amplias perfectas para la pr\u00e1ctica del surf, avistaje de aves, caminatas, sandboard, pesca deportiva o kitesurf y observar el atardecer. Adem\u00e1s presenta imperdibles como el Museo de Ciencias Naturales &#8220;Gesu\u00e9 Pedro Noseda&#8221;, con m\u00e1s de 6.000 piezas de arqueolog\u00eda, paleontolog\u00eda y taxidermia que abarcan desde el per\u00edodo Terciario hasta la actualidad; y el Centro Cultural Ram\u00f3n Alberto &#8220;Tito&#8221; Filgueiras, que exhibe obras de art\u00edsticas y -los fines de semana- actividades culturales.<\/p>\n\n\n\n<p>La tradici\u00f3n y la defensa del territorio no son el pasado, son el alma que une, el sonido del viento entre los alambres, el galope que resuena en la tierra, el mate que se comparte al amanecer, es el orgullo por quienes vivieron y lucharon antes y la pasi\u00f3n de quienes contin\u00faan el legado. Las costumbres se respiran, se sienten y se honran porque es la forma de mantenerlas vivas, como en las fiestas populares de Patagones y Lober\u00eda que invitan a compartirlas con quienes la visitan. La provincia de Buenos Aires, un destino bueno, bonito y bonaerense para celebrar la identidad.<\/p>\n","protected":false},"excerpt":{"rendered":"<p>En el coraz\u00f3n de la provincia de Buenos Aires late una rica tradici\u00f3n de celebraciones que reflejan la identidad y la cultura de sus habitantes. Desde fiestas patronales hasta eventos&hellip; <\/p>\n","protected":false},"author":2,"featured_media":36680,"comment_status":"closed","ping_status":"closed","sticky":false,"template":"","format":"standard","meta":{"footnotes":""},"categories":[27],"tags":[],"class_list":["post-36679","post","type-post","status-publish","format-standard","has-post-thumbnail","hentry","category-turismo"],"_links":{"self":[{"href":"https:\/\/eenergetica.com.ar\/index.php\/wp-json\/wp\/v2\/posts\/36679","targetHints":{"allow":["GET"]}}],"collection":[{"href":"https:\/\/eenergetica.com.ar\/index.php\/wp-json\/wp\/v2\/posts"}],"about":[{"href":"https:\/\/eenergetica.com.ar\/index.php\/wp-json\/wp\/v2\/types\/post"}],"author":[{"embeddable":true,"href":"https:\/\/eenergetica.com.ar\/index.php\/wp-json\/wp\/v2\/users\/2"}],"replies":[{"embeddable":true,"href":"https:\/\/eenergetica.com.ar\/index.php\/wp-json\/wp\/v2\/comments?post=36679"}],"version-history":[{"count":1,"href":"https:\/\/eenergetica.com.ar\/index.php\/wp-json\/wp\/v2\/posts\/36679\/revisions"}],"predecessor-version":[{"id":36681,"href":"https:\/\/eenergetica.com.ar\/index.php\/wp-json\/wp\/v2\/posts\/36679\/revisions\/36681"}],"wp:featuredmedia":[{"embeddable":true,"href":"https:\/\/eenergetica.com.ar\/index.php\/wp-json\/wp\/v2\/media\/36680"}],"wp:attachment":[{"href":"https:\/\/eenergetica.com.ar\/index.php\/wp-json\/wp\/v2\/media?parent=36679"}],"wp:term":[{"taxonomy":"category","embeddable":true,"href":"https:\/\/eenergetica.com.ar\/index.php\/wp-json\/wp\/v2\/categories?post=36679"},{"taxonomy":"post_tag","embeddable":true,"href":"https:\/\/eenergetica.com.ar\/index.php\/wp-json\/wp\/v2\/tags?post=36679"}],"curies":[{"name":"wp","href":"https:\/\/api.w.org\/{rel}","templated":true}]}}