{"id":36676,"date":"2025-03-05T09:03:54","date_gmt":"2025-03-05T12:03:54","guid":{"rendered":"http:\/\/eenergetica.com.ar\/?p=36676"},"modified":"2025-03-05T09:03:54","modified_gmt":"2025-03-05T12:03:54","slug":"ni-insuficiencia-respiratoria-ni-broncoespasmos-el-papa-francisco-descanso-bien-y-permanece-estable","status":"publish","type":"post","link":"https:\/\/eenergetica.com.ar\/index.php\/2025\/03\/05\/ni-insuficiencia-respiratoria-ni-broncoespasmos-el-papa-francisco-descanso-bien-y-permanece-estable\/","title":{"rendered":"&#8220;Ni insuficiencia respiratoria ni broncoespasmos&#8221;: el papa Francisco descans\u00f3 bien y permanece &#8220;estable&#8221;"},"content":{"rendered":"\n<p><strong>El papa Francisco descans\u00f3 bien &#8220;durante toda la noche<\/strong>&#8221; en el Policl\u00ednico Gemelli de Roma donde se encuentra internado desde el pasado 14 de febrero, seg\u00fan inform\u00f3 este mi\u00e9rcoles la Oficina de Prensa del Vaticano, mientras que<strong>&nbsp;el estado cl\u00ednico del Santo Padre &#8220;permanec\u00eda estable&#8221;.<\/strong><\/p>\n\n\n\n<p><strong>\u201cEl Papa ha descansado bien durante la noche, despert\u00e1ndose poco despu\u00e9s de las 8:00&#8243;,<\/strong>&nbsp;indicaron desde el citado recinto de la Santa Sede.<\/p>\n\n\n\n<p>En la comunicaci\u00f3n vespertina del martes, la Sala de Prensa vaticana inform\u00f3 de que &#8220;el estado cl\u00ednico del Santo Padre permanec\u00eda estable&#8221; y que&nbsp;<strong>durante la noche, &#8220;como estaba previsto&#8221;, se &#8220;reanudar\u00eda la ventilaci\u00f3n mec\u00e1nica no invasiva&#8221; hasta esta ma\u00f1ana.&nbsp;<\/strong><\/p>\n\n\n\n<p>La nota del martes precisaba que el Papa<strong>&nbsp;&#8220;no present\u00f3 episodios de insuficiencia respiratoria, ni broncoespasmos&#8221;<\/strong>, que &#8220;permaneci\u00f3 apir\u00e9tico, siempre alerta, colaborando con las terapias y orientado&#8221;.<\/p>\n\n\n\n<p>Adem\u00e1s, por la ma\u00f1ana hab\u00eda &#8220;pasado a oxigenoterapia de alto flujo y hab\u00eda realizado fisioterapia respiratoria&#8221;, mientras que&nbsp;<strong>durante el d\u00eda &#8220;altern\u00f3 oraci\u00f3n y reposo&#8221; y en la ma\u00f1ana del martes &#8220;recibi\u00f3 la Eucarist\u00eda&#8221;.&nbsp;<\/strong><\/p>\n\n\n\n<p>El cuadro cl\u00ednico tambi\u00e9n era estable en lo que respecta al coraz\u00f3n, los ri\u00f1ones y los valores sangu\u00edneos, pero en una situaci\u00f3n general compleja, con broncoespasmos no inesperados en el contexto de una neumon\u00eda como la del Pont\u00edfice.<\/p>\n\n\n\n<p>fuente NA<\/p>\n","protected":false},"excerpt":{"rendered":"<p>El papa Francisco descans\u00f3 bien &#8220;durante toda la noche&#8221; en el Policl\u00ednico Gemelli de Roma donde se encuentra internado desde el pasado 14 de febrero, seg\u00fan inform\u00f3 este mi\u00e9rcoles la&hellip; <\/p>\n","protected":false},"author":2,"featured_media":36677,"comment_status":"closed","ping_status":"closed","sticky":false,"template":"","format":"standard","meta":{"footnotes":""},"categories":[22],"tags":[],"class_list":["post-36676","post","type-post","status-publish","format-standard","has-post-thumbnail","hentry","category-sociedad"],"_links":{"self":[{"href":"https:\/\/eenergetica.com.ar\/index.php\/wp-json\/wp\/v2\/posts\/36676","targetHints":{"allow":["GET"]}}],"collection":[{"href":"https:\/\/eenergetica.com.ar\/index.php\/wp-json\/wp\/v2\/posts"}],"about":[{"href":"https:\/\/eenergetica.com.ar\/index.php\/wp-json\/wp\/v2\/types\/post"}],"author":[{"embeddable":true,"href":"https:\/\/eenergetica.com.ar\/index.php\/wp-json\/wp\/v2\/users\/2"}],"replies":[{"embeddable":true,"href":"https:\/\/eenergetica.com.ar\/index.php\/wp-json\/wp\/v2\/comments?post=36676"}],"version-history":[{"count":1,"href":"https:\/\/eenergetica.com.ar\/index.php\/wp-json\/wp\/v2\/posts\/36676\/revisions"}],"predecessor-version":[{"id":36678,"href":"https:\/\/eenergetica.com.ar\/index.php\/wp-json\/wp\/v2\/posts\/36676\/revisions\/36678"}],"wp:featuredmedia":[{"embeddable":true,"href":"https:\/\/eenergetica.com.ar\/index.php\/wp-json\/wp\/v2\/media\/36677"}],"wp:attachment":[{"href":"https:\/\/eenergetica.com.ar\/index.php\/wp-json\/wp\/v2\/media?parent=36676"}],"wp:term":[{"taxonomy":"category","embeddable":true,"href":"https:\/\/eenergetica.com.ar\/index.php\/wp-json\/wp\/v2\/categories?post=36676"},{"taxonomy":"post_tag","embeddable":true,"href":"https:\/\/eenergetica.com.ar\/index.php\/wp-json\/wp\/v2\/tags?post=36676"}],"curies":[{"name":"wp","href":"https:\/\/api.w.org\/{rel}","templated":true}]}}