{"id":36667,"date":"2025-03-05T08:58:32","date_gmt":"2025-03-05T11:58:32","guid":{"rendered":"http:\/\/eenergetica.com.ar\/?p=36667"},"modified":"2025-03-05T08:58:33","modified_gmt":"2025-03-05T11:58:33","slug":"asamblea-legislativa-en-un-clima-de-alta-tension-kicillof-buscara-mostrarse-como-maximo-opositor-a-milei","status":"publish","type":"post","link":"https:\/\/eenergetica.com.ar\/index.php\/2025\/03\/05\/asamblea-legislativa-en-un-clima-de-alta-tension-kicillof-buscara-mostrarse-como-maximo-opositor-a-milei\/","title":{"rendered":"Asamblea Legislativa: en un clima de alta tensi\u00f3n, Kicillof buscar\u00e1 mostrarse como m\u00e1ximo opositor a Milei"},"content":{"rendered":"\n<p>En un clima de elevada tensi\u00f3n pol\u00edtica por el inusitado pedido de renuncia y amenaza de intervenci\u00f3n que realiz\u00f3 el presidente&nbsp;<strong>Javier Milei,&nbsp;<\/strong>el gobernador bonaerense,<strong>&nbsp;Axel Kicillof&nbsp;<\/strong>abrir\u00e1 ma\u00f1ana un nuevo per\u00edodo de sesiones ordinarias de la Legislatura provincial, y buscar\u00e1 mostrarse como&nbsp;<strong>m\u00e1xima figura de oposici\u00f3n al Gobierno.<\/strong><\/p>\n\n\n\n<p>En medio del fuego cruzado con la administraci\u00f3n nacional a ra\u00edz de una serie de cr\u00edmenes violentos que pegaron de lleno en la gesti\u00f3n de la seguridad provincial, el mandatario bonaerense encabezar\u00e1 la Asamblea Legislativa a las 17 hs de este mi\u00e9rcoles, mismo d\u00eda en que concretar\u00e1 la&nbsp;<strong>denuncia penal contra el jefe de Est<\/strong>ado por \u201cla posible comisi\u00f3n de delitos contra el orden constitucional y los poderes p\u00fablicos de la Provincia\u201d.<\/p>\n\n\n\n<p>Durante su exposici\u00f3n, Kicillof llamar\u00e1 a&nbsp;<strong>\u201cdefender a la democracia&#8221;, a sus instituciones y a la Constituci\u00f3n nacional&nbsp;<\/strong>frente al peligro que representa la fase autoritaria de Milei.<\/p>\n\n\n\n<p>Adem\u00e1s de exhibirse como garante del orden constitucional y de la democracia, el gobernador har\u00e1 un pronunciamiento a favor del&nbsp;<strong>federalismo&nbsp;<\/strong>y volver\u00e1 a exigirle al Gobierno nacional la devoluci\u00f3n de los recursos que le fueron recortados a Buenos Aires al inicio de la gesti\u00f3n.<\/p>\n\n\n\n<p>En paralelo, hay expectativa en torno a si&nbsp;<strong>Kicillof anunciar\u00e1 cambios en el calendario electoral,<\/strong>&nbsp;y en caso afirmativo si enviar\u00e1 a la Legislatura un proyecto de&nbsp;<strong>desdoblamiento&nbsp;<\/strong>para adelantar las elecciones de la provincia.<\/p>\n\n\n\n<p>Los sectores pol\u00edticos que acompa\u00f1an al gobernador en la interna que mantiene con el cristinismo por el liderazgo en el peronismo movilizar\u00e1n de a miles a La Plata y le dar\u00e1n una impronta militante a la Asamblea Legislativa.<\/p>\n\n\n\n<p>Los intendentes de La Matanza,<strong>&nbsp;Fernando Espinoza,&nbsp;<\/strong>de Avellaneda,&nbsp;<strong>Jorge Ferraresi<\/strong>, de Ensenada,<strong>&nbsp;Mario Secco,<\/strong>&nbsp;de La Plata,<strong>&nbsp;Julio Alak<\/strong>, de Berisso,&nbsp;<strong>Fabi\u00e1n Cagliardi,&nbsp;<\/strong>y de Almirante Brown,&nbsp;<strong>Mariano Cascallares,<\/strong>&nbsp;aportar\u00e1n aparato de movilizaci\u00f3n, y tambi\u00e9n se sumar\u00e1n las organizaciones pol\u00edticas que se referencian en Kicillof como \u201c<strong>La Patria es el Otro\u201d, &#8220;Patria y Futuro&#8221; y \u201cKil\u00f3metro Cero\u201d.<\/strong><\/p>\n\n\n\n<p>Todas ellas suscribieron el acta fundacional del<strong>&nbsp;Movimiento Derecho al Futuro,<\/strong>&nbsp;el flamante frente que dio nacimiento al \u201c<strong>kicillofismo<\/strong>\u201d como corriente interna del peronismo.<\/p>\n\n\n\n<p>fuente NA<\/p>\n","protected":false},"excerpt":{"rendered":"<p>En un clima de elevada tensi\u00f3n pol\u00edtica por el inusitado pedido de renuncia y amenaza de intervenci\u00f3n que realiz\u00f3 el presidente&nbsp;Javier Milei,&nbsp;el gobernador bonaerense,&nbsp;Axel Kicillof&nbsp;abrir\u00e1 ma\u00f1ana un nuevo per\u00edodo de&hellip; <\/p>\n","protected":false},"author":2,"featured_media":36668,"comment_status":"closed","ping_status":"closed","sticky":false,"template":"","format":"standard","meta":{"footnotes":""},"categories":[20],"tags":[],"class_list":["post-36667","post","type-post","status-publish","format-standard","has-post-thumbnail","hentry","category-politica"],"_links":{"self":[{"href":"https:\/\/eenergetica.com.ar\/index.php\/wp-json\/wp\/v2\/posts\/36667","targetHints":{"allow":["GET"]}}],"collection":[{"href":"https:\/\/eenergetica.com.ar\/index.php\/wp-json\/wp\/v2\/posts"}],"about":[{"href":"https:\/\/eenergetica.com.ar\/index.php\/wp-json\/wp\/v2\/types\/post"}],"author":[{"embeddable":true,"href":"https:\/\/eenergetica.com.ar\/index.php\/wp-json\/wp\/v2\/users\/2"}],"replies":[{"embeddable":true,"href":"https:\/\/eenergetica.com.ar\/index.php\/wp-json\/wp\/v2\/comments?post=36667"}],"version-history":[{"count":1,"href":"https:\/\/eenergetica.com.ar\/index.php\/wp-json\/wp\/v2\/posts\/36667\/revisions"}],"predecessor-version":[{"id":36669,"href":"https:\/\/eenergetica.com.ar\/index.php\/wp-json\/wp\/v2\/posts\/36667\/revisions\/36669"}],"wp:featuredmedia":[{"embeddable":true,"href":"https:\/\/eenergetica.com.ar\/index.php\/wp-json\/wp\/v2\/media\/36668"}],"wp:attachment":[{"href":"https:\/\/eenergetica.com.ar\/index.php\/wp-json\/wp\/v2\/media?parent=36667"}],"wp:term":[{"taxonomy":"category","embeddable":true,"href":"https:\/\/eenergetica.com.ar\/index.php\/wp-json\/wp\/v2\/categories?post=36667"},{"taxonomy":"post_tag","embeddable":true,"href":"https:\/\/eenergetica.com.ar\/index.php\/wp-json\/wp\/v2\/tags?post=36667"}],"curies":[{"name":"wp","href":"https:\/\/api.w.org\/{rel}","templated":true}]}}