{"id":36658,"date":"2025-03-05T08:47:08","date_gmt":"2025-03-05T11:47:08","guid":{"rendered":"http:\/\/eenergetica.com.ar\/?p=36658"},"modified":"2025-03-05T08:47:09","modified_gmt":"2025-03-05T11:47:09","slug":"por-que-se-corto-la-luz-comunicado-oficial","status":"publish","type":"post","link":"https:\/\/eenergetica.com.ar\/index.php\/2025\/03\/05\/por-que-se-corto-la-luz-comunicado-oficial\/","title":{"rendered":"\u00bfPor qu\u00e9 se cort\u00f3 la luz? Comunicado oficial"},"content":{"rendered":"\n<p>Tras el masivo apag\u00f3n que afect\u00f3 a amplias zonas de la Ciudad de Buenos Aires y el Conurbano en la madrugada de este martes,&nbsp;<strong>Edesur<\/strong>&nbsp;emiti\u00f3 un comunicado en sus redes sociales explicando las causas de la interrupci\u00f3n del servicio.<\/p>\n\n\n\n<p>Seg\u00fan la empresa, el corte de luz se debi\u00f3 a&nbsp;<strong>una falla en dos l\u00edneas de alta tensi\u00f3n<\/strong>, lo que provoc\u00f3 la afectaci\u00f3n de varias&nbsp;<strong>subestaciones<\/strong>&nbsp;y dej\u00f3 sin suministro el\u00e9ctrico a miles de usuarios.<\/p>\n\n\n\n<h4 class=\"wp-block-heading\"><strong>El comunicado de Edesur<\/strong><\/h4>\n\n\n\n<p>A trav\u00e9s de su cuenta oficial de X (Twitter), la compa\u00f1\u00eda inform\u00f3:<\/p>\n\n\n\n<p><em>&#8220;Esta madrugada se registr\u00f3 una falla en dos l\u00edneas de alta tensi\u00f3n, lo que afect\u00f3 a varias subestaciones de la compa\u00f1\u00eda. Nuestros t\u00e9cnicos se encuentran trabajando para restablecer el servicio en su totalidad&#8221;.<\/em><\/p>\n\n\n\n<p>Minutos despu\u00e9s, la empresa actualiz\u00f3 la situaci\u00f3n y asegur\u00f3 que&nbsp;<strong>ya se restituy\u00f3 el suministro a m\u00e1s del 60% de los clientes inicialmente afectados<\/strong>, aunque a\u00fan persisten zonas sin luz.<\/p>\n\n\n\n<p><strong>Edesur no precis\u00f3 un horario estimado de normalizaci\u00f3n total<\/strong>, lo que mantiene la incertidumbre entre los usuarios que contin\u00faan sin electricidad.<\/p>\n\n\n\n<h4 class=\"wp-block-heading\"><strong>\u00bfCu\u00e1les fueron las zonas m\u00e1s afectadas?<\/strong><\/h4>\n\n\n\n<ul class=\"wp-block-list\">\n<li>Barrios afectados por el corte masivo:\n<ul class=\"wp-block-list\">\n<li>Almagro<\/li>\n\n\n\n<li>Balvanera<\/li>\n\n\n\n<li>Parque Patricios<\/li>\n\n\n\n<li>La Boca<\/li>\n\n\n\n<li>Villa Crespo<\/li>\n\n\n\n<li>San Crist\u00f3bal<\/li>\n\n\n\n<li>Avellaneda<\/li>\n\n\n\n<li>Lan\u00fas<\/li>\n<\/ul>\n<\/li>\n\n\n\n<li>Afectaciones al transporte p\u00fablico:\n<ul class=\"wp-block-list\">\n<li>Interrupci\u00f3n total del servicio de la L\u00ednea B del Subte<\/li>\n\n\n\n<li>Circulaci\u00f3n limitada de la L\u00ednea A<\/li>\n\n\n\n<li>Demoras en los trenes del Ferrocarril Roca en los ramales La Plata y Bosques v\u00eda Quilmes<\/li>\n<\/ul>\n<\/li>\n\n\n\n<li>fuente NA<\/li>\n<\/ul>\n","protected":false},"excerpt":{"rendered":"<p>Tras el masivo apag\u00f3n que afect\u00f3 a amplias zonas de la Ciudad de Buenos Aires y el Conurbano en la madrugada de este martes,&nbsp;Edesur&nbsp;emiti\u00f3 un comunicado en sus redes sociales&hellip; <\/p>\n","protected":false},"author":2,"featured_media":36659,"comment_status":"closed","ping_status":"closed","sticky":false,"template":"","format":"standard","meta":{"footnotes":""},"categories":[21],"tags":[],"class_list":["post-36658","post","type-post","status-publish","format-standard","has-post-thumbnail","hentry","category-economia"],"_links":{"self":[{"href":"https:\/\/eenergetica.com.ar\/index.php\/wp-json\/wp\/v2\/posts\/36658","targetHints":{"allow":["GET"]}}],"collection":[{"href":"https:\/\/eenergetica.com.ar\/index.php\/wp-json\/wp\/v2\/posts"}],"about":[{"href":"https:\/\/eenergetica.com.ar\/index.php\/wp-json\/wp\/v2\/types\/post"}],"author":[{"embeddable":true,"href":"https:\/\/eenergetica.com.ar\/index.php\/wp-json\/wp\/v2\/users\/2"}],"replies":[{"embeddable":true,"href":"https:\/\/eenergetica.com.ar\/index.php\/wp-json\/wp\/v2\/comments?post=36658"}],"version-history":[{"count":1,"href":"https:\/\/eenergetica.com.ar\/index.php\/wp-json\/wp\/v2\/posts\/36658\/revisions"}],"predecessor-version":[{"id":36660,"href":"https:\/\/eenergetica.com.ar\/index.php\/wp-json\/wp\/v2\/posts\/36658\/revisions\/36660"}],"wp:featuredmedia":[{"embeddable":true,"href":"https:\/\/eenergetica.com.ar\/index.php\/wp-json\/wp\/v2\/media\/36659"}],"wp:attachment":[{"href":"https:\/\/eenergetica.com.ar\/index.php\/wp-json\/wp\/v2\/media?parent=36658"}],"wp:term":[{"taxonomy":"category","embeddable":true,"href":"https:\/\/eenergetica.com.ar\/index.php\/wp-json\/wp\/v2\/categories?post=36658"},{"taxonomy":"post_tag","embeddable":true,"href":"https:\/\/eenergetica.com.ar\/index.php\/wp-json\/wp\/v2\/tags?post=36658"}],"curies":[{"name":"wp","href":"https:\/\/api.w.org\/{rel}","templated":true}]}}