{"id":36303,"date":"2025-02-15T12:17:52","date_gmt":"2025-02-15T15:17:52","guid":{"rendered":"http:\/\/eenergetica.com.ar\/?p=36303"},"modified":"2025-02-15T12:17:52","modified_gmt":"2025-02-15T15:17:52","slug":"milei-dice-que-el-peso-se-seguira-apreciando-pero-los-mercados-tienen-dudas","status":"publish","type":"post","link":"https:\/\/eenergetica.com.ar\/index.php\/2025\/02\/15\/milei-dice-que-el-peso-se-seguira-apreciando-pero-los-mercados-tienen-dudas\/","title":{"rendered":"Milei dice que el peso se seguir\u00e1 apreciando pero los mercados tienen dudas"},"content":{"rendered":"\n<p>Como indica el manual pol\u00edtico en la Argentina, el Gobierno busca que&nbsp;<strong>la inflaci\u00f3n y el d\u00f3lar est\u00e9n frenados para tener mayores chances de ganar las legislativas<\/strong>&nbsp;de octubre pr\u00f3ximo.<\/p>\n\n\n\n<p>Tanto el&nbsp;<strong>presidente Javier Milei<\/strong>&nbsp;como el&nbsp;<strong>ministro de Econom\u00eda, Luis Caputo<\/strong>, fatigan los micr\u00f3fonos declarando que&nbsp;<strong>el d\u00f3lar no est\u00e1 atrasado<\/strong>, que haber bajado la devaluaci\u00f3n mensual al 1 por ciento fue un acierto y que la moneda local se har\u00e1 m\u00e1s fuerte en los pr\u00f3ximos meses.<\/p>\n\n\n\n<p>Mientras tanto, diversos economistas est\u00e1n inc\u00f3modos con la brecha cada vez mayor entre las evoluci\u00f3n de los precios y la de la divisa norteamericana.<\/p>\n\n\n\n<p>Milei est\u00e1 enfocado en ganar la&nbsp;<strong>\u201cbatalla cultural\u201d<\/strong>&nbsp;e instalar temas que obligan a la oposici\u00f3n a barajar y dar de nuevo en forma constante.<\/p>\n\n\n\n<p>El jefe de Estado sali\u00f3 a barrer con quienes alertan sobre el atraso cambiario, y puso el foco en&nbsp;<strong>Domingo Cavallo<\/strong>&nbsp;-el padre de la convertibilidad-.&nbsp;<\/p>\n\n\n\n<p>El exministro de Econom\u00eda de Carlos Menem y Fernando de la R\u00faa hab\u00eda se\u00f1alado que el peso estaba demasiado apreciado, lo que desat\u00f3 la furia de Milei.<\/p>\n\n\n\n<p>El Presidente tild\u00f3 a Cavallo de \u201cimpresentable\u201d, lo acus\u00f3 de trabajar para la oposici\u00f3n y de un plumazo desplaz\u00f3 a su hija,&nbsp;<strong>Sonia Cavallo<\/strong>, del puesto de representante ante Naciones Unidas. Una represalia feroz.<\/p>\n\n\n\n<p><strong>Fue una respuesta furiosa del jefe de Estado<\/strong>&nbsp;que busca disciplinar a los especialistas influyentes detr\u00e1s de su programa econ\u00f3mico, que este jueves se anot\u00f3 otro \u00e9xito en la lucha contra la inflaci\u00f3n: el costo de vida desaceler\u00f3 a 2,2% en enero y en doce meses solo subi\u00f3 84,5%, al lograr romper la inercia de los tres d\u00edgitos.<\/p>\n\n\n\n<p><strong>Sectores productivos alertan que la decisi\u00f3n del gobierno de seguir atrasando el d\u00f3lar puede generar p\u00e9rdida de competitividad<\/strong>&nbsp;cuando la Argentina necesita salir de su estatus de pa\u00eds fronterizo para los mercados.<\/p>\n\n\n\n<p>Seg\u00fan Milei, se equivocan los economistas que alertan sobre un retraso en el valor del d\u00f3lar y los acusa de ser como un&nbsp;<strong>\u201cdisco rayado\u201d<\/strong>, repitiendo conceptos.<\/p>\n\n\n\n<p>Para el economista&nbsp;<strong>Rodolfo Sant\u00e1ngelo<\/strong>, &#8220;no hay una situaci\u00f3n de grosero atraso cambiario&#8221;, pero advirti\u00f3 sobre el recorte de la tasa de devaluaci\u00f3n oficial (crawling peg) y explic\u00f3 que &#8220;deber\u00eda unirse&#8221; a la inflaci\u00f3n.<\/p>\n\n\n\n<p>Tambi\u00e9n sostuvo que el tipo de cambio contra la inflaci\u00f3n&nbsp;<strong>&#8220;ha ca\u00eddo lo que siempre cae en los planes de estabilizaci\u00f3n&#8221;. &nbsp; &nbsp;<\/strong><\/p>\n\n\n\n<p>&#8220;Hab\u00eda empezado con un colch\u00f3n y perdi\u00f3 el colch\u00f3n, y eso requiere urgente que la tasa de devaluaci\u00f3n converja a la tasa de inflaci\u00f3n o, al rev\u00e9s, que la inflaci\u00f3n converja con la devaluaci\u00f3n&#8221;, explic\u00f3.<\/p>\n\n\n\n<p>En cuanto al crawling peg y el recorte que gener\u00f3 el Gobierno nacional del 2% al 1% mensual, Sant\u00e1ngelo consider\u00f3 que&nbsp;<strong>&#8220;todav\u00eda puede haber meses donde se siga deteriorando con relaci\u00f3n al tipo de cambio oficial&#8221;<\/strong>. Igual, el influyente economista dijo no ver este escenario como \u201cuna situaci\u00f3n grav\u00edsima e irreversible\u201d, pero s\u00ed lo consider\u00f3 un \u201cllamado de atenci\u00f3n sin lugar a dudas&#8221;.<\/p>\n\n\n\n<p>De acuerdo con el \u00faltimo informe del&nbsp;<strong>Centro Estrat\u00e9gico Latinoamericano de Geopol\u00edtica (Celag)<\/strong>, el tipo de cambio promedio de la convertibilidad menemista fue 2 por ciento m\u00e1s alto que el actual. En febrero de 1993, reci\u00e9n alcanz\u00f3 el mismo nivel que el vigente en 2024.&nbsp;<\/p>\n\n\n\n<p>Para&nbsp;<strong>Jorge Colina, director del Instituto para el Desarrollo Social Argentino (IDESA)<\/strong>, hay un proceso de \u201capreciaci\u00f3n cambiaria, es decir, el d\u00f3lar est\u00e1 muy barato y muchos sectores productivos no est\u00e1n pudiendo competir con las importaciones. El desaf\u00edo es ir hacia una econom\u00eda que, sin inflaci\u00f3n y d\u00f3lar alto, sea competitiva\u201d.<\/p>\n\n\n\n<p>El&nbsp;<strong>\u00edndice Big Mac<\/strong>, creado por The Economist, funciona como par\u00e1metro mundial sobre la apreciaci\u00f3n de monedas. Argentina encabeza ese ranking en Am\u00e9rica Latina y est\u00e1 segunda a nivel mundial: el costo argentino de la hamburguesa \u201cBig Mac\u201d es de 7,37 d\u00f3lares, de acuerdo con el tipo de cambio oficial medido en 1.031,50 pesos.&nbsp;<\/p>\n\n\n\n<p>Milei desmereci\u00f3 ese \u00edndice y dijo que&nbsp;<strong>carece de sentido tenerlo en cuenta.<\/strong><br>Para&nbsp;<strong>Nicol\u00e1s Pino, presidente de la Sociedad Rural Argentina,<\/strong>&nbsp;el Gobierno tiene que velar porque la Argentina sea competitiva con el mundo.&nbsp;<\/p>\n\n\n\n<p><strong>\u201cLo que tenemos que analizar es por qu\u00e9 no se nos permite ser competitivos<\/strong>, y es ah\u00ed donde nosotros vemos, que hay otros factores que influyen, como los impuestos. Principalmente las retenciones, pero tambi\u00e9n el impuesto a los combustibles y el impuesto al cheque. Todo eso hace que perdamos competitividad\u201d, se\u00f1al\u00f3.<\/p>\n\n\n\n<p><strong>Uno de los rubros donde se puede observar que el pa\u00eds est\u00e1 caro en d\u00f3lares es el turismo<\/strong>. Las fotos y videos de miles de personas viajando a Brasil, por ejemplo, lo demuestran.&nbsp;<\/p>\n\n\n\n<p><strong>\u201cEl tipo de cambio favorece ahora a Brasil, no a la Argentina<\/strong>. Para recuperar competitividad, es fundamental reducir los impuestos, ya que representan el 50% del costo de los productos tur\u00edsticos\u201d, advirti\u00f3&nbsp;<strong>Aldo El\u00edas, vicepresidente de la C\u00e1mara Argentina de Turismo.&nbsp;<\/strong><\/p>\n\n\n\n<p>Pero el enfoque que m\u00e1s enoj\u00f3 a Milei fue el de Cavallo: \u201cEl curso de acci\u00f3n m\u00e1s recomendable, desde mi punto de vista, es la eliminaci\u00f3n temprana de las restricciones cambiarias comenzando por las financieras y avanzar hacia la reunificaci\u00f3n en no m\u00e1s de tres meses\u201d, se\u00f1al\u00f3 el exministro de Econom\u00eda antes de ser pulverizado por el Presidente. &nbsp;<\/p>\n\n\n\n<p>Es que, en el Gobierno,&nbsp;<strong>madura la idea de levantar el cepo reci\u00e9n tras las elecciones legislativas de octubre pr\u00f3ximo<\/strong>, a la que espera llegar con un d\u00f3lar calmo y una inflaci\u00f3n en retirada.<\/p>\n\n\n\n<p>Milei castig\u00f3: \u201cTodas las apuestas devaluatorias de los economistas que intentan redimirse de sus malos pron\u00f3sticos de 2024 est\u00e1n flojas de papeles, mientras que el Gobierno no devaluar\u00e1 para salvarles la ropa a sus clientes a costa del dolor de los argentinos de bien\u201d. Por su parte, el ministro Caputo ironiz\u00f3 sobre los economistas que&nbsp;<strong>\u201cno pegan una desde hace un a\u00f1o\u201d.<\/strong><\/p>\n\n\n\n<p>En medio de este debate, el Presidente sorprendi\u00f3 -otra vez- al augurar que<strong>&nbsp;la moneda argentina se va a apreciar como sucedi\u00f3 con el yen en Jap\u00f3n<\/strong>&nbsp;-la cuarta econom\u00eda del mundo-, que. cuando empez\u00f3 la estabilizaci\u00f3n en la recuperaci\u00f3n posguerra, el tipo de cambio estaba en niveles &#8220;estratosf\u00e9ricos&#8221;, baj\u00f3.<\/p>\n\n\n\n<p>As\u00ed, el Presidente reaviv\u00f3 el tema que d\u00edas atr\u00e1s tuvo como protagonista a Caputo, quien afirm\u00f3 que &#8220;los precios est\u00e1n adelantados&#8221;, al comparar la situaci\u00f3n local con la que le permiti\u00f3 a Jap\u00f3n resurgir como potencia mundial en lo que se conoci\u00f3 como&nbsp;<strong>&#8220;el milagro econ\u00f3mico japon\u00e9s&#8221;<\/strong>.<\/p>\n\n\n\n<p>Esa iniciativa tuvo como eje el trabajo conjunto entre el sector p\u00fablico e industrias claves como&nbsp;<strong>la tecnol\u00f3gica y la automotriz<\/strong>, para fortalecer las actividades con mayor potencial de inversi\u00f3n. &nbsp;<\/p>\n\n\n\n<p>Se trata del concepto Balassa-Samuelson, que explica la relaci\u00f3n entre el crecimiento econ\u00f3mico y los precios de los bienes y servicios en diferentes pa\u00edses, explic\u00f3&nbsp;<strong>Juan Carlos Hallak, profesor de Econom\u00eda Internacional e investigador de la UBA.<\/strong><\/p>\n\n\n\n<p>En medio de esta discusi\u00f3n, Milei aludi\u00f3 al impacto de la apertura comercial sobre un sector clave como el automotriz, y dijo que, si no se adapta y &#8220;quiebra&#8221;, se podr\u00eda acceder a veh\u00edculos &#8220;m\u00e1s baratos&#8221;, lo que generar\u00e1 ahorro e inversi\u00f3n en otros sectores de la econom\u00eda.&nbsp;<\/p>\n\n\n\n<p>El Presidente le advirti\u00f3 a los empresarios que&nbsp;<strong>&#8220;se van a tener que acostumbrar a vivir con un tipo de cambio m\u00e1s bajo porque la moneda argentina se va a apreciar&#8221;<\/strong>&nbsp;como sucedi\u00f3 con el yen, que &#8220;cuando empez\u00f3 la estabilizaci\u00f3n un d\u00f3lar estaba a 600\/700 yenes, y ahora est\u00e1 en 150&#8221;.<\/p>\n\n\n\n<p>Pero si bien economistas coincidieron en que la competencia impulsa a los actores de la econom\u00eda real a ser m\u00e1s eficientes para mantener y aumentar su rentabilidad, alertaron que&nbsp;<strong>en Jap\u00f3n hubo un acompa\u00f1amiento del Estado y estabilidad macroecon\u00f3mica por &nbsp;d\u00e9cadas.&nbsp;<\/strong><\/p>\n\n\n\n<p>Expertos advierten que en una econom\u00eda vulnerable como la argentina, en donde el sistema tributario es un entramado muy complejo y poco flexible, las regulaciones son excesivas y contin\u00faan las restricciones cambiarias,&nbsp;<strong>una apertura abrupta puede generar dificultades para la industria local, con un impacto directo sobre el mercado laboral a corto plazo.<\/strong><\/p>\n\n\n\n<p><strong>Algo similar sostiene la UIA<\/strong>, cuyos directivos recibieron esta semana al ministro Caputo y le pidieron estabilizar las reglas de juego.<\/p>\n\n\n\n<p>Para&nbsp;<strong>Yanina Skiba, economista Jefa de MM Investments,<\/strong>&nbsp;&#8220;si hay una correcta readecuaci\u00f3n e inversi\u00f3n en mejorar la calificaci\u00f3n de los trabajadores, se puede revertir el impacto negativo y construir una mano de obra calificada&#8221;. Pero consider\u00f3 que la situaci\u00f3n argentina no se puede comparar con el modelo japon\u00e9s.&nbsp;<\/p>\n\n\n\n<p><strong>&#8220;Se trata de un modelo industrial en donde las cadenas de valor de las empresas est\u00e1n integradas y donde se busca la mayor eficiencia posible<\/strong>; se fomenta la competencia, la innovaci\u00f3n y el desarrollo tecnol\u00f3gico; adem\u00e1s la relaci\u00f3n entre el Gobierno y las corporaciones es clave para el crecimiento, un ejemplo de lo dicho es la automotriz Toyota&#8221;, explic\u00f3.<\/p>\n\n\n\n<p>Otros expertos consideran&nbsp;<strong>imposible ejecutar en la Argentina las medidas que le permitieron a Jap\u00f3n resurgir en la posguerra<\/strong>. Menciona que Jap\u00f3n tienen una econom\u00eda desarrollada hace m\u00e1s de 50 a\u00f1os, mientras la Argentina es un pa\u00eds de frontera (ni siquiera subdesarrollado). Tambi\u00e9n apuntan a la diferencia cultural: &#8220;Se respetan entre todos, sobre todo a los adultos mayores, y no existen faltas de respeto&#8221;, se\u00f1alan.<\/p>\n\n\n\n<p>Para los expertos que cuestionan a Milei, el peso se deber\u00eda apreciar a partir de un aumento de la productividad. Consideran equivocado intentar forzarlo sin antes mejorar la capacidad de producci\u00f3n.&nbsp;<\/p>\n\n\n\n<p>Para el economista&nbsp;<strong>Esteban Domecq<\/strong>, el d\u00f3lar barato &#8220;no es sostenible para las cuentas externas de un pa\u00eds&#8221;. Dijo que la combinaci\u00f3n de la cuenta corriente y financiera da como resultado el saldo de las reservas internacionales. &#8220;Si se tiene un tipo de cambio razonable, se va a estar generando d\u00f3lares y las reservas van a subir. Si ten\u00e9s un tipo de cambio bajo, vas a tener una p\u00e9rdida de d\u00f3lares y las reservas van a bajar&#8221;, explic\u00f3.<\/p>\n\n\n\n<p>Si bien consider\u00f3 que el tipo de cambio est\u00e1 \u201cequilibrado&#8221;, advirti\u00f3 que &#8220;las reservas no crecen y las reservas netas est\u00e1n en negativo. Con este tipo de cambio, ya no pod\u00e9s acumular (reservas)&#8221;, sostuvo.<\/p>\n\n\n\n<p>Explic\u00f3 que los precios de los commodities est\u00e1n&nbsp;<strong>\u201cpinchados, hay que pagar las importaciones y cada vez se ve m\u00e1s rojo<\/strong>. Pero cuando se ves la cuenta financiera, se destaca el RIGI, el blanqueo, el mercado y el FMI&#8221;.<\/p>\n\n\n\n<p>Para Domecq, la discusi\u00f3n del atraso cambiario es \u201cinfinita&#8221; y alert\u00f3 que el BCRA no puede seguir &#8220;con este balance de commodities&#8221;.<\/p>\n\n\n\n<p>Pero tambi\u00e9n pidi\u00f3 discutir la sostenibilidad de este modelo. \u201cSi el Gobierno dijera &#8216;Voy a avanzar con reformas estructurales, voy a reducir el costo argentino, voy a avanzar rapid\u00edsimo con el boom de petr\u00f3leo y gas, y las commodities van a subir&#8217;, con este escenario es sostenible&#8221;, dijo el director de la consultora Invecq.<\/p>\n\n\n\n<p>Para Domecq, la dificultad en la acumulaci\u00f3n de reservas es un &#8220;llamado de atenci\u00f3n&#8221;. El Banco Central lo sufre a diario.<\/p>\n\n\n\n<p>fuente NA<\/p>\n","protected":false},"excerpt":{"rendered":"<p>Como indica el manual pol\u00edtico en la Argentina, el Gobierno busca que&nbsp;la inflaci\u00f3n y el d\u00f3lar est\u00e9n frenados para tener mayores chances de ganar las legislativas&nbsp;de octubre pr\u00f3ximo. Tanto el&nbsp;presidente&hellip; <\/p>\n","protected":false},"author":2,"featured_media":36304,"comment_status":"closed","ping_status":"open","sticky":false,"template":"","format":"standard","meta":{"footnotes":""},"categories":[28,21],"tags":[],"class_list":["post-36303","post","type-post","status-publish","format-standard","has-post-thumbnail","hentry","category-destacada","category-economia"],"_links":{"self":[{"href":"https:\/\/eenergetica.com.ar\/index.php\/wp-json\/wp\/v2\/posts\/36303","targetHints":{"allow":["GET"]}}],"collection":[{"href":"https:\/\/eenergetica.com.ar\/index.php\/wp-json\/wp\/v2\/posts"}],"about":[{"href":"https:\/\/eenergetica.com.ar\/index.php\/wp-json\/wp\/v2\/types\/post"}],"author":[{"embeddable":true,"href":"https:\/\/eenergetica.com.ar\/index.php\/wp-json\/wp\/v2\/users\/2"}],"replies":[{"embeddable":true,"href":"https:\/\/eenergetica.com.ar\/index.php\/wp-json\/wp\/v2\/comments?post=36303"}],"version-history":[{"count":1,"href":"https:\/\/eenergetica.com.ar\/index.php\/wp-json\/wp\/v2\/posts\/36303\/revisions"}],"predecessor-version":[{"id":36305,"href":"https:\/\/eenergetica.com.ar\/index.php\/wp-json\/wp\/v2\/posts\/36303\/revisions\/36305"}],"wp:featuredmedia":[{"embeddable":true,"href":"https:\/\/eenergetica.com.ar\/index.php\/wp-json\/wp\/v2\/media\/36304"}],"wp:attachment":[{"href":"https:\/\/eenergetica.com.ar\/index.php\/wp-json\/wp\/v2\/media?parent=36303"}],"wp:term":[{"taxonomy":"category","embeddable":true,"href":"https:\/\/eenergetica.com.ar\/index.php\/wp-json\/wp\/v2\/categories?post=36303"},{"taxonomy":"post_tag","embeddable":true,"href":"https:\/\/eenergetica.com.ar\/index.php\/wp-json\/wp\/v2\/tags?post=36303"}],"curies":[{"name":"wp","href":"https:\/\/api.w.org\/{rel}","templated":true}]}}