{"id":35847,"date":"2025-01-17T08:58:07","date_gmt":"2025-01-17T11:58:07","guid":{"rendered":"http:\/\/eenergetica.com.ar\/?p=35847"},"modified":"2025-01-17T08:58:07","modified_gmt":"2025-01-17T11:58:07","slug":"es-necesario-frenar-la-profundizacion-autoritaria-que-va-a-intentar-milei","status":"publish","type":"post","link":"https:\/\/eenergetica.com.ar\/index.php\/2025\/01\/17\/es-necesario-frenar-la-profundizacion-autoritaria-que-va-a-intentar-milei\/","title":{"rendered":"\u201cEs necesario frenar la profundizaci\u00f3n autoritaria que va a intentar Milei\u201d"},"content":{"rendered":"\n<p>\u201cLa UCR se alej\u00f3 de su identidad, la desvirtu\u00f3 para transformarse en una expresi\u00f3n de la derecha\u201d sostuvo&nbsp;<strong>Ricardo Alfons\u00edn<\/strong>&nbsp;al reflexionar sobre su alejamiento del partido y la cercan\u00eda de algunos dirigentes actuales con el gobierno nacional. \u201cEst\u00e1n queriendo quedar bien con el oficialismo, buscando ser bendecidos por el Presidente\u201d opin\u00f3, y asegur\u00f3 que \u201cas\u00ed no nos va a ir bien: condicionan posiciones por intereses personales y c\u00e1lculos partidarios, lo que posterga el inter\u00e9s general\u201d.<\/p>\n\n\n\n<p>En declaraciones televisivas, el actual dirigente del Frente Amplio por la Democracia expres\u00f3 que \u201ceste gobierno aplica pol\u00edticas que hacen sufrir a la gente\u201d y se mostr\u00f3 cr\u00edtico de aquellos aliados del oficialismo que \u201cse unen para derrotar a un partido, lo que habla de la calidad de la pol\u00edtica actual. Es necesario que digan lo que quieren hacer, si van a acompa\u00f1ar las pol\u00edticas del FMI, las que fracasaron en todo lugar donde se aplicaron\u201d.<\/p>\n\n\n\n<p>Respecto a las pr\u00f3ximas elecciones, afirm\u00f3 \u201clos sectores progresistas tienen que ganarle a la derecha. Esto quiere decir lograr el ingreso de mayor cantidad de legisladores al Parlamento, para que el gobierno no pueda hacer lo que ha venido haciendo desde que asumi\u00f3 con el auxilio de otras fuerzas de derecha\u201d. En este sentido, marc\u00f3 la necesidad de \u201cromper la correlaci\u00f3n de fuerzas favorable a LLA, que es auspiciada por aquellos partidos de derecha, que no son de ultraderecha, pero acompa\u00f1an en el Congreso, como el PRO, la UCR, y Encuentro Federal\u201d. Para Alfons\u00edn, \u201ces necesario evaluar cu\u00e1l es la mejor estrategia para frenar la profundizaci\u00f3n que va a intentar Milei, porque va a avanzar en su deriva autoritaria, incluso puede intentar una reforma constitucional. Han anulado la dimensi\u00f3n \u00e9tica de la pol\u00edtica, centr\u00e1ndose \u00fanicamente en la econom\u00eda\u201d.<\/p>\n\n\n\n<p>El dirigente declar\u00f3 que \u201cen el Frente Amplio de la Democracia somos oposici\u00f3n, y lo m\u00e1s inteligente es ir con autonom\u00eda, para afirmarnos en una posici\u00f3n republicana y democr\u00e1tica\u201d.<\/p>\n","protected":false},"excerpt":{"rendered":"<p>\u201cLa UCR se alej\u00f3 de su identidad, la desvirtu\u00f3 para transformarse en una expresi\u00f3n de la derecha\u201d sostuvo&nbsp;Ricardo Alfons\u00edn&nbsp;al reflexionar sobre su alejamiento del partido y la cercan\u00eda de algunos&hellip; <\/p>\n","protected":false},"author":2,"featured_media":35848,"comment_status":"closed","ping_status":"open","sticky":false,"template":"","format":"standard","meta":{"footnotes":""},"categories":[20],"tags":[],"class_list":["post-35847","post","type-post","status-publish","format-standard","has-post-thumbnail","hentry","category-politica"],"_links":{"self":[{"href":"https:\/\/eenergetica.com.ar\/index.php\/wp-json\/wp\/v2\/posts\/35847","targetHints":{"allow":["GET"]}}],"collection":[{"href":"https:\/\/eenergetica.com.ar\/index.php\/wp-json\/wp\/v2\/posts"}],"about":[{"href":"https:\/\/eenergetica.com.ar\/index.php\/wp-json\/wp\/v2\/types\/post"}],"author":[{"embeddable":true,"href":"https:\/\/eenergetica.com.ar\/index.php\/wp-json\/wp\/v2\/users\/2"}],"replies":[{"embeddable":true,"href":"https:\/\/eenergetica.com.ar\/index.php\/wp-json\/wp\/v2\/comments?post=35847"}],"version-history":[{"count":1,"href":"https:\/\/eenergetica.com.ar\/index.php\/wp-json\/wp\/v2\/posts\/35847\/revisions"}],"predecessor-version":[{"id":35849,"href":"https:\/\/eenergetica.com.ar\/index.php\/wp-json\/wp\/v2\/posts\/35847\/revisions\/35849"}],"wp:featuredmedia":[{"embeddable":true,"href":"https:\/\/eenergetica.com.ar\/index.php\/wp-json\/wp\/v2\/media\/35848"}],"wp:attachment":[{"href":"https:\/\/eenergetica.com.ar\/index.php\/wp-json\/wp\/v2\/media?parent=35847"}],"wp:term":[{"taxonomy":"category","embeddable":true,"href":"https:\/\/eenergetica.com.ar\/index.php\/wp-json\/wp\/v2\/categories?post=35847"},{"taxonomy":"post_tag","embeddable":true,"href":"https:\/\/eenergetica.com.ar\/index.php\/wp-json\/wp\/v2\/tags?post=35847"}],"curies":[{"name":"wp","href":"https:\/\/api.w.org\/{rel}","templated":true}]}}