{"id":34163,"date":"2024-10-14T10:07:10","date_gmt":"2024-10-14T13:07:10","guid":{"rendered":"http:\/\/eenergetica.com.ar\/?p=34163"},"modified":"2024-10-14T10:07:10","modified_gmt":"2024-10-14T13:07:10","slug":"el-bid-destaca-la-gestion-de-javier-milei-pero-advierte-sobre-los-desafios-pendientes-el-gasto-publico-debe","status":"publish","type":"post","link":"https:\/\/eenergetica.com.ar\/index.php\/2024\/10\/14\/el-bid-destaca-la-gestion-de-javier-milei-pero-advierte-sobre-los-desafios-pendientes-el-gasto-publico-debe\/","title":{"rendered":"El BID destaca la gesti\u00f3n de Javier Milei pero advierte sobre los desaf\u00edos pendientes: &#8220;el gasto p\u00fablico debe&#8230;&#8221;"},"content":{"rendered":"\n<p>En un art\u00edculo publicado por el<strong>&nbsp;Financial Times, Ilan Goldfajn, presidente del Banco Interamericano de Desarrollo<\/strong>&nbsp;(BID), destac\u00f3 los avances logrados por el gobierno de Javier Milei en la estabilizaci\u00f3n de ciertas variables macroecon\u00f3micas.&nbsp;<\/p>\n\n\n\n<p>Seg\u00fan Goldfajn, en apenas siete meses, la administraci\u00f3n de&nbsp;Milei logr\u00f3 convertir un d\u00e9ficit primario del 2,9% del PBI a finales de 2023 en un super\u00e1vit del 1,5%&nbsp;hacia agosto de este a\u00f1o. Adem\u00e1s, adelant\u00f3 que el BID planea otorgar a Argentina un paquete de pr\u00e9stamos de&nbsp;$2400 millones d\u00f3lares al sector p\u00fablico y $1400 millones de d\u00f3lares al privado durante los pr\u00f3ximos dos a\u00f1os.<\/p>\n\n\n\n<p>A pesar de los progresos en<strong>&nbsp;materia fiscal&nbsp;<\/strong>enfatiz\u00f3 que \u201cmejorar las cuentas p\u00fablicas de Argentina y aumentar la estabilidad es solo una parte de la historia\u201d y subray\u00f3 la necesidad de&nbsp;<strong>un crecimiento inclusivo&nbsp;<\/strong>y duradero que cree oportunidades de empleo. Para lograrlo ve fundamental una colaboraci\u00f3n estrecha entre el sector p\u00fablico y el privado.<\/p>\n\n\n\n<p>Entre las medidas implementadas por el gobierno de Milei, Goldfajn mencion\u00f3 la reducci\u00f3n de subsidios, infraestructura, salarios p\u00fablicos y transferencias a gobiernos provinciales, junto con el aumento de tarifas y la aplicaci\u00f3n de impuestos especiales.&nbsp;<\/p>\n\n\n\n<p>No obstante, el titular del BID advirti\u00f3: &#8220;Para mantener el rumbo, el gasto p\u00fablico debe volverse m\u00e1s eficiente y equitativo&#8221;. Seg\u00fan estimaciones del banco, se podr\u00edan reasignar hasta un 7% del PBI mejorando la eficiencia del gasto y eliminando ineficiencias.<\/p>\n\n\n\n<p>Goldfajn tambi\u00e9n destac\u00f3<strong>&nbsp;la posici\u00f3n privilegiada de la Argentina&nbsp;<\/strong>en sectores clave como la seguridad alimentaria y la transici\u00f3n energ\u00e9tica, donde el pa\u00eds juega un papel central debido a sus<strong>&nbsp;recursos naturales y exportaciones<\/strong>.&nbsp;<\/p>\n\n\n\n<p>&#8220;Es el mayor exportador de aceite y harina de soja, el segundo mayor exportador de ma\u00edz y el tercero de soja&#8221;, record\u00f3 y agreg\u00f3 que tambi\u00e9n cuenta con las terceras mayores reservas de&nbsp;<strong>litio&nbsp;<\/strong>del mundo, un activo estrat\u00e9gico en la<strong>&nbsp;transici\u00f3n energ\u00e9tica global.<\/strong><\/p>\n\n\n\n<p>En cuanto al&nbsp;<strong>futuro del pa\u00eds<\/strong>, el BID prev\u00e9 seguir apoyando a la Argentina en \u00e1reas clave como la protecci\u00f3n social y la mejora de la eficiencia del gasto p\u00fablico, as\u00ed como en proyectos del sector privado, con especial \u00e9nfasis en la miner\u00eda y la energ\u00eda.&nbsp;<\/p>\n\n\n\n<p>&#8220;Una transformaci\u00f3n duradera en Argentina depender\u00e1 de un s<strong>ector privado audaz que aproveche<\/strong>&nbsp;estas oportunidades&#8221;, concluy\u00f3 Goldfajn, quien se mostr\u00f3 optimista pero cauteloso respecto al futuro del pa\u00eds.<\/p>\n\n\n\n<p>fuente: NA<\/p>\n","protected":false},"excerpt":{"rendered":"<p>En un art\u00edculo publicado por el&nbsp;Financial Times, Ilan Goldfajn, presidente del Banco Interamericano de Desarrollo&nbsp;(BID), destac\u00f3 los avances logrados por el gobierno de Javier Milei en la estabilizaci\u00f3n de ciertas&hellip; <\/p>\n","protected":false},"author":2,"featured_media":34164,"comment_status":"closed","ping_status":"open","sticky":false,"template":"","format":"standard","meta":{"footnotes":""},"categories":[21],"tags":[],"class_list":["post-34163","post","type-post","status-publish","format-standard","has-post-thumbnail","hentry","category-economia"],"_links":{"self":[{"href":"https:\/\/eenergetica.com.ar\/index.php\/wp-json\/wp\/v2\/posts\/34163","targetHints":{"allow":["GET"]}}],"collection":[{"href":"https:\/\/eenergetica.com.ar\/index.php\/wp-json\/wp\/v2\/posts"}],"about":[{"href":"https:\/\/eenergetica.com.ar\/index.php\/wp-json\/wp\/v2\/types\/post"}],"author":[{"embeddable":true,"href":"https:\/\/eenergetica.com.ar\/index.php\/wp-json\/wp\/v2\/users\/2"}],"replies":[{"embeddable":true,"href":"https:\/\/eenergetica.com.ar\/index.php\/wp-json\/wp\/v2\/comments?post=34163"}],"version-history":[{"count":1,"href":"https:\/\/eenergetica.com.ar\/index.php\/wp-json\/wp\/v2\/posts\/34163\/revisions"}],"predecessor-version":[{"id":34165,"href":"https:\/\/eenergetica.com.ar\/index.php\/wp-json\/wp\/v2\/posts\/34163\/revisions\/34165"}],"wp:featuredmedia":[{"embeddable":true,"href":"https:\/\/eenergetica.com.ar\/index.php\/wp-json\/wp\/v2\/media\/34164"}],"wp:attachment":[{"href":"https:\/\/eenergetica.com.ar\/index.php\/wp-json\/wp\/v2\/media?parent=34163"}],"wp:term":[{"taxonomy":"category","embeddable":true,"href":"https:\/\/eenergetica.com.ar\/index.php\/wp-json\/wp\/v2\/categories?post=34163"},{"taxonomy":"post_tag","embeddable":true,"href":"https:\/\/eenergetica.com.ar\/index.php\/wp-json\/wp\/v2\/tags?post=34163"}],"curies":[{"name":"wp","href":"https:\/\/api.w.org\/{rel}","templated":true}]}}