{"id":34103,"date":"2024-10-11T16:18:21","date_gmt":"2024-10-11T19:18:21","guid":{"rendered":"http:\/\/eenergetica.com.ar\/?p=34103"},"modified":"2024-10-11T16:18:22","modified_gmt":"2024-10-11T19:18:22","slug":"la-advertencia-de-melconian-sobre-el-cepo-y-la-inflacion-todavia-no-ganamos-nada","status":"publish","type":"post","link":"https:\/\/eenergetica.com.ar\/index.php\/2024\/10\/11\/la-advertencia-de-melconian-sobre-el-cepo-y-la-inflacion-todavia-no-ganamos-nada\/","title":{"rendered":"La advertencia de Melconian sobre el cepo y la inflaci\u00f3n: &#8220;Todav\u00eda no ganamos nada&#8221;"},"content":{"rendered":"\n<p>\u201cTodav\u00eda no ganamos nada\u201d, advirti\u00f3 hoy el economista Carlos Melconian, al se\u00f1alar que el r\u00e9gimen cambiario actual y el cepo \u201cno van m\u00e1s\u201d.<\/p>\n\n\n\n<p>Melconian volvi\u00f3 a criticar la marcha del plan de Luis Caputo y cuesti\u00f3n que el gobierno de Javier Milei saliera a festejar la desaceleraci\u00f3n de la inflaci\u00f3n, al 3,5% en septiembre.&nbsp;<\/p>\n\n\n\n<p>Acus\u00f3 al gobierno de tener medidas cortoplacistas y advirti\u00f3 que el r\u00e9gimen cambiario actual y el control de cepo, &#8220;no van m\u00e1s&#8221;.<\/p>\n\n\n\n<p>&#8220;Todav\u00eda no ganamos nada. Me pongo de pie, me pongo de pie, pero todav\u00eda no ganamos nada&#8221;, asegur\u00f3.<\/p>\n\n\n\n<p>Tambi\u00e9n alert\u00f3 que la &#8220;euforia&#8221; puede llevar a decisiones que no son sostenibles en el largo plazo.<\/p>\n\n\n\n<p>Seg\u00fan Melconian, la mitad de la econom\u00eda est\u00e1 en negativo, con sectores como la industria extractiva y el campo, que experimentaron un crecimiento desigual.&nbsp;<\/p>\n\n\n\n<p>Y, si bien algunos indicadores parecen mejorar, hay \u00e1reas que a\u00fan est\u00e1n en la base de la &#8220;L&#8221; en t\u00e9rminos de crecimiento.<\/p>\n\n\n\n<p>Durante una entrevista con TN, Melconian dijo que no hay una recuperaci\u00f3n &#8220;U&#8221; completa, porque no reactivan todos los sectores a la par, e incluso &#8220;algunos sectores han reactivado un poco por cr\u00e9dito o por la ca\u00edda de ciertos precios&#8221;, pero esto no es suficiente para sostener una recuperaci\u00f3n robusta.<\/p>\n\n\n\n<p>Dijo que el desaf\u00edo actual es acompa\u00f1ar las medidas estructurales con pol\u00edticas heterodoxas que alivien el impacto social de las reformas.&nbsp;<\/p>\n\n\n\n<p>&#8220;No se puede lanzar un programa de estabilidad sin que todos los precios est\u00e9n alineados&#8221;, sostuvo.<\/p>\n\n\n\n<p>Sobre el tipo de cambio, neg\u00f3 que haya que devaluar, sin embargo, se\u00f1al\u00f3 que para que Argentina logre estabilidad, ser\u00e1 necesario mejorar su competitividad y eficiencia.&nbsp;<\/p>\n\n\n\n<p>Melconian aclar\u00f3 que no se trata de forzar una apreciaci\u00f3n inmediata del tipo de cambio, sino de generar las condiciones adecuadas para que esto ocurra de manera sostenible.<\/p>\n\n\n\n<p>El economista dijo que el equipo econ\u00f3mico debe ser capaz de confrontar al presidente cuando las medidas no sean adecuadas.&nbsp;<\/p>\n\n\n\n<p>&#8220;El equipo tiene que animarse a decirle al presidente, &#8216;esto no es lo correcto'&#8221;, asegur\u00f3.<\/p>\n\n\n\n<p>fuente: NA<\/p>\n","protected":false},"excerpt":{"rendered":"<p>\u201cTodav\u00eda no ganamos nada\u201d, advirti\u00f3 hoy el economista Carlos Melconian, al se\u00f1alar que el r\u00e9gimen cambiario actual y el cepo \u201cno van m\u00e1s\u201d. Melconian volvi\u00f3 a criticar la marcha del&hellip; <\/p>\n","protected":false},"author":2,"featured_media":34104,"comment_status":"closed","ping_status":"open","sticky":false,"template":"","format":"standard","meta":{"footnotes":""},"categories":[28,20],"tags":[],"class_list":["post-34103","post","type-post","status-publish","format-standard","has-post-thumbnail","hentry","category-destacada","category-politica"],"_links":{"self":[{"href":"https:\/\/eenergetica.com.ar\/index.php\/wp-json\/wp\/v2\/posts\/34103","targetHints":{"allow":["GET"]}}],"collection":[{"href":"https:\/\/eenergetica.com.ar\/index.php\/wp-json\/wp\/v2\/posts"}],"about":[{"href":"https:\/\/eenergetica.com.ar\/index.php\/wp-json\/wp\/v2\/types\/post"}],"author":[{"embeddable":true,"href":"https:\/\/eenergetica.com.ar\/index.php\/wp-json\/wp\/v2\/users\/2"}],"replies":[{"embeddable":true,"href":"https:\/\/eenergetica.com.ar\/index.php\/wp-json\/wp\/v2\/comments?post=34103"}],"version-history":[{"count":1,"href":"https:\/\/eenergetica.com.ar\/index.php\/wp-json\/wp\/v2\/posts\/34103\/revisions"}],"predecessor-version":[{"id":34105,"href":"https:\/\/eenergetica.com.ar\/index.php\/wp-json\/wp\/v2\/posts\/34103\/revisions\/34105"}],"wp:featuredmedia":[{"embeddable":true,"href":"https:\/\/eenergetica.com.ar\/index.php\/wp-json\/wp\/v2\/media\/34104"}],"wp:attachment":[{"href":"https:\/\/eenergetica.com.ar\/index.php\/wp-json\/wp\/v2\/media?parent=34103"}],"wp:term":[{"taxonomy":"category","embeddable":true,"href":"https:\/\/eenergetica.com.ar\/index.php\/wp-json\/wp\/v2\/categories?post=34103"},{"taxonomy":"post_tag","embeddable":true,"href":"https:\/\/eenergetica.com.ar\/index.php\/wp-json\/wp\/v2\/tags?post=34103"}],"curies":[{"name":"wp","href":"https:\/\/api.w.org\/{rel}","templated":true}]}}