{"id":33805,"date":"2024-10-01T07:24:00","date_gmt":"2024-10-01T10:24:00","guid":{"rendered":"http:\/\/eenergetica.com.ar\/?p=33805"},"modified":"2024-09-30T21:29:46","modified_gmt":"2024-10-01T00:29:46","slug":"laboratorios-bago-argentina-presento-su-reporte-de-sustentabilidad","status":"publish","type":"post","link":"https:\/\/eenergetica.com.ar\/index.php\/2024\/10\/01\/laboratorios-bago-argentina-presento-su-reporte-de-sustentabilidad\/","title":{"rendered":"Laboratorios Bag\u00f3 Argentina present\u00f3 su reporte de sustentabilidad"},"content":{"rendered":"\n<p>Laboratorios Bag\u00f3 present\u00f3 su nuevo Reporte de Sustentabilidad estructurado sobre los ejes de desarrollo econ\u00f3mico, medioambiental y de transformaci\u00f3n social, con la \u00e9tica y la integridad como principios centrales de su modo de trabajar como organizaci\u00f3n.<\/p>\n\n\n\n<p>El documento fue elaborado de acuerdo a los est\u00e1ndares GRI (Global Reporting Initiative \u2013 Versi\u00f3n 2021) y a los desaf\u00edos que plantean los Objetivos de Desarrollo Sostenible (ODS) de Naciones Unidas. Adem\u00e1s, resume los indicadores e iniciativas logradas por la compa\u00f1\u00eda basadas en su Estrategia de Sustentabilidad.<\/p>\n\n\n\n<p><em>\u201cEste reporte muestra los grandes desaf\u00edos y logros del a\u00f1o 2023 enfocados en generar valor y contribuir al desarrollo socioecon\u00f3mico de nuestro pa\u00eds con impacto positivo en la vida de las personas\u201d,<\/em>&nbsp;sostiene&nbsp;<strong>Edgardo V\u00e1zquez<\/strong>,&nbsp;<strong>Gerente General de Laboratorios Bag\u00f3<\/strong>, y agrega<em>&nbsp;\u201cRefleja la vocaci\u00f3n y el compromiso de nuestros equipos por aplicar toda nuestra experiencia para seguir evolucionando\u201d<\/em>.<\/p>\n\n\n\n<p>Por su parte,&nbsp;<strong>Hern\u00e1n Da Cunha, Director de Relaciones Institucionales<\/strong>, destac\u00f3 los ejes definidos en la Estrategia de Sustentabilidad presentada durante el 2023, que prioriza los temas m\u00e1s relevantes que la compa\u00f1\u00eda viene desarrollando para impactar positivamente en las comunidades y dar respuesta a las expectativas que los grupos de inter\u00e9s tienen sobre Bag\u00f3 como actor social responsable.&nbsp;<\/p>\n\n\n\n<p><em>\u201cNuestra Estrategia de Sustentabilidad nos permite integrar las necesidades de los diferentes p\u00fablicos, alinear capacidades y plantear nuevos desaf\u00edos para potenciar nuestro impacto positivo en la sociedad principalmente contribuyendo desde el \u00e1mbito de la salud<\/em>\u201d dijo Hern\u00e1n Da Cunha.<\/p>\n\n\n\n<p><strong>Ejes estrat\u00e9gicos y datos destacados del Reporte de Sustentabilidad 2023<\/strong><\/p>\n\n\n\n<p><strong>Desarrollo econ\u00f3mico y gobierno corporativo<\/strong><\/p>\n\n\n\n<p>Con la \u00e9tica y la integridad como principios fundamentales, desarrollamos nuestra actividad industrial con una mirada a largo plazo centrada en el aporte al crecimiento del pa\u00eds (empleo calificado, condiciones dignas de empleo, mayor bienestar para la comunidad) que contempla el impacto sobre comunidades y sustentabilidad del planeta.<\/p>\n\n\n\n<p>Destacados:<\/p>\n\n\n\n<ul class=\"wp-block-list\">\n<li><strong>4 unidades de negocio\u00a0<\/strong>orientadas a las necesidades del mercado<\/li>\n\n\n\n<li><strong>58 millones de unidades estuchadas<\/strong><\/li>\n\n\n\n<li><strong>999 proveedores<\/strong>, de los cuales\u00a0<strong>el 75% son proveedores de la comunidad local<\/strong>\u00a0(compras indirectas).<\/li>\n<\/ul>\n\n\n\n<p><strong>Transformaci\u00f3n social<\/strong><\/p>\n\n\n\n<p>Buscamos satisfacer las necesidades de grupos vulnerables de la comunidad para transformar positivamente la realidad de las personas. Para concretar esa transformaci\u00f3n, se trabajan iniciativas centradas tanto en la&nbsp;<strong>comunidad<\/strong>&nbsp;en general, como as\u00ed tambi\u00e9n en los&nbsp;<strong>colegas de la compa\u00f1\u00eda<\/strong>.<\/p>\n\n\n\n<p>Destacados:<\/p>\n\n\n\n<ul class=\"wp-block-list\">\n<li><strong>+ $120 millones en donaciones<\/strong>\u00a0para potenciar el sector social en temas de salud, educaci\u00f3n, cultura e inclusi\u00f3n social (+40% Vs inversi\u00f3n 2022)<\/li>\n\n\n\n<li><strong>+60 alianzas<\/strong>\u00a0con Organizaciones de la Sociedad Civil<\/li>\n\n\n\n<li>21.4800 horas de capacitaci\u00f3n<\/li>\n\n\n\n<li>224 Voluntarios Bag\u00f3, 1.692 horas donadas<\/li>\n\n\n\n<li>Certificaci\u00f3n\u00a0<strong>Great Place to Work<\/strong>\u00a0como una gran empresa para trabajar<\/li>\n<\/ul>\n\n\n\n<p><strong>Gesti\u00f3n ambiental responsable<\/strong><\/p>\n\n\n\n<p>El progreso econ\u00f3mico y social impulsado por cada una de las personas y comunidades implica un impacto -una huella- en el medioambiente. En Bag\u00f3 trabajamos para optimizar el modelo de producci\u00f3n y nos enfocamos en ser parte de la transici\u00f3n hacia un modelo cada vez m\u00e1s sustentable. Por ello, potenciamos procesos y mecanismos de acci\u00f3n m\u00e1s eficientes y responsables para el uso cuidadoso de los recursos y materiales.<\/p>\n\n\n\n<p>Destacados<\/p>\n\n\n\n<ul class=\"wp-block-list\">\n<li><strong>Agua:\u00a0<\/strong>es un recurso important\u00edsimo, tambi\u00e9n en la industria farmac\u00e9utica ya que se la utiliza, con distintos grados de pureza (potable, purificada y de calidad inyectable), principalmente como materia prima y para las instancias de lavado en todo el proceso productivo. Durante el a\u00f1o 2023, logramos una\u00a0<strong>reducci\u00f3n del 15% en el consumo de agua en nuestra producci\u00f3n<\/strong>\u00a0(equivalente a 14.052 m3)<\/li>\n\n\n\n<li>Adem\u00e1s, se\u00a0<strong>recuperaron y reutilizaron 21.112.000 litros de agua<\/strong>\u00a0de dos procesos de filtrado (\u00d3smosis Inversa y Nanofiltraci\u00f3n) necesarios para nuestros procesos productivos. El agua recuperada abastece la cisterna para incendios, sanitarios y la planta de tratamiento de efluentes.<\/li>\n<\/ul>\n\n\n\n<ul class=\"wp-block-list\">\n<li><strong>Energ\u00eda:<\/strong>\u00a0En l\u00ednea con los objetivos del Plan de Eficiencia Energ\u00e9tica propuesto por la compa\u00f1\u00eda, durante el a\u00f1o 2023, el\u00a0<strong>consumo total de electricidad<\/strong>\u00a0correspondiente a las plantas fue de 9.298.700 KWh, un\u00a0<strong>10,5 % menor\u00a0<\/strong>que en 2022. En cuanto al\u00a0<strong>consumo total de gas<\/strong>\u00a0correspondiente a la producci\u00f3n fue de 597.858 m3, un\u00a0<strong>20,3 % menor\u00a0<\/strong>que en 2022<\/li>\n\n\n\n<li>Durante el a\u00f1o 2023,\u00a0<strong>redujimos un 7% el consumo energ\u00e9tico en Planta La Plata, y un 16% en Planta La Rioja\u00a0<\/strong>mediante la implementaci\u00f3n de un Plan de Reducci\u00f3n del Uso de Energ\u00eda en las instalaciones y en los procesos productivos.<\/li>\n\n\n\n<li>Adem\u00e1s continu\u00f3 el proceso de\u00a0<strong>transformaci\u00f3n tecnol\u00f3gica<\/strong>\u00a0con la incorporaci\u00f3n de nuevo equipamiento y aplicaciones digitales que potencian el uso eficiente de los recursos energ\u00e9ticos y la sustentabilidad en los procesos productivos.<\/li>\n<\/ul>\n","protected":false},"excerpt":{"rendered":"<p>Laboratorios Bag\u00f3 present\u00f3 su nuevo Reporte de Sustentabilidad estructurado sobre los ejes de desarrollo econ\u00f3mico, medioambiental y de transformaci\u00f3n social, con la \u00e9tica y la integridad como principios centrales de&hellip; <\/p>\n","protected":false},"author":2,"featured_media":33806,"comment_status":"closed","ping_status":"open","sticky":false,"template":"","format":"standard","meta":{"footnotes":""},"categories":[22],"tags":[],"class_list":["post-33805","post","type-post","status-publish","format-standard","has-post-thumbnail","hentry","category-sociedad"],"_links":{"self":[{"href":"https:\/\/eenergetica.com.ar\/index.php\/wp-json\/wp\/v2\/posts\/33805","targetHints":{"allow":["GET"]}}],"collection":[{"href":"https:\/\/eenergetica.com.ar\/index.php\/wp-json\/wp\/v2\/posts"}],"about":[{"href":"https:\/\/eenergetica.com.ar\/index.php\/wp-json\/wp\/v2\/types\/post"}],"author":[{"embeddable":true,"href":"https:\/\/eenergetica.com.ar\/index.php\/wp-json\/wp\/v2\/users\/2"}],"replies":[{"embeddable":true,"href":"https:\/\/eenergetica.com.ar\/index.php\/wp-json\/wp\/v2\/comments?post=33805"}],"version-history":[{"count":1,"href":"https:\/\/eenergetica.com.ar\/index.php\/wp-json\/wp\/v2\/posts\/33805\/revisions"}],"predecessor-version":[{"id":33807,"href":"https:\/\/eenergetica.com.ar\/index.php\/wp-json\/wp\/v2\/posts\/33805\/revisions\/33807"}],"wp:featuredmedia":[{"embeddable":true,"href":"https:\/\/eenergetica.com.ar\/index.php\/wp-json\/wp\/v2\/media\/33806"}],"wp:attachment":[{"href":"https:\/\/eenergetica.com.ar\/index.php\/wp-json\/wp\/v2\/media?parent=33805"}],"wp:term":[{"taxonomy":"category","embeddable":true,"href":"https:\/\/eenergetica.com.ar\/index.php\/wp-json\/wp\/v2\/categories?post=33805"},{"taxonomy":"post_tag","embeddable":true,"href":"https:\/\/eenergetica.com.ar\/index.php\/wp-json\/wp\/v2\/tags?post=33805"}],"curies":[{"name":"wp","href":"https:\/\/api.w.org\/{rel}","templated":true}]}}