{"id":33393,"date":"2024-09-11T12:25:35","date_gmt":"2024-09-11T15:25:35","guid":{"rendered":"http:\/\/eenergetica.com.ar\/?p=33393"},"modified":"2024-09-11T12:28:44","modified_gmt":"2024-09-11T15:28:44","slug":"organizaciones-de-jubilados-la-cgt-y-movimientos-sociales-marcharan-frente-al-congreso","status":"publish","type":"post","link":"https:\/\/eenergetica.com.ar\/index.php\/2024\/09\/11\/organizaciones-de-jubilados-la-cgt-y-movimientos-sociales-marcharan-frente-al-congreso\/","title":{"rendered":"Organizaciones de jubilados, la CGT y movimientos sociales marchar\u00e1n frente al Congreso"},"content":{"rendered":"\n<p>Agrupaciones de jubilados, la CGT, el Polo Obrero, organizaciones de izquierda, las CTA y movimientos sociales marchar\u00e1n este mi\u00e9rcoles frente al Congreso de la Naci\u00f3n contra el&nbsp;<a href=\"https:\/\/noticiasargentinas.com\/politica\/el-gobierno-publico-el-veto-total-a-la-ley-de-movilidad-jubilatoria_a66d5b1c9f6ebb48b54f71044\">veto presidencial a la Ley de Movilidad Jubilatoria.<\/a><\/p>\n\n\n\n<p>A partir de las 13 comenzar\u00e1 la convocatoria, mientras que&nbsp;<a href=\"https:\/\/noticiasargentinas.com\/politica\/jubilados--sin-los-dos-tercios-para-voltear-el-veto-de-milei--la-ucr-evalua-una-insistencia-parcial-pero-up-cree-que-no-se-puede_a66e0c8339dc4bf849fa21795\">en Diputados se llevar\u00e1 a cabo una sesi\u00f3n especial<\/a>&nbsp;desde las 11 en la que la oposici\u00f3n intentar\u00e1 revertir la decisi\u00f3n del Ejecutivo.<\/p>\n\n\n\n<p>Piqueteros y sectores sindicales se sumaron a las organizaciones de jubilados que todos los mi\u00e9rcoles convocan a concentrarse frente al Anexo del Congreso de la Naci\u00f3n. Esta vez la protesta se realizar\u00e1 en la Plaza Congreso, ubicada sobre la Avenida Entre R\u00edos entre Callao e Hip\u00f3lito Yrigoyen.<\/p>\n\n\n\n<p>Dirigentes sociales, piqueteros y sindicales aseguraron que est\u00e1n dispuestos a desafiar a las fuerzas de seguridad en el caso de que se aplique el&nbsp;<a href=\"https:\/\/noticiasargentinas.com\/politica\/reprimieron-a-los-jubilados-frente-al-congreso-durante-una-protesta-contra-el-veto_a66d8b309a135a47c167f14b5\">protocolo antipiquetes,<\/a>&nbsp;como sucedi\u00f3 en la marcha anterior. Desde la cartera de Seguridad advirtieron que las fuerzas federales van a desplegar un operativo para evitar el corte de arterias y la circulaci\u00f3n vehicular.<\/p>\n\n\n\n<p>El l\u00edder del Polo Obrero y referente de la Unidad Piquetera, Eduardo Belliboni; el Secretario General de la CTA Aut\u00f3noma, Hugo \u201cCachorro\u201d Godoy; y el Secretario General de la Central de Trabajadores de la Argentina, Hugo Yasky, son los principales referentes de esta convocatoria a la que adhirieron las organizaciones nucleadas en la Uni\u00f3n Trabajadores de la Econom\u00eda Popular (UTEP) entre las que se encuentran el Movimiento Evita, Barrios de Pie, La Corriente Clasista y Combativa (CCC) y el Movimiento de Trabajadores Excluidos.<\/p>\n\n\n\n<p><a href=\"https:\/\/noticiasargentinas.com\/politica\/derrota-para-el-gobierno--el-senado-aprobo-el-proyecto-que-aumenta-las-jubilaciones-y-modifica-su-formula-de-actualizacion_a66c74de873c4e73bf67f57a0\"><strong>La ley vetada, que fue sancionada por el Senado<\/strong><\/a><strong>&nbsp;el 22 de agosto por dos tercios (con 61 votos positivos y 8 negativos) establec\u00eda una recomposici\u00f3n del 8,1% en las jubilaciones.<\/strong>&nbsp;Pero diez d\u00edas despu\u00e9s, el 2 de septiembre, el Poder Ejecutivo Nacional (PEN) vet\u00f3 totalmente la ley.<\/p>\n\n\n\n<p>fuente: NA<\/p>\n","protected":false},"excerpt":{"rendered":"<p>Agrupaciones de jubilados, la CGT, el Polo Obrero, organizaciones de izquierda, las CTA y movimientos sociales marchar\u00e1n este mi\u00e9rcoles frente al Congreso de la Naci\u00f3n contra el&nbsp;veto presidencial a la&hellip; <\/p>\n","protected":false},"author":2,"featured_media":33397,"comment_status":"closed","ping_status":"open","sticky":false,"template":"","format":"standard","meta":{"footnotes":""},"categories":[28,20],"tags":[],"class_list":["post-33393","post","type-post","status-publish","format-standard","has-post-thumbnail","hentry","category-destacada","category-politica"],"_links":{"self":[{"href":"https:\/\/eenergetica.com.ar\/index.php\/wp-json\/wp\/v2\/posts\/33393","targetHints":{"allow":["GET"]}}],"collection":[{"href":"https:\/\/eenergetica.com.ar\/index.php\/wp-json\/wp\/v2\/posts"}],"about":[{"href":"https:\/\/eenergetica.com.ar\/index.php\/wp-json\/wp\/v2\/types\/post"}],"author":[{"embeddable":true,"href":"https:\/\/eenergetica.com.ar\/index.php\/wp-json\/wp\/v2\/users\/2"}],"replies":[{"embeddable":true,"href":"https:\/\/eenergetica.com.ar\/index.php\/wp-json\/wp\/v2\/comments?post=33393"}],"version-history":[{"count":1,"href":"https:\/\/eenergetica.com.ar\/index.php\/wp-json\/wp\/v2\/posts\/33393\/revisions"}],"predecessor-version":[{"id":33395,"href":"https:\/\/eenergetica.com.ar\/index.php\/wp-json\/wp\/v2\/posts\/33393\/revisions\/33395"}],"wp:featuredmedia":[{"embeddable":true,"href":"https:\/\/eenergetica.com.ar\/index.php\/wp-json\/wp\/v2\/media\/33397"}],"wp:attachment":[{"href":"https:\/\/eenergetica.com.ar\/index.php\/wp-json\/wp\/v2\/media?parent=33393"}],"wp:term":[{"taxonomy":"category","embeddable":true,"href":"https:\/\/eenergetica.com.ar\/index.php\/wp-json\/wp\/v2\/categories?post=33393"},{"taxonomy":"post_tag","embeddable":true,"href":"https:\/\/eenergetica.com.ar\/index.php\/wp-json\/wp\/v2\/tags?post=33393"}],"curies":[{"name":"wp","href":"https:\/\/api.w.org\/{rel}","templated":true}]}}